{"id":90078,"date":"2025-01-14T06:44:32","date_gmt":"2025-01-14T05:44:32","guid":{"rendered":"https:\/\/www.brennerbasisdemokratie.eu\/?p=90078"},"modified":"2025-04-02T12:21:29","modified_gmt":"2025-04-02T10:21:29","slug":"lungodegenti-fondamentale-la-concordanza-linguistica","status":"publish","type":"post","link":"https:\/\/www.brennerbasisdemokratie.eu\/?p=90078","title":{"rendered":"Lungodegenti, fondamentale la concordanza linguistica."},"content":{"rendered":"<p>A met\u00e0 novembre, l&#8217;universit\u00e0 di Ottawa, in Canada, ha pubblicato i risultati di una ricerca sulla \u00abconcordanza linguistica e culturale\u00bb in ambito sanitario, effettuata retrospettivamente su un vasto campione di pazienti su un periodo di quasi 10 anni. Analizzando la situazione di 198.729 residenti in strutture per lungodegenti nella provincia \u2014 a maggioranza anglofona \u2014 dell&#8217;Ontario, i pazienti di madrelingua francese dimostrano una probabilit\u00e0 pi\u00f9 elevata del 15% di vedersi somministrare inappropriatamente degli antipsicotici, rispetto a chi \u00e8 di madrelingua inglese. Tale valore supera perfino quello dei pazienti alloglotti, la cui probabilit\u00e0 \u00e8 \u00absolo\u00bb dell&#8217;11% superiore a quella degli anglofoni. Gli antipsicotici si caratterizzano per degli effetti collaterali significativi (perdita di equilibrio con rischio di cadute, diabete, malattie cardiovascolari ecc.), per cui non vengono solitamente prescritti con leggerezza.<\/p>\n<p>Pur trovandosi in una provincia in cui i francofoni non arrivano al 5% della popolazione totale, secondo la ricerca il 58,7% dei pazienti di lingua francese riceveva i servizi medici nella propria lingua. Altrimenti con ogni probabilit\u00e0 le somministrazioni inappropriate sarebbero state molte di pi\u00f9.<\/p>\n<p>La concordanza linguistica tra pazienti e chi li cura \u00e8 ormai riconosciuta come un fattore sociale essenziale per la salute e la buona riuscita delle terapie. Le barriere linguistiche invece rappresentano un vero e proprio pericolo di vita.<\/p>\n<p>In Sudtirolo <a title=\"\u00d6ffentliche Dienste verweigern deutsche Sprache.\" href=\"https:\/\/www.brennerbasisdemokratie.eu\/?p=83630\">i dati disponibili<\/a> confermano che i pazienti di madrelingua tedesca \u2014 e, verosimilmente, ancor pi\u00f9 quelli di lingua ladina \u2014 incontrano difficolt\u00e0 crescenti a farsi curare nella propria lingua, il che pu\u00f2 avere conseguenze fatali.<\/p>\n<p><strong><span style=\"font-family: Helvetica, Arial, sans-serif; text-transform: uppercase;\">C\u00ebla enghe:<\/span><\/strong> <a title=\"Language Barriers in Health Care.\" href=\"https:\/\/www.brennerbasisdemokratie.eu\/?p=48634\"><code>01<\/code><\/a> <a title=\"Esiti migliori se medico e paziente condividono la madrelingua.\" href=\"https:\/\/www.brennerbasisdemokratie.eu\/?p=73280\"><code>02<\/code><\/a> <a title=\"Packungsbeilagen in Kanada: zweisprachig.\" href=\"https:\/\/www.brennerbasisdemokratie.eu\/?p=43140\"><code>03<\/code><\/a> <a title=\"Monolinguismo, Trudeau chiede scusa.\" href=\"https:\/\/www.brennerbasisdemokratie.eu\/?p=56963\"><code>04<\/code><\/a> <a title=\"Repetto (PD): Sanit\u00e0, bilinguismo superfluo.\" href=\"https:\/\/www.brennerbasisdemokratie.eu\/?p=50483\"><code>05<\/code><\/a> <a title=\"Medici e professionisti si impegnano per la lingua catalana.\" href=\"https:\/\/www.brennerbasisdemokratie.eu\/?p=85234\"><code>06<\/code><\/a> <a title=\"Medizin: Fehler und Kommunikation.\" href=\"https:\/\/www.brennerbasisdemokratie.eu\/?p=62560\"><code>07<\/code><\/a> <span style=\"font-family: Helvetica, Arial, sans-serif; font-weight: normal;\">||<\/span> <a title=\"Zugewandte \u00c4rztinnen.\" href=\"https:\/\/www.brennerbasisdemokratie.eu\/?p=90691\"><span style=\"color: #ff8c00\"><code>01<\/code><\/span><\/a><\/p>","protected":false},"excerpt":{"rendered":"<p>A met\u00e0 novembre, l&#8217;universit\u00e0 di Ottawa, in Canada, ha pubblicato i risultati di una ricerca sulla \u00abconcordanza linguistica e culturale\u00bb in ambito sanitario, effettuata retrospettivamente su un vasto campione di pazienti su un periodo di quasi 10 anni. Analizzando la situazione di 198.729 residenti in strutture per lungodegenti nella provincia \u2014 a maggioranza anglofona \u2014 [&hellip;]<\/p>","protected":false},"author":1,"featured_media":0,"comment_status":"open","ping_status":"open","sticky":false,"template":"","format":"standard","meta":{"_crdt_document":"","ngg_post_thumbnail":0,"_jetpack_memberships_contains_paid_content":false,"footnotes":""},"categories":[1],"tags":[],"class_list":["post-90078","post","type-post","status-publish","format-standard","hentry","category-allgemein","issue-bilinguismo-negato","location-canada","location-sudtirolo","language-italiano","topic-gesundheit","topic-minderheitenschutz","topic-plurilinguism","topic-statistik","topic-wissenschaft"],"jetpack_featured_media_url":"","jetpack_sharing_enabled":true,"_links":{"self":[{"href":"https:\/\/www.brennerbasisdemokratie.eu\/index.php?rest_route=\/wp\/v2\/posts\/90078","targetHints":{"allow":["GET"]}}],"collection":[{"href":"https:\/\/www.brennerbasisdemokratie.eu\/index.php?rest_route=\/wp\/v2\/posts"}],"about":[{"href":"https:\/\/www.brennerbasisdemokratie.eu\/index.php?rest_route=\/wp\/v2\/types\/post"}],"author":[{"embeddable":true,"href":"https:\/\/www.brennerbasisdemokratie.eu\/index.php?rest_route=\/wp\/v2\/users\/1"}],"replies":[{"embeddable":true,"href":"https:\/\/www.brennerbasisdemokratie.eu\/index.php?rest_route=%2Fwp%2Fv2%2Fcomments&post=90078"}],"version-history":[{"count":9,"href":"https:\/\/www.brennerbasisdemokratie.eu\/index.php?rest_route=\/wp\/v2\/posts\/90078\/revisions"}],"predecessor-version":[{"id":91089,"href":"https:\/\/www.brennerbasisdemokratie.eu\/index.php?rest_route=\/wp\/v2\/posts\/90078\/revisions\/91089"}],"wp:attachment":[{"href":"https:\/\/www.brennerbasisdemokratie.eu\/index.php?rest_route=%2Fwp%2Fv2%2Fmedia&parent=90078"}],"wp:term":[{"taxonomy":"category","embeddable":true,"href":"https:\/\/www.brennerbasisdemokratie.eu\/index.php?rest_route=%2Fwp%2Fv2%2Fcategories&post=90078"},{"taxonomy":"post_tag","embeddable":true,"href":"https:\/\/www.brennerbasisdemokratie.eu\/index.php?rest_route=%2Fwp%2Fv2%2Ftags&post=90078"}],"curies":[{"name":"wp","href":"https:\/\/api.w.org\/{rel}","templated":true}]}}