{"id":90108,"date":"2025-01-16T22:21:04","date_gmt":"2025-01-16T21:21:04","guid":{"rendered":"https:\/\/www.brennerbasisdemokratie.eu\/?p=90108"},"modified":"2025-01-16T22:23:45","modified_gmt":"2025-01-16T21:23:45","slug":"bald-auch-kein-rechnungshof-mehr","status":"publish","type":"post","link":"https:\/\/www.brennerbasisdemokratie.eu\/?p=90108","title":{"rendered":"Bald auch kein Rechnungshof mehr?"},"content":{"rendered":"<p>W\u00e4hrend die Wiederherstellung der beschnittenen Zust\u00e4ndigkeiten kaum vom Fleck kommt und die italienischen Rechtsparteien <a title=\"Wiederherstellung durch Aush\u00f6hlung.\" href=\"https:\/\/www.brennerbasisdemokratie.eu\/?p=89038\">im Gegenzug eine Schw\u00e4chung des Minderheitenschutzes fordern<\/a>, steht die Autonomie schon wieder unter Beschuss. So schwebt der italienischen Regierung von Giorgia Meloni (<abbr title=\"Fratelli d\u2019Italia\">FdI<\/abbr>) offenbar eine Zentralisierung der Rechnungsh\u00f6fe vor, der unter anderem auch die Sitze von Bozen und Trient zum Opfer fallen w\u00fcrden. Der f\u00fcr S\u00fcdtirol zust\u00e4ndige Rechnungshof w\u00e4re dann jener in Venedig. Dieses Ansinnen widerspricht einer 1988 erlassenen Durchf\u00fchrungsbestimmung (DFB) zum Autonomiestatut und w\u00fcrde den Rechnungshof sowohl der Zweisprachigkeitspflicht als auch dem Proporz entziehen. Dar\u00fcber hinaus m\u00fcssten sich S\u00fcdtirolerinnen, die sich vor dem Rechnungshof zu verantworten haben, jedes Mal nach Venedig begeben.<\/p>\n<p>Je mehr Infrastruktur abgezogen wird, desto mehr verkommt S\u00fcdtirol zur Peripherie. Nicht zuletzt gehen qualifizierte Arbeitspl\u00e4tze verloren.<\/p>\n<p>Wie hierzulande zudem die Kontrollt\u00e4tigkeit aussehen soll, wenn keinerlei deutsche Sprachkompetenzen mehr vorhanden sind, erscheint zudem fraglich.<\/p>\n<p><abbr title=\"S\u00fcdtiroler Volkspartei\">SVP<\/abbr>-Senator Meinhard Durnwalder sagt <a title=\"Rai S\u00fcdtirol: Wird der Rechnungshof nach Venedig verlegt?\" href=\"https:\/\/www.rainews.it\/tgr\/tagesschau\/articoli\/2025\/01\/wird-der-rechnungshof-nach-venedig-verlegt-5741979c-1190-41a7-ac3e-5fda330fc335.html\" target=\"_blank\" rel=\"noopener\">laut <em>Rai S\u00fcdtirol<\/em><\/a><em>,<\/em> dass eine Verfassungsbeschwerde gegen die Missachtung einer DFB voraussichtlich erfolgreich w\u00e4re. Doch erstens kann man sich bei der zentralistischen Rechtssprechung des italienischen Verfassungsgerichts nie sicher sein und zweitens muss sich S\u00fcdtirol dann wieder einmal Monate oder gar Jahre lang mit der (auch nicht kostenlosen) Abwehr eines R\u00fcckschritts befassen, anstatt endlich an Fortschritten in Richtung mehr Eigenregierung zu arbeiten.<\/p>\n<p>Bestenfalls ist das also ein stillstandsf\u00f6rdernder Zeit- und Energieverlust.<\/p>\n<p><strong><span style=\"font-family: Helvetica, Arial, sans-serif; text-transform: uppercase;\">C\u00ebla enghe:<\/span><\/strong> <a title=\"Justiz-Triveneto.\" href=\"https:\/\/www.brennerbasisdemokratie.eu\/?p=10404\"><code>01<\/code><\/a> <a title=\"Einsprachigkeit, LH deckt den Rechnungshof.\" href=\"https:\/\/www.brennerbasisdemokratie.eu\/?p=52960\"><code>02<\/code><\/a> <a title=\"Landes- statt regionalem Rechnungshof?\" href=\"https:\/\/www.brennerbasisdemokratie.eu\/?p=50294\"><code>03<\/code><\/a><\/p>","protected":false},"excerpt":{"rendered":"<p>W\u00e4hrend die Wiederherstellung der beschnittenen Zust\u00e4ndigkeiten kaum vom Fleck kommt und die italienischen Rechtsparteien im Gegenzug eine Schw\u00e4chung des Minderheitenschutzes fordern, steht die Autonomie schon wieder unter Beschuss. So schwebt der italienischen Regierung von Giorgia Meloni (FdI) offenbar eine Zentralisierung der Rechnungsh\u00f6fe vor, der unter anderem auch die Sitze von Bozen und Trient zum Opfer [&hellip;]<\/p>","protected":false},"author":1,"featured_media":0,"comment_status":"open","ping_status":"open","sticky":false,"template":"","format":"standard","meta":{"_crdt_document":"","ngg_post_thumbnail":0,"_jetpack_memberships_contains_paid_content":false,"footnotes":""},"categories":[1],"tags":[],"class_list":["post-90108","post","type-post","status-publish","format-standard","hentry","category-allgemein","entity-fdi","entity-staat-italien","entity-svp","entity-verfassungsgericht","issue-proporz","location-italy","location-sudtirolo","location-trentino","location-venetien","language-deutsch","medium-rai","person-giorgia-meloni","person-meinhard-durnwalder","topic-justiz","topic-plurilinguism","topic-politik","topic-servicepublic","topic-staatland","topic-vorzeigeautonomie","topic-wirtschaft","topic-zentralismus","topic-zustaendigkeiten"],"jetpack_featured_media_url":"","jetpack_sharing_enabled":true,"_links":{"self":[{"href":"https:\/\/www.brennerbasisdemokratie.eu\/index.php?rest_route=\/wp\/v2\/posts\/90108","targetHints":{"allow":["GET"]}}],"collection":[{"href":"https:\/\/www.brennerbasisdemokratie.eu\/index.php?rest_route=\/wp\/v2\/posts"}],"about":[{"href":"https:\/\/www.brennerbasisdemokratie.eu\/index.php?rest_route=\/wp\/v2\/types\/post"}],"author":[{"embeddable":true,"href":"https:\/\/www.brennerbasisdemokratie.eu\/index.php?rest_route=\/wp\/v2\/users\/1"}],"replies":[{"embeddable":true,"href":"https:\/\/www.brennerbasisdemokratie.eu\/index.php?rest_route=%2Fwp%2Fv2%2Fcomments&post=90108"}],"version-history":[{"count":3,"href":"https:\/\/www.brennerbasisdemokratie.eu\/index.php?rest_route=\/wp\/v2\/posts\/90108\/revisions"}],"predecessor-version":[{"id":90111,"href":"https:\/\/www.brennerbasisdemokratie.eu\/index.php?rest_route=\/wp\/v2\/posts\/90108\/revisions\/90111"}],"wp:attachment":[{"href":"https:\/\/www.brennerbasisdemokratie.eu\/index.php?rest_route=%2Fwp%2Fv2%2Fmedia&parent=90108"}],"wp:term":[{"taxonomy":"category","embeddable":true,"href":"https:\/\/www.brennerbasisdemokratie.eu\/index.php?rest_route=%2Fwp%2Fv2%2Fcategories&post=90108"},{"taxonomy":"post_tag","embeddable":true,"href":"https:\/\/www.brennerbasisdemokratie.eu\/index.php?rest_route=%2Fwp%2Fv2%2Ftags&post=90108"}],"curies":[{"name":"wp","href":"https:\/\/api.w.org\/{rel}","templated":true}]}}