{"id":90170,"date":"2025-01-25T11:26:46","date_gmt":"2025-01-25T10:26:46","guid":{"rendered":"https:\/\/www.brennerbasisdemokratie.eu\/?p=90170"},"modified":"2025-01-26T12:00:18","modified_gmt":"2025-01-26T11:00:18","slug":"zur-verhinderten-frauenquote-in-der-region","status":"publish","type":"post","link":"https:\/\/www.brennerbasisdemokratie.eu\/?p=90170","title":{"rendered":"Zur verhinderten Frauenquote in der Region."},"content":{"rendered":"<p>Der Regionalrat von S\u00fcdtirol und Trentino, wo (vor allem <a title=\"Trentiner Regionalratsdoping.\" href=\"https:\/\/www.brennerbasisdemokratie.eu\/?p=43548\">wegen der s\u00fcdlichen Nachbarprovinz<\/a>) die Rechten klar in der Mehrheit sind, hat sich diese Woche f\u00fcr eine Geschlechterklausel in der Regionalregierung ausgesprochen, die ein regelrechtes Armutszeugnis ist. Eine urspr\u00fcnglich auch von der <abbr title=\"S\u00fcdtiroler Volkspartei\">SVP<\/abbr> mitunterzeichnete Vorlage der <em>Gr\u00fcnen<\/em> h\u00e4tte vorgesehen, dass der Frauenanteil in der Exekutive mindestens jenen \u2014 ohnehin geringen \u2014 der Legislative h\u00e4tte widerspiegeln m\u00fcssen. Letztendlich einigte man sich auf einen Kompromiss, den man getrost als Hohn bezeichnen kann: es reicht, dass beide Geschlechter in der Regierung vertreten sind. Dem ist mit einer einzigen Frau Gen\u00fcge getan.<\/p>\n<p>Auf S\u00fcdtiroler Seite haben sich vor allem <abbr title=\"Landeshauptmann\/-frau\">LH<\/abbr>-Stv. Marco Galateo (<abbr title=\"Fratelli d\u2019Italia\">FdI<\/abbr>) und <abbr title=\"Landesrat\/-r\u00e4tin\">LR<\/abbr> Christian Bianchi <em>(Uniti\/Lega)<\/em> gegen die Einf\u00fchrung einer Quote ausgesprochen, was ihre unendliche Pr\u00e4potenz beweist. Beide sitzen hierzulande dank einer Quote \u2014 dem Proporz \u2014 in der Landesregierung, die sie nicht nur dankend angenommen, sondern sogar \u00fcberstrapaziert und zu ihren Gunsten ausgereizt haben, um durch Aufrundung einen zweiten italienischen Landesrat zu erzwingen.<\/p>\n<p>Sogar die Vergr\u00f6\u00dferung der Landesregierung auf elf Mitglieder wurde n\u00f6tig \u2014 und eine eilige <a title=\"Italienerinnen in der Landesregierung: FdI will Statut ab\u00e4ndern.\" href=\"https:\/\/www.brennerbasisdemokratie.eu\/?p=81664\"><em>Ad-hoc<\/em>-Ab\u00e4nderung des Autonomiestatuts<\/a>&nbsp;ins Spiel gebracht.<\/p>\n<p>Eine einfache Beteiligung hat FdI und <em>Lega<\/em> ausdr\u00fccklich nicht gereicht, und das obwohl (oder gerade weil) die Italienerinnen in S\u00fcdtirol keine minorisierte Gruppe darstellen.<\/p>\n<h6>Minorisierung<\/h6>\n<p>Hingegen sind Frauen wohl ein Paradebeispiel f\u00fcr Minorisierung: obschon in der Bev\u00f6lkerung zahlenm\u00e4\u00dfig in der Mehrheit, sorgen insbesondere strukturelle H\u00fcrden und ihre historische gesellschaftliche Marginalisierung (Patriarchat) f\u00fcr eine chronische Benachteiligung und Mindervertretung in vielen Bereichen, unter anderem Politik und Wirtschaft.<\/p>\n<p>Doch <em>daf\u00fcr<\/em> haben Rechtsradikale nat\u00fcrlich keinerlei Verst\u00e4ndnis. W\u00e4hrend sie <a title=\"Governare coi negazionisti dell\u2019autonomia.\" href=\"https:\/\/www.brennerbasisdemokratie.eu\/?p=82294\">die nationale Mehrheit zur Minderheit stilisieren<\/a>, die sie unter keinen Umst\u00e4nden ist, k\u00f6nnen sie ihre Frauenverachtung nicht verbergen. Marco Galateos perfide Aussage, Frauen seien doch keine schutzw\u00fcrdigen Pandab\u00e4ren, ist kein Ausrutscher (vgl. <a title=\"Masocco ist die Lega ist Masocco.\" href=\"https:\/\/www.brennerbasisdemokratie.eu\/?p=46279\"><code>01<\/code><\/a>), sondern Ausdruck tiefsitzender Misogynie.<\/p>\n<h6>Mehrheitsquoten statt Minderheitenschutz<\/h6>\n<p>W\u00e4hrend sie sich Frauen gegen\u00fcber quotenfeindlich gibt, treibt die italienische Rechte aber ungeniert eine weitere Pervertierung des Sprachgruppenproporzes zu ihren Gunsten \u2014 sozusagen eine \u00dcbererf\u00fcllung der Quote bzw. eine Besserstellungsklausel \u2014 voran, indem sie ausschlie\u00dflich f\u00fcr die nationale Mehrheit <a title=\"Urz\u00ec will Proporz statt Demokratie.\" href=\"https:\/\/www.brennerbasisdemokratie.eu\/?p=89310\">eine positive Diskriminierung im Statut verankern will.<\/a><\/p>\n<p>Das ist denn auch der gemeinsame Nenner zwischen Frauen- und Minderheitenquote. Sowohl M\u00e4nner als auch nationale Mehrheiten sind, um bei Galateos haneb\u00fcchenem Vergleich zu bleiben, sicher <em>keine<\/em> Pandab\u00e4ren, doch mit <em>ihrer<\/em> Bevorzugung (also der Diskriminierung von Frauen und Minderheiten) haben die Rechten sicher kein Problem.<\/p>\n<p>Trotz roter Linien und Rei\u00dfleinen sitzt die SVP mit diesen Gestalten weiterhin in einer gemeinsamen Regierung, <a title=\"Die Bedeutung der Grenzparteien.\" href=\"https:\/\/www.brennerbasisdemokratie.eu\/?p=84032\">legitimiert sie<\/a> dadurch und verleiht ihnen Macht.<\/p>\n<p><strong><span style=\"font-family: Helvetica, Arial, sans-serif; text-transform: uppercase;\">C\u00ebla enghe:<\/span><\/strong> <a title=\"Das Quoten-Paradoxon.\" href=\"https:\/\/www.brennerbasisdemokratie.eu\/?p=49134\"><code>01<\/code><\/a> <a title=\"Statuto, scambio a danno delle minoranze.\" href=\"https:\/\/www.brennerbasisdemokratie.eu\/?p=90067\"><code>02<\/code><\/a> <a title=\"Italienerinnen in der Landesregierung: FdI will Statut ab\u00e4ndern.\" href=\"https:\/\/www.brennerbasisdemokratie.eu\/?p=81664\"><code>03<\/code><\/a> <a title=\"Landesregierung: Wie Bianchi nach unten tritt.\" href=\"https:\/\/www.brennerbasisdemokratie.eu\/?p=81962\"><code>04<\/code><\/a> <a title=\"Urz\u00ec difensore della (non) minoranza.\" href=\"https:\/\/www.brennerbasisdemokratie.eu\/?p=73860\"><code>05<\/code><\/a> <a title=\"Mehrheitsschutz und Kandidaturverbot.\" href=\"https:\/\/www.brennerbasisdemokratie.eu\/?p=73648\"><code>06<\/code><\/a><\/p>","protected":false},"excerpt":{"rendered":"<p>Der Regionalrat von S\u00fcdtirol und Trentino, wo (vor allem wegen der s\u00fcdlichen Nachbarprovinz) die Rechten klar in der Mehrheit sind, hat sich diese Woche f\u00fcr eine Geschlechterklausel in der Regionalregierung ausgesprochen, die ein regelrechtes Armutszeugnis ist. Eine urspr\u00fcnglich auch von der SVP mitunterzeichnete Vorlage der Gr\u00fcnen h\u00e4tte vorgesehen, dass der Frauenanteil in der Exekutive mindestens [&hellip;]<\/p>","protected":false},"author":1,"featured_media":0,"comment_status":"open","ping_status":"open","sticky":false,"template":"","format":"standard","meta":{"_crdt_document":"","ngg_post_thumbnail":0,"_jetpack_memberships_contains_paid_content":false,"footnotes":""},"categories":[1],"tags":[],"class_list":["post-90170","post","type-post","status-publish","format-standard","hentry","category-allgemein","entity-fdi","entity-lega","entity-region-sudtirol-trentino","entity-svp","entity-verc","issue-proporz","location-sudtirolo","location-trentino","language-deutsch","person-christian-bianchi","person-marco-galateo","topic-faschismen","topic-feminae","topic-minorisaziun","topic-politik","topic-recht"],"jetpack_featured_media_url":"","jetpack_sharing_enabled":true,"_links":{"self":[{"href":"https:\/\/www.brennerbasisdemokratie.eu\/index.php?rest_route=\/wp\/v2\/posts\/90170","targetHints":{"allow":["GET"]}}],"collection":[{"href":"https:\/\/www.brennerbasisdemokratie.eu\/index.php?rest_route=\/wp\/v2\/posts"}],"about":[{"href":"https:\/\/www.brennerbasisdemokratie.eu\/index.php?rest_route=\/wp\/v2\/types\/post"}],"author":[{"embeddable":true,"href":"https:\/\/www.brennerbasisdemokratie.eu\/index.php?rest_route=\/wp\/v2\/users\/1"}],"replies":[{"embeddable":true,"href":"https:\/\/www.brennerbasisdemokratie.eu\/index.php?rest_route=%2Fwp%2Fv2%2Fcomments&post=90170"}],"version-history":[{"count":7,"href":"https:\/\/www.brennerbasisdemokratie.eu\/index.php?rest_route=\/wp\/v2\/posts\/90170\/revisions"}],"predecessor-version":[{"id":90198,"href":"https:\/\/www.brennerbasisdemokratie.eu\/index.php?rest_route=\/wp\/v2\/posts\/90170\/revisions\/90198"}],"wp:attachment":[{"href":"https:\/\/www.brennerbasisdemokratie.eu\/index.php?rest_route=%2Fwp%2Fv2%2Fmedia&parent=90170"}],"wp:term":[{"taxonomy":"category","embeddable":true,"href":"https:\/\/www.brennerbasisdemokratie.eu\/index.php?rest_route=%2Fwp%2Fv2%2Fcategories&post=90170"},{"taxonomy":"post_tag","embeddable":true,"href":"https:\/\/www.brennerbasisdemokratie.eu\/index.php?rest_route=%2Fwp%2Fv2%2Ftags&post=90170"}],"curies":[{"name":"wp","href":"https:\/\/api.w.org\/{rel}","templated":true}]}}