{"id":90199,"date":"2025-01-26T21:50:29","date_gmt":"2025-01-26T20:50:29","guid":{"rendered":"https:\/\/www.brennerbasisdemokratie.eu\/?p=90199"},"modified":"2025-11-10T09:21:38","modified_gmt":"2025-11-10T08:21:38","slug":"stauder-findet-weidel-hochqualifiziert","status":"publish","type":"post","link":"https:\/\/www.brennerbasisdemokratie.eu\/?p=90199","title":{"rendered":"Stauder findet Weidel \u203ahochqualifiziert\u2039."},"content":{"rendered":"<p>Heute wurde ich darauf hingewiesen, dass <em>UnserTirol24<\/em> mehrere S\u00fcdtiroler Landtagsabgeordnete zu Alice Weidel von der <abbr title=\"Alternative f\u00fcr Deutschland\">AfD<\/abbr> befragt hat. Der <abbr title=\"S\u00fcdtiroler Volkspartei\">SVP<\/abbr>-Fraktionsvorsitzende Harald Stauder stellt dabei unter Beweis, wie elastisch die Koalitionspartner von <abbr title=\"Fratelli d\u2019Italia\">FdI<\/abbr>, <em>Lega<\/em> und <abbr title=\"Freiheitliche\">F<\/abbr> mit ihren roten Linien inzwischen sind: Weidel sei ihrem Lebenslauf zufolge \u00bbeine hochqualifizierte Person\u00ab. F\u00fcr eine allf\u00e4llige Kanzlerschaft seien gewisse Eigenschaften notwendig, deren Vorhandensein er bei ihr \u00bbaus der Distanz nicht bewerten\u00ab k\u00f6nne. Da er die Politikerin nicht pers\u00f6nlich kenne, k\u00f6nne er sich \u00bbkein abschlie\u00dfendes Urteil bilden\u00ab. Das ist wirklich schade.<\/p>\n<p>Ich wei\u00df ja nicht, ob es f\u00fcr den Landessekret\u00e4r der wichtigsten Partei in S\u00fcdtirol spricht, wenn er die Vorsitzende einer <a title=\"Institut f\u00fcr Menschenrechte: Rassistisch und rechtsextrem\u2026\" href=\"https:\/\/www.institut-fuer-menschenrechte.de\/aktuelles\/detail\/rassistisch-und-rechtsextrem-klare-abgrenzung-von-der-afd-geboten\" target=\"_blank\" rel=\"noopener\">rechtsextremen Partei<\/a> nicht anhand ihrer Aussagen \u2014 wie zuletzt jener, dass Adolf Hitler ein Kommunist gewesen sei \u2014 einordnen und als konkrete Gefahr f\u00fcr die Demokratie benennen kann. Vielleicht qualifizieren ihn aber in diesen Zeiten ja auch genau diese Beliebigkeit und diese Unverfrorenheit f\u00fcr den Job, den er macht. Sonst k\u00f6nnte er wohl auch in S\u00fcdtirol nicht mit den Faschos zusammenarbeiten.<\/p>\n<p>Dass man eine Spitzenpolitikerin pers\u00f6nlich kennen m\u00fcsse, um sich ein Urteil bilden zu k\u00f6nnen, ist wohl \u00e4hnlich glaubw\u00fcrdig wie <a title=\"Galateo weigert sich, den Faschismus zu verurteilen.\" href=\"https:\/\/www.brennerbasisdemokratie.eu\/?p=82679\">die Aussage<\/a>, man k\u00f6nne den Faschismus nicht verurteilen, wenn man erst nach dem Zweiten Weltkrieg geboren sei. Da hat sich Stauder die Fadenscheinigkeit der Argumente wohl bereits vom Koalitionspartner abgeschaut.<\/p>\n<p>Bleibt nur zu hoffen, dass die Deutschen, die in K\u00fcrze einen neuen Bundestag w\u00e4hlen m\u00fcssen, ohne zuvor jede Kandidatin pers\u00f6nlich kennengelernt zu haben, \u00fcber ein besseres Urteilsverm\u00f6gen verf\u00fcgen als der SVP-Fraktionschef. Sonst wird es sp\u00e4ter wom\u00f6glich wieder hei\u00dfen, man habe ja nichts ahnen k\u00f6nnen.<\/p>\n<p><strong><span style=\"font-family: Helvetica, Arial, sans-serif; text-transform: uppercase;\">C\u00ebla enghe:<\/span><\/strong> <a title=\"Die Bedeutung der Grenzparteien.\" href=\"https:\/\/www.brennerbasisdemokratie.eu\/?p=84032\"><code>01<\/code><\/a> <a title=\"Die SVP macht eine STF.\" href=\"https:\/\/www.brennerbasisdemokratie.eu\/?p=85567\"><code>02<\/code><\/a> <span style=\"font-family: Helvetica, Arial, sans-serif; font-weight: normal;\">||<\/span> <a title=\"Das Hotel Elephant bleibt stabil.\" href=\"https:\/\/www.brennerbasisdemokratie.eu\/?p=90273\"><span style=\"color: #ff8c00\"><code>01<\/code><\/span><\/a> <a title=\"LH bagatellisiert Extremismus seiner Mehrheit.\" href=\"https:\/\/www.brennerbasisdemokratie.eu\/?p=90705\"><span style=\"color: #ff8c00\"><code>02<\/code><\/span><\/a> <a title=\"Der hoffentlich nicht unn\u00fctze Idiot.\" href=\"https:\/\/www.brennerbasisdemokratie.eu\/?p=91964\"><span style=\"color: #ff8c00\"><code>03<\/code><\/span><\/a> <a title=\"Bayrische AfD im S\u00fcdtiroler Landtag \u203awillkommen\u2039.\" href=\"https:\/\/www.brennerbasisdemokratie.eu\/?p=96013\"><span style=\"color: #ff8c00\"><code>04<\/code><\/span><\/a><\/p>","protected":false},"excerpt":{"rendered":"<p>Heute wurde ich darauf hingewiesen, dass UnserTirol24 mehrere S\u00fcdtiroler Landtagsabgeordnete zu Alice Weidel von der AfD befragt hat. Der SVP-Fraktionsvorsitzende Harald Stauder stellt dabei unter Beweis, wie elastisch die Koalitionspartner von FdI, Lega und F mit ihren roten Linien inzwischen sind: Weidel sei ihrem Lebenslauf zufolge \u00bbeine hochqualifizierte Person\u00ab. F\u00fcr eine allf\u00e4llige Kanzlerschaft seien gewisse [&hellip;]<\/p>","protected":false},"author":1,"featured_media":0,"comment_status":"open","ping_status":"open","sticky":false,"template":"","format":"standard","meta":{"_crdt_document":"","ngg_post_thumbnail":0,"_jetpack_memberships_contains_paid_content":false,"footnotes":""},"categories":[1],"tags":[],"class_list":["post-90199","post","type-post","status-publish","format-standard","hentry","category-allgemein","entity-afd","entity-svp","issue-brandmauer","issue-wahlen","issue-zitac","location-deutschland","location-sudtirolo","language-deutsch","medium-ut24","person-harald-stauder","topic-democrazia","topic-faschismen","topic-medien","topic-politik"],"jetpack_featured_media_url":"","jetpack_sharing_enabled":true,"_links":{"self":[{"href":"https:\/\/www.brennerbasisdemokratie.eu\/index.php?rest_route=\/wp\/v2\/posts\/90199","targetHints":{"allow":["GET"]}}],"collection":[{"href":"https:\/\/www.brennerbasisdemokratie.eu\/index.php?rest_route=\/wp\/v2\/posts"}],"about":[{"href":"https:\/\/www.brennerbasisdemokratie.eu\/index.php?rest_route=\/wp\/v2\/types\/post"}],"author":[{"embeddable":true,"href":"https:\/\/www.brennerbasisdemokratie.eu\/index.php?rest_route=\/wp\/v2\/users\/1"}],"replies":[{"embeddable":true,"href":"https:\/\/www.brennerbasisdemokratie.eu\/index.php?rest_route=%2Fwp%2Fv2%2Fcomments&post=90199"}],"version-history":[{"count":16,"href":"https:\/\/www.brennerbasisdemokratie.eu\/index.php?rest_route=\/wp\/v2\/posts\/90199\/revisions"}],"predecessor-version":[{"id":96038,"href":"https:\/\/www.brennerbasisdemokratie.eu\/index.php?rest_route=\/wp\/v2\/posts\/90199\/revisions\/96038"}],"wp:attachment":[{"href":"https:\/\/www.brennerbasisdemokratie.eu\/index.php?rest_route=%2Fwp%2Fv2%2Fmedia&parent=90199"}],"wp:term":[{"taxonomy":"category","embeddable":true,"href":"https:\/\/www.brennerbasisdemokratie.eu\/index.php?rest_route=%2Fwp%2Fv2%2Fcategories&post=90199"},{"taxonomy":"post_tag","embeddable":true,"href":"https:\/\/www.brennerbasisdemokratie.eu\/index.php?rest_route=%2Fwp%2Fv2%2Ftags&post=90199"}],"curies":[{"name":"wp","href":"https:\/\/api.w.org\/{rel}","templated":true}]}}