{"id":90273,"date":"2025-02-03T19:58:07","date_gmt":"2025-02-03T18:58:07","guid":{"rendered":"https:\/\/www.brennerbasisdemokratie.eu\/?p=90273"},"modified":"2025-11-09T22:31:49","modified_gmt":"2025-11-09T21:31:49","slug":"das-hotel-elephant-bleibt-stabil","status":"publish","type":"post","link":"https:\/\/www.brennerbasisdemokratie.eu\/?p=90273","title":{"rendered":"Das Hotel Elephant bleibt stabil."},"content":{"rendered":"<p>Nat\u00fcrlich gef\u00e4llt es den Rechtsextremen nicht, wenn ein renommiertes Brixner Hotel den Nazi-Verharmloser Alexander Gauland nicht mehr zu den eigenen G\u00e4sten z\u00e4hlen m\u00f6chte. Sowohl J\u00fcrgen Wirth Anderlan (JWA) als auch Roland Stauder (<abbr title=\"Freiheitliche\">F<\/abbr>) kritisieren <a title=\"Rai S\u00fcdtirol: Gauland in Brixner Hotel unerw\u00fcnscht\u2026\" href=\"https:\/\/www.rainews.it\/tgr\/tagesschau\/articoli\/2025\/02\/gauland-in-brixner-hotel-unerwunscht-so-ein-gast-bringt-unruhe-ins-haus-af03fbb2-bbd3-46af-884f-7a0d982cf703.html\" target=\"_blank\" rel=\"noopener\">laut <em>Rai S\u00fcdtirol<\/em><\/a><em>,<\/em> dass der ranghohe <abbr title=\"Alternative f\u00fcr Deutschland\">AfD<\/abbr>ler von der Inhaberin des Hotels ersucht wurde, sich in Hinkunft eine andere Bleibe zu suchen.<\/p>\n<blockquote><p>Der eigentliche Skandal ist, dass dieses Hotel sehr bekannt ist und dass die F\u00fchrung dort zu den Gutmenschen geh\u00f6rt, die immer von Meinungsfreiheit und Toleranz sprechen. Hier wird eine rote Linie \u00fcberschritten, wenn in S\u00fcdtirol pl\u00f6tzlich G\u00e4ste wegen ihrer politischen Anschauungen nicht mehr willkommen sind.<\/p>\n<p><em>\u2013 <abbr title=\"Landtagsabgeordnete:r\">LAbg.<\/abbr> J\u00fcrgen Wirth Anderlan<\/em><\/p><\/blockquote>\n<p>Sollte der B\u00e4rtige noch nie etwas vom <a title=\"Das Toleranz-Paradoxon.\" href=\"https:\/\/www.brennerbasisdemokratie.eu\/?p=51444\">Toleranz-Paradoxon<\/a> geh\u00f6rt haben, w\u00fcrde es mich nicht wundern. Dass Politiker, die Menschen an den Grenzen abweisen oder sogar Eingeb\u00fcrgerte nach Gutd\u00fcnken deportieren wollen, pl\u00f6tzlich ein Problem damit haben, wenn jemand sein Hausrecht durchsetzt, ist aber zumindest ein klein wenig widerspr\u00fcchlich. Dabei wurde mit Gauland sogar das Gespr\u00e4ch gesucht: weder gab es einen Rauswurf, noch wurde er <a title=\"\u00bbHabe die Ehre, liebe Rechtsextreme!\u00ab\" href=\"https:\/\/www.brennerbasisdemokratie.eu\/?p=85124\">in den Steinbruch geschickt.<\/a><\/p>\n<blockquote><p>Es kann nicht sein, dass ein Hotelier sagt, dieser Gast passt nicht in meine politische Weltanschauung, deshalb darf er nicht mehr nach S\u00fcdtirol kommen.<\/p>\n<p><em>\u2013 Roland Stauder<\/em><\/p><\/blockquote>\n<p>Stimmt, das darf nicht sein. Nur die Blauen d\u00fcrfen sagen, wer auszuweisen w\u00e4re. Doch Stauders Aussage geht ohnehin an der Realit\u00e4t vorbei: Niemand hat gesagt, dass Gauland nicht mehr nach S\u00fcdtirol kommen darf, wiewohl ich pers\u00f6nlich gar nichts dagegen h\u00e4tte, Menschenfeinde als <em>Person\u00e6 non grat\u00e6<\/em> zu erkl\u00e4ren. Er wurde lediglich von einem Privatunternehmen in dessen eigener Einrichtung f\u00fcr unerw\u00fcnscht erkl\u00e4rt.<\/p>\n<p>Ich jedenfalls will hier den Schritt des <em>Hotel Elephant<\/em> ausdr\u00fccklich w\u00fcrdigen und ziehe vor diesem mutigen Engagement meinen (imagin\u00e4ren) Hut. Es macht mich als Brixner und als S\u00fcdtiroler sogar etwas stolz, dass Herrn Gauland hier eine Grenze aufgezeigt wurde. Personen, die unsere demokratische Grundordnung verachten, totalit\u00e4re Ideologien verharmlosen oder schwer rassistische Positionen vertreten, d\u00fcrfen \u2014 und sollen \u2014 ruhig sp\u00fcren, dass sie nicht willkommen sind und selbst etwas von der Ausgrenzung erfahren, mit der sie so gerne hantieren. Wer die wesentlichen Grundlagen unser aller Zusammenleben und unserer Menschlichkeit zerst\u00f6ren will, hat unsere Toleranz definitiv nicht verdient.<\/p>\n<p><strong><span style=\"font-family: Helvetica, Arial, sans-serif; text-transform: uppercase;\">C\u00ebla enghe:<\/span><\/strong> <a title=\"Sternstunde der Wahldemokratie.\" href=\"https:\/\/www.brennerbasisdemokratie.eu\/?p=86690\"><code>01<\/code><\/a> <a title=\"Nazi Wirth Anderlan.\" href=\"https:\/\/www.brennerbasisdemokratie.eu\/?p=84186\"><code>02<\/code><\/a> <a title=\"Der Hass im Stolz.\" href=\"https:\/\/www.brennerbasisdemokratie.eu\/?p=86137\"><code>03<\/code><\/a> <span style=\"font-family: Helvetica, Arial, sans-serif; font-weight: normal;\">||<\/span> <a title=\"Brixner Brandmauer\u2026 on fire.\" href=\"https:\/\/www.brennerbasisdemokratie.eu\/?p=90280\"><span style=\"color: #ff8c00\"><code>01<\/code><\/span><\/a><\/p>","protected":false},"excerpt":{"rendered":"<p>Nat\u00fcrlich gef\u00e4llt es den Rechtsextremen nicht, wenn ein renommiertes Brixner Hotel den Nazi-Verharmloser Alexander Gauland nicht mehr zu den eigenen G\u00e4sten z\u00e4hlen m\u00f6chte. Sowohl J\u00fcrgen Wirth Anderlan (JWA) als auch Roland Stauder (F) kritisieren laut Rai S\u00fcdtirol, dass der ranghohe AfDler von der Inhaberin des Hotels ersucht wurde, sich in Hinkunft eine andere Bleibe zu [&hellip;]<\/p>","protected":false},"author":1,"featured_media":0,"comment_status":"open","ping_status":"open","sticky":false,"template":"","format":"standard","meta":{"_crdt_document":"","ngg_post_thumbnail":0,"_jetpack_memberships_contains_paid_content":false,"footnotes":""},"categories":[1],"tags":[],"class_list":["post-90273","post","type-post","status-publish","format-standard","hentry","category-allgemein","entity-afd","entity-freiheitliche","entity-jwa","issue-brandmauer","issue-good-news","issue-zitac","location-sudtirolo","language-deutsch","medium-rai","person-jurgen-wirth-anderlan","person-roland-stauder","topic-democrazia","topic-faschismen","topic-grundrechte","topic-politik","topic-racism","topic-tourismus","topic-ungehorsam"],"jetpack_featured_media_url":"","jetpack_sharing_enabled":true,"_links":{"self":[{"href":"https:\/\/www.brennerbasisdemokratie.eu\/index.php?rest_route=\/wp\/v2\/posts\/90273","targetHints":{"allow":["GET"]}}],"collection":[{"href":"https:\/\/www.brennerbasisdemokratie.eu\/index.php?rest_route=\/wp\/v2\/posts"}],"about":[{"href":"https:\/\/www.brennerbasisdemokratie.eu\/index.php?rest_route=\/wp\/v2\/types\/post"}],"author":[{"embeddable":true,"href":"https:\/\/www.brennerbasisdemokratie.eu\/index.php?rest_route=\/wp\/v2\/users\/1"}],"replies":[{"embeddable":true,"href":"https:\/\/www.brennerbasisdemokratie.eu\/index.php?rest_route=%2Fwp%2Fv2%2Fcomments&post=90273"}],"version-history":[{"count":8,"href":"https:\/\/www.brennerbasisdemokratie.eu\/index.php?rest_route=\/wp\/v2\/posts\/90273\/revisions"}],"predecessor-version":[{"id":90286,"href":"https:\/\/www.brennerbasisdemokratie.eu\/index.php?rest_route=\/wp\/v2\/posts\/90273\/revisions\/90286"}],"wp:attachment":[{"href":"https:\/\/www.brennerbasisdemokratie.eu\/index.php?rest_route=%2Fwp%2Fv2%2Fmedia&parent=90273"}],"wp:term":[{"taxonomy":"category","embeddable":true,"href":"https:\/\/www.brennerbasisdemokratie.eu\/index.php?rest_route=%2Fwp%2Fv2%2Fcategories&post=90273"},{"taxonomy":"post_tag","embeddable":true,"href":"https:\/\/www.brennerbasisdemokratie.eu\/index.php?rest_route=%2Fwp%2Fv2%2Ftags&post=90273"}],"curies":[{"name":"wp","href":"https:\/\/api.w.org\/{rel}","templated":true}]}}