{"id":90627,"date":"2025-03-09T10:50:11","date_gmt":"2025-03-09T09:50:11","guid":{"rendered":"https:\/\/www.brennerbasisdemokratie.eu\/?p=90627"},"modified":"2026-01-16T00:29:32","modified_gmt":"2026-01-15T23:29:32","slug":"bozen-die-burgermeisterkandidatin-der-5sb","status":"publish","type":"post","link":"https:\/\/www.brennerbasisdemokratie.eu\/?p=90627","title":{"rendered":"Bozen: Die B\u00fcrgermeisterkandidatin der 5SB."},"content":{"rendered":"<p>Die <abbr title=\"F\u00fcnfsternebewegung\">5SB<\/abbr> ist aus dem Wahlb\u00fcndnis von Mittelinks in Bozen ausgetreten, weil es ihr mit <em>Team K, Gr\u00fcnen<\/em> und Kommunisten nicht gelungen ist, <a title=\"Bozen: Mittelinkskandidat Alberto Faustini?\" href=\"https:\/\/www.brennerbasisdemokratie.eu\/?p=90420\">den h\u00f6chst zweifelhaften B\u00fcrgermeisterkandidaten Alberto Faustini<\/a> durchzusetzen. Der wiederum war wohl nicht bereit, sich als aussichtsloser Kandidat der Abtr\u00fcnnigen herzugeben.<\/p>\n<p>Also hat die Pro-Putin-Bewegung \u2014 gewisserma\u00dfen das italienische Pendant zum <abbr title=\"B\u00fcndnis Sahra Wagenknecht\">BSW<\/abbr> \u2014 jetzt mit der Lehrerin Simonetta Lucchi ihre eigene Kandidatin f\u00fcr das Amt der B\u00fcrgermeisterin vorgestellt. Sie war schon bei der Landtagswahl 2023 auf der erfolglosen 5SB-Liste und wird jetzt auch von der kommunistischen Wiedergr\u00fcndung <em>(Rifondazione Comunista)<\/em> mit Oreste Galletti unterst\u00fctzt.<\/p>\n<p>Den meisten <img class=\"bbdlogo\" src=\"https:\/\/www.brennerbasisdemokratie.eu\/wp-content\/uploads\/bbdsmileys\/bbde.png\">-Leserinnen d\u00fcrfte die Dame unter anderem von <em>Salto<\/em> bekannt sein, wo sie regelm\u00e4\u00dfig gegen den Minderheitenschutz und die S\u00fcdtirolautonomie wettert. Kein Zufall also, dass laut heutigem <em>A. Adige<\/em> auch die Abschaffung des <a title=\"Proporzregelung als Vorbild.\" href=\"https:\/\/www.brennerbasisdemokratie.eu\/?p=70112\">angeblich \u00bbobsoleten\u00ab<\/a> Proporzes zu den Vorschl\u00e4gen der Bewegung geh\u00f6rt, was allerdings gar nicht in die Zust\u00e4ndigkeiten der Gemeinde Bozen f\u00e4llt. Dar\u00fcber hinaus sollen unter anderem die faschistisch-rationalistische Architektur der ehemaligen <em>Pascoli<\/em>-Schule gesch\u00fctzt und die Leistungen des italienischen Heeres anerkannt werden, <a title=\"Il Lungo Talvera \u00abdegli Alpini\u00bb.\" href=\"https:\/\/www.brennerbasisdemokratie.eu\/?p=11063\">das die Talferwiesen erschaffen haben soll.<\/a> Interessante Priorit\u00e4ten.<\/p>\n<p>A propos <em>Salto:<\/em> Lucchi gibt an, sowohl f\u00fcr das S\u00fcdtiroler Onlineportal als auch f\u00fcr die <em>Huffington Post<\/em> und den zur russischen Propagandaschleuder verkommenen <em>Fatto Quotidiano<\/em> t\u00e4tig zu sein. Klassische Hochstapelei, denn f\u00fcr all diese Medien verfasst die B\u00fcrgermeisterkandidatin lediglich Communitybeitr\u00e4ge, wie dies allen Leserinnen offen steht.<\/p>\n<p>Ihre auf <em>Salto<\/em> get\u00e4tigte Behauptung, sie habe die Sprachgruppenzugeh\u00f6rigkeitserkl\u00e4rung verweigert, d\u00fcrfte wohl ebenfalls falsch sein, weil sie dann wohl nicht kandidieren d\u00fcrfte. Nach <a title=\"Rai S\u00fcdtirol: Tagesschau 8.3.25 20.00 Uhr.\" href=\"https:\/\/www.rainews.it\/tgr\/tagesschau\/notiziari\/video\/2025\/03\/Tagesschau---08032025-2000-3e201045-b520-473a-9d6c-c2c49ad40792.html\" target=\"_blank\" rel=\"noopener\">dem Interview in der gestrigen <em>Tagesschau<\/em><\/a> bezweifle ich ehrlich gesagt auch, dass sie neben Italienisch und Ladinisch auch Deutsch unterrichtet, wie sie <a title=\"Huffington Post: Simonetta Lucchi.\" href=\"https:\/\/www.huffingtonpost.it\/autori\/simonetta_lucchi\/\" target=\"_blank\" rel=\"noopener\">in ihrem dick auftragenden <em>Huffington-Post<\/em>-Communityprofil<\/a> behauptet.<\/p>\n<p>Was die 5SB sonst so f\u00fcr S\u00fcdtirol geleistet hat und was sie (zumindest bis zur russischen Macht\u00fcbernahme) f\u00fcr die Zukunft dieses Landes vorschl\u00e4gt, <a title=\"Vom Firmament gefallen.\" href=\"https:\/\/www.brennerbasisdemokratie.eu\/?p=80754\">hatte ich hier schon vor der Landtagswahl kritisch zusammengefasst.<\/a><\/p>\n<p><strong><span style=\"font-family: Helvetica, Arial, sans-serif; text-transform: uppercase;\">C\u00ebla enghe:<\/span><\/strong> <a title=\"Keine \u203aechten\u2039 Italienerinnen?\" href=\"https:\/\/www.brennerbasisdemokratie.eu\/?p=89557\"><code>01<\/code><\/a> <a title=\"Allesamt Nazis.\" href=\"https:\/\/www.brennerbasisdemokratie.eu\/?p=79189\"><code>02<\/code><\/a> <a title=\"5SB: Italienisch vom Brenner bis Lampedusa.\" href=\"https:\/\/www.brennerbasisdemokratie.eu\/?p=51152\"><code>03<\/code><\/a> <span style=\"font-family: Helvetica, Arial, sans-serif; font-weight: normal;\">||<\/span> <a title=\"Segnaletica, colonialismo bipartisan.\" href=\"https:\/\/www.brennerbasisdemokratie.eu\/?p=93973\"><span style=\"color: #ff8c00\"><code>01<\/code><\/span><\/a> <a href=\"https:\/\/www.brennerbasisdemokratie.eu\/?p=97405\" title=\"Lucchi (5SB) verharmlost faschistische Assimilierungspolitik.\"><span style=\"color: #ff8c00\"><code>02<\/code><\/span><\/a><\/p>","protected":false},"excerpt":{"rendered":"<p>Die 5SB ist aus dem Wahlb\u00fcndnis von Mittelinks in Bozen ausgetreten, weil es ihr mit Team K, Gr\u00fcnen und Kommunisten nicht gelungen ist, den h\u00f6chst zweifelhaften B\u00fcrgermeisterkandidaten Alberto Faustini durchzusetzen. Der wiederum war wohl nicht bereit, sich als aussichtsloser Kandidat der Abtr\u00fcnnigen herzugeben. Also hat die Pro-Putin-Bewegung \u2014 gewisserma\u00dfen das italienische Pendant zum BSW \u2014 [&hellip;]<\/p>","protected":false},"author":1,"featured_media":0,"comment_status":"open","ping_status":"open","sticky":false,"template":"","format":"standard","meta":{"_crdt_document":"","ngg_post_thumbnail":0,"_jetpack_memberships_contains_paid_content":false,"footnotes":""},"categories":[1],"tags":[],"class_list":["post-90627","post","type-post","status-publish","format-standard","hentry","category-allgemein","entity-5sb","entity-gemeinde-bozen","entity-pd","entity-tk","entity-verc","issue-gemeindewahl-2024","issue-landtagswahl-2023","issue-proporz","issue-sx-di-dx","location-sudtirolo","language-deutsch","medium-aa","medium-il-fatto-quotidiano","medium-rai","medium-salto","person-alberto-faustini","topic-arch","topic-faktencheck","topic-militar","topic-minorisaziun","topic-nationalismus","topic-politik"],"jetpack_featured_media_url":"","jetpack_sharing_enabled":true,"_links":{"self":[{"href":"https:\/\/www.brennerbasisdemokratie.eu\/index.php?rest_route=\/wp\/v2\/posts\/90627","targetHints":{"allow":["GET"]}}],"collection":[{"href":"https:\/\/www.brennerbasisdemokratie.eu\/index.php?rest_route=\/wp\/v2\/posts"}],"about":[{"href":"https:\/\/www.brennerbasisdemokratie.eu\/index.php?rest_route=\/wp\/v2\/types\/post"}],"author":[{"embeddable":true,"href":"https:\/\/www.brennerbasisdemokratie.eu\/index.php?rest_route=\/wp\/v2\/users\/1"}],"replies":[{"embeddable":true,"href":"https:\/\/www.brennerbasisdemokratie.eu\/index.php?rest_route=%2Fwp%2Fv2%2Fcomments&post=90627"}],"version-history":[{"count":10,"href":"https:\/\/www.brennerbasisdemokratie.eu\/index.php?rest_route=\/wp\/v2\/posts\/90627\/revisions"}],"predecessor-version":[{"id":97411,"href":"https:\/\/www.brennerbasisdemokratie.eu\/index.php?rest_route=\/wp\/v2\/posts\/90627\/revisions\/97411"}],"wp:attachment":[{"href":"https:\/\/www.brennerbasisdemokratie.eu\/index.php?rest_route=%2Fwp%2Fv2%2Fmedia&parent=90627"}],"wp:term":[{"taxonomy":"category","embeddable":true,"href":"https:\/\/www.brennerbasisdemokratie.eu\/index.php?rest_route=%2Fwp%2Fv2%2Fcategories&post=90627"},{"taxonomy":"post_tag","embeddable":true,"href":"https:\/\/www.brennerbasisdemokratie.eu\/index.php?rest_route=%2Fwp%2Fv2%2Ftags&post=90627"}],"curies":[{"name":"wp","href":"https:\/\/api.w.org\/{rel}","templated":true}]}}