{"id":90794,"date":"2025-03-18T19:45:57","date_gmt":"2025-03-18T18:45:57","guid":{"rendered":"https:\/\/www.brennerbasisdemokratie.eu\/?p=90794"},"modified":"2025-11-16T18:09:01","modified_gmt":"2025-11-16T17:09:01","slug":"puglisi-ghizzi-kandidiert-fur-die-lega","status":"publish","type":"post","link":"https:\/\/www.brennerbasisdemokratie.eu\/?p=90794","title":{"rendered":"Puglisi Ghizzi kandidiert f\u00fcr die Lega."},"content":{"rendered":"<p>Bei den kommenden Gemeinderatswahlen tritt in Bozen <em>CasaPound<\/em>-Mann Maurizio Puglisi Ghizzi auf der Liste der <em>Lega<\/em> an. Erst k\u00fcrzlich hatte er den rechtsextremistischen Fackelmarsch zum Gedenkort f\u00fcr die Karsth\u00f6hlenopfer angef\u00fchrt, <a title=\"10. Februar: LH-Stellvertreter marschiert mit CasaPound.\" href=\"https:\/\/www.brennerbasisdemokratie.eu\/?p=90356\">an dem sich auch <abbr title=\"Landeshauptmann\/-frau\">LH<\/abbr>-Stellvertreter Marco Galateo (<abbr title=\"Fratelli d\u2019Italia\">FdI<\/abbr>) beteiligt hatte<\/a>. Jetzt sind die beiden in der Landeshauptstadt sogar im selben Wahlb\u00fcndnis.<\/p>\n<p>Dank der Partei des italienischen Verkehrsministers Matteo Salvini werden die Neofaschisten von <em>CasaPound<\/em> also auch diesmal wieder den Mann w\u00e4hlen k\u00f6nnen, der es schon 2016 f\u00fcr sie in den Gemeinderat geschafft hatte. Damals war er noch direkt f\u00fcr die selbsterkl\u00e4rten <em>Faschisten des dritten Jahrtausends<\/em> angetreten, die sich erst sp\u00e4ter <a title=\"Aus f\u00fcr CasaPound-Partei.\" href=\"https:\/\/www.brennerbasisdemokratie.eu\/?p=49856\">dazu entschieden<\/a>, nicht mehr mit eigenem Logo bei Wahlen anzutreten.<\/p>\n<p>Sowohl 2016 <a title=\"Bozen: CPI fliegt raus.\" href=\"https:\/\/www.brennerbasisdemokratie.eu\/?p=60881\">als auch 2020<\/a> war Puglisi Ghizzi sogar B\u00fcrgermeisterkandidat von <em>CasaPound<\/em> gewesen.<\/p>\n<p>Die Stimmen der Anh\u00e4ngerinnen der neofaschistischen Bewegung d\u00fcrften dem rechten Wahlb\u00fcndnis von Claudio Corrarati \u2014 dem <a title=\"Bozen: Der LVH mit FdI und Lega.\" href=\"https:\/\/www.brennerbasisdemokratie.eu\/?p=90441\">Liebling des <abbr title=\"Landesverband der Handwerker:innen\">LVH<\/abbr><\/a> \u2014 also wohl sicher sein. Ob der etwas dazu zu sagen hat?<\/p>\n<p>Die <em>Lega<\/em> wiederum war seit 2018 in der S\u00fcdtiroler Landesregierung und ist nur deshalb seit wenigen Wochen nicht mehr Koalitionspartnerin der <abbr title=\"S\u00fcdtiroler Volkspartei\">SVP<\/abbr>, weil <abbr title=\"Landesrat\/-r\u00e4tin\">LR<\/abbr> Christian Bianchi zu <abbr title=\"Forza Italia\">FI<\/abbr> \u00fcbergelaufen ist.<\/p>\n<p>Schon vor der dem kurzzeitigen und relativ erfolglos gebliebenen Eintritt von CPI in die aktive Parteipolitik hatte sich ihr die <em>Lega<\/em> offen <a title=\"Fanpage: La carica dei fascio leghisti\u2026\" href=\"https:\/\/www.fanpage.it\/politica\/la-carica-dei-fascio-leghisti-nasce-sovranita\/\" target=\"_blank\" rel=\"noopener\">als Plattform angeboten.<\/a><\/p>\n<p><strong><span style=\"font-family: Helvetica, Arial, sans-serif; text-transform: uppercase;\">C\u00ebla enghe:<\/span><\/strong> <a title=\"Puglisi Ghizzi attacca la democrazia.\" href=\"https:\/\/www.brennerbasisdemokratie.eu\/?p=60412\"><code>01<\/code><\/a> <a title=\"Aus CPI raus, bei Christian Bianchi rein.\" href=\"https:\/\/www.brennerbasisdemokratie.eu\/?p=59499\"><code>02<\/code><\/a> <a title=\"Lega mit CPI in Rom \u2014 es wird nicht besser.\" href=\"https:\/\/www.brennerbasisdemokratie.eu\/?p=67779\"><code>03<\/code><\/a> <a title=\"Faschist gegen zweisprachige \u00c4rztinnen.\" href=\"https:\/\/www.brennerbasisdemokratie.eu\/?p=90590\"><code>04<\/code><\/a> <span style=\"font-family: Helvetica, Arial, sans-serif; font-weight: normal;\">||<\/span> <a title=\"Sergio Ramelli in Bozen.\" href=\"https:\/\/www.brennerbasisdemokratie.eu\/?p=90889\"><span style=\"color: #ff8c00\"><code>01<\/code><\/span><\/a> <a title=\"Bozen: Lega-Kandidat bezeichnet Menschen als Ungeziefer.\" href=\"https:\/\/www.brennerbasisdemokratie.eu\/?p=91534\"><span style=\"color: #ff8c00\"><code>02<\/code><\/span><\/a> <a title=\"LH-Stellvertreter empfing CasaPound-Mitglied.\" href=\"https:\/\/www.brennerbasisdemokratie.eu\/?p=91697\"><span style=\"color: #ff8c00\"><code>03<\/code><\/span><\/a> <a title=\"Die SVP bald mit CasaPound?\" href=\"https:\/\/www.brennerbasisdemokratie.eu\/?p=91834\"><span style=\"color: #ff8c00\"><code>04<\/code><\/span><\/a> <a title=\"CasaPound und Corraratis faule Ausreden.\" href=\"https:\/\/www.brennerbasisdemokratie.eu\/?p=91954\"><span style=\"color: #ff8c00\"><code>05<\/code><\/span><\/a> <a title=\"Lo scandalo del fascio.\" href=\"https:\/\/www.brennerbasisdemokratie.eu\/?p=92109\"><span style=\"color: #ff8c00\"><code>06<\/code><\/span><\/a> <a title=\"Corrarati und die SVP mit \u203aRemigrazione e Riconquista\u2039.\" href=\"https:\/\/www.brennerbasisdemokratie.eu\/?p=96177\"><span style=\"color: #ff8c00\"><code>07<\/code><\/span><\/a><\/p>","protected":false},"excerpt":{"rendered":"<p>Bei den kommenden Gemeinderatswahlen tritt in Bozen CasaPound-Mann Maurizio Puglisi Ghizzi auf der Liste der Lega an. Erst k\u00fcrzlich hatte er den rechtsextremistischen Fackelmarsch zum Gedenkort f\u00fcr die Karsth\u00f6hlenopfer angef\u00fchrt, an dem sich auch LH-Stellvertreter Marco Galateo (FdI) beteiligt hatte. Jetzt sind die beiden in der Landeshauptstadt sogar im selben Wahlb\u00fcndnis. Dank der Partei des [&hellip;]<\/p>","protected":false},"author":1,"featured_media":0,"comment_status":"open","ping_status":"open","sticky":false,"template":"","format":"standard","meta":{"_crdt_document":"","ngg_post_thumbnail":0,"_jetpack_memberships_contains_paid_content":false,"footnotes":""},"categories":[1],"tags":[],"class_list":["post-90794","post","type-post","status-publish","format-standard","hentry","category-allgemein","entity-cpi","entity-fdi","entity-fi","entity-gemeinde-bozen","entity-lega","entity-lvh","entity-svp","issue-gemeindewahl-2024","location-sudtirolo","language-deutsch","person-christian-bianchi","person-claudio-corrarati","person-marco-galateo","person-maurizio-puglisi-ghizzi","topic-faschismen","topic-politik"],"jetpack_featured_media_url":"","jetpack_sharing_enabled":true,"_links":{"self":[{"href":"https:\/\/www.brennerbasisdemokratie.eu\/index.php?rest_route=\/wp\/v2\/posts\/90794","targetHints":{"allow":["GET"]}}],"collection":[{"href":"https:\/\/www.brennerbasisdemokratie.eu\/index.php?rest_route=\/wp\/v2\/posts"}],"about":[{"href":"https:\/\/www.brennerbasisdemokratie.eu\/index.php?rest_route=\/wp\/v2\/types\/post"}],"author":[{"embeddable":true,"href":"https:\/\/www.brennerbasisdemokratie.eu\/index.php?rest_route=\/wp\/v2\/users\/1"}],"replies":[{"embeddable":true,"href":"https:\/\/www.brennerbasisdemokratie.eu\/index.php?rest_route=%2Fwp%2Fv2%2Fcomments&post=90794"}],"version-history":[{"count":14,"href":"https:\/\/www.brennerbasisdemokratie.eu\/index.php?rest_route=\/wp\/v2\/posts\/90794\/revisions"}],"predecessor-version":[{"id":96194,"href":"https:\/\/www.brennerbasisdemokratie.eu\/index.php?rest_route=\/wp\/v2\/posts\/90794\/revisions\/96194"}],"wp:attachment":[{"href":"https:\/\/www.brennerbasisdemokratie.eu\/index.php?rest_route=%2Fwp%2Fv2%2Fmedia&parent=90794"}],"wp:term":[{"taxonomy":"category","embeddable":true,"href":"https:\/\/www.brennerbasisdemokratie.eu\/index.php?rest_route=%2Fwp%2Fv2%2Fcategories&post=90794"},{"taxonomy":"post_tag","embeddable":true,"href":"https:\/\/www.brennerbasisdemokratie.eu\/index.php?rest_route=%2Fwp%2Fv2%2Ftags&post=90794"}],"curies":[{"name":"wp","href":"https:\/\/api.w.org\/{rel}","templated":true}]}}