{"id":90889,"date":"2025-03-24T15:36:00","date_gmt":"2025-03-24T14:36:00","guid":{"rendered":"https:\/\/www.brennerbasisdemokratie.eu\/?p=90889"},"modified":"2025-03-26T08:23:55","modified_gmt":"2025-03-26T07:23:55","slug":"sergio-ramelli-in-bozen","status":"publish","type":"post","link":"https:\/\/www.brennerbasisdemokratie.eu\/?p=90889","title":{"rendered":"Sergio Ramelli in Bozen."},"content":{"rendered":"<p>Die neofaschistische Bewegung <em>CasaPound<\/em> verdichtet in Bozen wieder ihre T\u00e4tigkeit: Auf die <a title=\"10. Februar: LH-Stellvertreter marschiert mit CasaPound.\" href=\"https:\/\/www.brennerbasisdemokratie.eu\/?p=90356\">Teilnahme<\/a> von <abbr title=\"Landeshauptmann\/-frau\">LH<\/abbr>-Stellvertreter Marco Galateo (<abbr title=\"Fratelli d\u2019Italia\">FdI<\/abbr>) an einer verkappten Veranstaltung der Bewegung folgten zwei Aktionen des <em>Blocco Studentesco,<\/em> mit denen der Antifaschismus als \u00bbMafia\u00ab verunglimpft werden sollte (<a title=\"CasaPound-Aktion an Bozner Schule.\" href=\"https:\/\/www.brennerbasisdemokratie.eu\/?p=90553\"><code>01<\/code><\/a> <a title=\"Faschismus, bitte ank\u00fcndigen.\" href=\"https:\/\/www.brennerbasisdemokratie.eu\/?p=90603\"><code>02<\/code><\/a>).<\/p>\n<p>In Erinnerung an die Ermordung des Neofaschisten Sergio Ramelli (\u2020 1975) \u2014 einen Anlass, den allj\u00e4hrlich Hunderte missbrauchen, um in Mailand <a title=\"Gericht legalisiert Faschistengru\u00df f\u00fcr Ramelli.\" href=\"https:\/\/www.brennerbasisdemokratie.eu\/?p=90580\">ungestraft<\/a> einen <a title=\"Faschistengru\u00df f\u00fcr Ramelli.\" href=\"https:\/\/www.brennerbasisdemokratie.eu\/?p=64744\">abscheulichen Ritus<\/a> abzuhalten \u2014 brachten jetzt <abbr title=\"CasaPound Italia\">CPI<\/abbr>-Mitglieder in Bozen eine \u00bbsubversive\u00ab Gedenktafel an. Demnach sei Ramelli ein \u00bbOpfer des antifaschistischen Hasses\u00ab gewesen.<\/p>\n<h6>Revisionismus<\/h6>\n<p>Der gemeinsame Nenner all dieser Aktionen <a title=\"Foibe: Ricordo neofascista.\" href=\"https:\/\/www.brennerbasisdemokratie.eu\/?p=67546\">sowie der Erinnerung an die Karsth\u00f6hlenopfer<\/a> ist es, den programmatisch und ideologisch auf Vernichtung ausgerichteten Faschismus als \u00bbgut\u00ab (zumindest aber als neutral) und den Antifaschismus als etwas Gef\u00e4hrliches darzustellen. Damit soll die \u00f6ffentliche Wahrnehmung immer weiter verschoben werden, bis Faschismus und Antifaschismus moralisch nicht mehr voneinander zu unterscheiden sind.<\/p>\n<p>Dieses Anliegen teilt CPI mit der Regierungspartei FdI und mit der <em>Lega.<\/em><\/p>\n<p>Auch deshalb ist es zwar aufsehenerregend, aber keineswegs \u00fcberraschend, dass ein f\u00fchrender <em>CasaPound<\/em>-Mann wie Maurizio Puglisi Ghizzi zur anstehenden Gemeinderatswahl <a title=\"Puglisi Ghizzi kandidiert f\u00fcr die Lega.\" href=\"https:\/\/www.brennerbasisdemokratie.eu\/?p=90794\">f\u00fcr die <em>Lega<\/em> antritt.<\/a> Dass sich bei den mehr und weniger extremen Rechten <a title=\"Die Mutter aller Infografiken.\" href=\"https:\/\/www.brennerbasisdemokratie.eu\/?p=27731\">alles vermischt und dann, zumindest vordergr\u00fcndig, wieder trennt<\/a>, tr\u00e4gt zu einer Un\u00fcbersichtlichkeit bei, in deren Nebel sich der f\u00fcr die Faschistinnen so vorteilhafte Relativismus perfekt ausbreiten kann. Wenn alle mit allen anbandeln, sind irgendwann alle anr\u00fcchig. Oder eben nicht.<\/p>\n<p>Seit sie die Rechtsparteien als legitime Koalitionspartnerinnen betrachtet, hat sich auch die <abbr title=\"S\u00fcdtiroler Volkspartei\">SVP<\/abbr> in diesen Sumpf begeben und dient ihnen als Werkzeug.<\/p>\n<p><strong><span style=\"font-family: Helvetica, Arial, sans-serif; text-transform: uppercase;\">C\u00ebla enghe:<\/span><\/strong> <a title=\"Il cortocircuito narrativo del \u00abricordismo\u00bb.\" href=\"https:\/\/www.brennerbasisdemokratie.eu\/?p=90342\"><code>01<\/code><\/a> <a title=\"Ramelli: Befriedung mit Faschogru\u00df.\" href=\"https:\/\/www.brennerbasisdemokratie.eu\/?p=78153\"><code>02<\/code><\/a> <a title=\"Mit CasaPound zum Vizelandeshauptmann?\" href=\"https:\/\/www.brennerbasisdemokratie.eu\/?p=81795\"><code>03<\/code><\/a> <a title=\"Berlusconi si vanta di aver legittimato i fascisti.\" href=\"https:\/\/www.brennerbasisdemokratie.eu\/?p=69977\"><code>04<\/code><\/a><\/p>","protected":false},"excerpt":{"rendered":"<p>Die neofaschistische Bewegung CasaPound verdichtet in Bozen wieder ihre T\u00e4tigkeit: Auf die Teilnahme von LH-Stellvertreter Marco Galateo (FdI) an einer verkappten Veranstaltung der Bewegung folgten zwei Aktionen des Blocco Studentesco, mit denen der Antifaschismus als \u00bbMafia\u00ab verunglimpft werden sollte (01 02). In Erinnerung an die Ermordung des Neofaschisten Sergio Ramelli (\u2020 1975) \u2014 einen Anlass, [&hellip;]<\/p>","protected":false},"author":1,"featured_media":0,"comment_status":"open","ping_status":"open","sticky":false,"template":"","format":"standard","meta":{"_crdt_document":"","ngg_post_thumbnail":0,"_jetpack_memberships_contains_paid_content":false,"footnotes":""},"categories":[1],"tags":[],"class_list":["post-90889","post","type-post","status-publish","format-standard","hentry","category-allgemein","entity-cpi","entity-fdi","entity-lega","entity-svp","issue-foibe","issue-gemeindewahl-2024","location-italy","location-lombardia","location-sudtirolo","language-deutsch","person-marco-galateo","person-maurizio-puglisi-ghizzi","topic-faschismen","topic-geschichte","topic-politik"],"jetpack_featured_media_url":"","jetpack_sharing_enabled":true,"_links":{"self":[{"href":"https:\/\/www.brennerbasisdemokratie.eu\/index.php?rest_route=\/wp\/v2\/posts\/90889","targetHints":{"allow":["GET"]}}],"collection":[{"href":"https:\/\/www.brennerbasisdemokratie.eu\/index.php?rest_route=\/wp\/v2\/posts"}],"about":[{"href":"https:\/\/www.brennerbasisdemokratie.eu\/index.php?rest_route=\/wp\/v2\/types\/post"}],"author":[{"embeddable":true,"href":"https:\/\/www.brennerbasisdemokratie.eu\/index.php?rest_route=\/wp\/v2\/users\/1"}],"replies":[{"embeddable":true,"href":"https:\/\/www.brennerbasisdemokratie.eu\/index.php?rest_route=%2Fwp%2Fv2%2Fcomments&post=90889"}],"version-history":[{"count":6,"href":"https:\/\/www.brennerbasisdemokratie.eu\/index.php?rest_route=\/wp\/v2\/posts\/90889\/revisions"}],"predecessor-version":[{"id":90904,"href":"https:\/\/www.brennerbasisdemokratie.eu\/index.php?rest_route=\/wp\/v2\/posts\/90889\/revisions\/90904"}],"wp:attachment":[{"href":"https:\/\/www.brennerbasisdemokratie.eu\/index.php?rest_route=%2Fwp%2Fv2%2Fmedia&parent=90889"}],"wp:term":[{"taxonomy":"category","embeddable":true,"href":"https:\/\/www.brennerbasisdemokratie.eu\/index.php?rest_route=%2Fwp%2Fv2%2Fcategories&post=90889"},{"taxonomy":"post_tag","embeddable":true,"href":"https:\/\/www.brennerbasisdemokratie.eu\/index.php?rest_route=%2Fwp%2Fv2%2Ftags&post=90889"}],"curies":[{"name":"wp","href":"https:\/\/api.w.org\/{rel}","templated":true}]}}