{"id":91954,"date":"2025-05-15T16:52:18","date_gmt":"2025-05-15T14:52:18","guid":{"rendered":"https:\/\/www.brennerbasisdemokratie.eu\/?p=91954"},"modified":"2025-11-16T18:05:10","modified_gmt":"2025-11-16T17:05:10","slug":"casapound-und-corraratis-faule-ausreden","status":"publish","type":"post","link":"https:\/\/www.brennerbasisdemokratie.eu\/?p=91954","title":{"rendered":"CasaPound und Corraratis faule Ausreden."},"content":{"rendered":"<p>Der B\u00fcrgermeisterkandidat der Rechtskoalition in Bozen, Carlo Corrarati, der am Sonntag gegen Juri Andriollo (<abbr title=\"Partito Democratico\">PD<\/abbr>) in die Stichwahl gehen wird, behauptet <a title=\"Salto: Corrarati vs Andriollo.\" href=\"https:\/\/salto.bz\/de\/article\/14052025\/corrarati-vs-andriollo\" target=\"_blank\" rel=\"noopener\">in einem <em>Salto<\/em>-Interview<\/a>, in seiner Koalition sei kein <em>CasaPound<\/em>-Kandidat gew\u00e4hlt worden. Selbst wenn dies stimmen w\u00fcrde, was aber gar nicht der Fall ist, w\u00e4re es nicht sein Verdienst, sondern lediglich Gl\u00fcck oder Zufall.<\/p>\n<p>Er selbst hat sich nicht blo\u00df nie von den Neofaschisten distanziert, sondern ist im Wahlkampf an ihrer Seite aufgetreten, wie zum Beispiel folgendes Bild zeigt:<\/p>\n<blockquote><p><img loading=\"lazy\" decoding=\"async\" class=\"size-full wp-image-91956 aligncenter\" src=\"https:\/\/www.brennerbasisdemokratie.eu\/wp-content\/uploads\/2025\/05\/fb_robertoselle-corrarati-caruso-puglisighizzi.jpg\" alt=\"\" width=\"900\" height=\"997\" srcset=\"https:\/\/www.brennerbasisdemokratie.eu\/wp-content\/uploads\/2025\/05\/fb_robertoselle-corrarati-caruso-puglisighizzi.jpg 900w, https:\/\/www.brennerbasisdemokratie.eu\/wp-content\/uploads\/2025\/05\/fb_robertoselle-corrarati-caruso-puglisighizzi-768x851.jpg 768w\" sizes=\"auto, (max-width: 900px) 100vw, 900px\" \/><\/p><\/blockquote>\n<p><em><small>Quelle: Facebook, Roberto Selle (Querbalken von mir) \u2013 v.l.n.r.: Paolo Zenorini, Marco Caruso, Claudio Corrarati, Roberto Selle, Maurizio Puglisi Ghizzi<\/small><\/em><\/p>\n<p>Marco Caruso (zweiter v. l.), fr\u00fcherer Gemeinderat der offen faschistischen <em>Unitalia,<\/em> arbeitet auch mit <em>CasaPound<\/em> zusammen. Er wurde diesmal f\u00fcr die <em>Lega<\/em> in den Gemeinderat der Landeshauptstadt gew\u00e4hlt. <a title=\"Puglisi Ghizzi kandidiert f\u00fcr die Lega.\" href=\"https:\/\/www.brennerbasisdemokratie.eu\/?p=90794\">Maurizio Puglisi Ghizzi<\/a> (passenderweise ganz rechts im Bild) ist als zweimaliger B\u00fcrgermeisterkandidat und ehemaliges Gemeinderatsmitglied von <em>CasaPound<\/em>&nbsp;erster Nichtgew\u00e4hlter auf der <em>Lega<\/em>-Liste und k\u00f6nnte somit im Laufe der n\u00e4chsten Amtsperiode nachr\u00fccken. Ebenfalls f\u00fcr die <em>Lega<\/em> wurde <em>CasaPound<\/em>-Mitglied <a title=\"LH-Stellvertreter empfing CasaPound-Mitglied.\" href=\"https:\/\/www.brennerbasisdemokratie.eu\/?p=91697\">Massimo Trigolo<\/a>&nbsp;in den Stadtviertelrat Oberau-Haslach gew\u00e4hlt, wo er schon einmal f\u00fcr <em>CasaPound<\/em> gesessen hatte.<\/p>\n<p>Claudio Corrarati (in der Mitte) scheint es nicht in Verlegenheit zu bringen, Seite an Seite mit den Faschisten zu posieren und sich auch aktiv von ihnen unterst\u00fctzen zu lassen.<\/p>\n<p>Sein Argument, sie seien ja nicht f\u00fcr <em>CasaPound<\/em> zur Wahl angetreten, sondern als Einzelpersonen, ist an bitterer L\u00e4cherlichkeit sowieso schwer zu \u00fcberbieten.<\/p>\n<p><strong><span style=\"font-family: Helvetica, Arial, sans-serif; text-transform: uppercase;\">C\u00ebla enghe:<\/span><\/strong> <a title=\"Die SVP bald mit CasaPound?\" href=\"https:\/\/www.brennerbasisdemokratie.eu\/?p=91834\"><code>01<\/code><\/a> <a title=\"Bozen: Lega-Kandidat bezeichnet Menschen als Ungeziefer.\" href=\"https:\/\/www.brennerbasisdemokratie.eu\/?p=91534\"><code>02<\/code><\/a> <a title=\"Bozen: Der LVH mit FdI und Lega.\" href=\"https:\/\/www.brennerbasisdemokratie.eu\/?p=90441\"><code>03<\/code><\/a> <span style=\"font-family: Helvetica, Arial, sans-serif; font-weight: normal;\">||<\/span> <a title=\"Corrarati gewinnt knapp.\" href=\"https:\/\/www.brennerbasisdemokratie.eu\/?p=92053\"><span style=\"color: #ff8c00\"><code>01<\/code><\/span><\/a> <a title=\"Lo scandalo del fascio.\" href=\"https:\/\/www.brennerbasisdemokratie.eu\/?p=92109\"><span style=\"color: #ff8c00\"><code>02<\/code><\/span><\/a> <a title=\"Combattere contro la destra estrema con CasaPound.\" href=\"https:\/\/www.brennerbasisdemokratie.eu\/?p=92156\"><span style=\"color: #ff8c00\"><code>03<\/code><\/span><\/a> <a title=\"Corrarati feiert mit CasaPoundler.\" href=\"https:\/\/www.brennerbasisdemokratie.eu\/?p=92532\"><span style=\"color: #ff8c00\"><code>04<\/code><\/span><\/a> <a title=\"Corrarati und die SVP mit \u203aRemigrazione e Riconquista\u2039.\" href=\"https:\/\/www.brennerbasisdemokratie.eu\/?p=96177\"><span style=\"color: #ff8c00\"><code>05<\/code><\/span><\/a><\/p>","protected":false},"excerpt":{"rendered":"<p>Der B\u00fcrgermeisterkandidat der Rechtskoalition in Bozen, Carlo Corrarati, der am Sonntag gegen Juri Andriollo (PD) in die Stichwahl gehen wird, behauptet in einem Salto-Interview, in seiner Koalition sei kein CasaPound-Kandidat gew\u00e4hlt worden. Selbst wenn dies stimmen w\u00fcrde, was aber gar nicht der Fall ist, w\u00e4re es nicht sein Verdienst, sondern lediglich Gl\u00fcck oder Zufall. Er [&hellip;]<\/p>","protected":false},"author":1,"featured_media":0,"comment_status":"open","ping_status":"open","sticky":false,"template":"","format":"standard","meta":{"_crdt_document":"","ngg_post_thumbnail":0,"_jetpack_memberships_contains_paid_content":false,"footnotes":""},"categories":[1],"tags":[],"class_list":["post-91954","post","type-post","status-publish","format-standard","hentry","category-allgemein","entity-cpi","entity-gemeinde-bozen","entity-lega","issue-gemeindewahl-2024","location-sudtirolo","language-deutsch","medium-salto","medium-socialmedia","person-claudio-corrarati","person-maurizio-puglisi-ghizzi","topic-faktencheck","topic-faschismen","topic-medien","topic-politik"],"jetpack_featured_media_url":"","jetpack_sharing_enabled":true,"_links":{"self":[{"href":"https:\/\/www.brennerbasisdemokratie.eu\/index.php?rest_route=\/wp\/v2\/posts\/91954","targetHints":{"allow":["GET"]}}],"collection":[{"href":"https:\/\/www.brennerbasisdemokratie.eu\/index.php?rest_route=\/wp\/v2\/posts"}],"about":[{"href":"https:\/\/www.brennerbasisdemokratie.eu\/index.php?rest_route=\/wp\/v2\/types\/post"}],"author":[{"embeddable":true,"href":"https:\/\/www.brennerbasisdemokratie.eu\/index.php?rest_route=\/wp\/v2\/users\/1"}],"replies":[{"embeddable":true,"href":"https:\/\/www.brennerbasisdemokratie.eu\/index.php?rest_route=%2Fwp%2Fv2%2Fcomments&post=91954"}],"version-history":[{"count":8,"href":"https:\/\/www.brennerbasisdemokratie.eu\/index.php?rest_route=\/wp\/v2\/posts\/91954\/revisions"}],"predecessor-version":[{"id":96184,"href":"https:\/\/www.brennerbasisdemokratie.eu\/index.php?rest_route=\/wp\/v2\/posts\/91954\/revisions\/96184"}],"wp:attachment":[{"href":"https:\/\/www.brennerbasisdemokratie.eu\/index.php?rest_route=%2Fwp%2Fv2%2Fmedia&parent=91954"}],"wp:term":[{"taxonomy":"category","embeddable":true,"href":"https:\/\/www.brennerbasisdemokratie.eu\/index.php?rest_route=%2Fwp%2Fv2%2Fcategories&post=91954"},{"taxonomy":"post_tag","embeddable":true,"href":"https:\/\/www.brennerbasisdemokratie.eu\/index.php?rest_route=%2Fwp%2Fv2%2Ftags&post=91954"}],"curies":[{"name":"wp","href":"https:\/\/api.w.org\/{rel}","templated":true}]}}