{"id":93186,"date":"2025-07-06T23:59:14","date_gmt":"2025-07-06T21:59:14","guid":{"rendered":"https:\/\/www.brennerbasisdemokratie.eu\/?p=93186"},"modified":"2025-08-15T17:46:11","modified_gmt":"2025-08-15T15:46:11","slug":"cai-gegen-geschichtsaufarbeitung","status":"publish","type":"post","link":"https:\/\/www.brennerbasisdemokratie.eu\/?p=93186","title":{"rendered":"CAI gegen Geschichtsaufarbeitung."},"content":{"rendered":"<p>Nachdem ich <a title=\"Aufarbeitung statt S\u00fcdtirolisierung der H\u00fcttennamen.\" href=\"https:\/\/www.brennerbasisdemokratie.eu\/?p=93178\">hier<\/a> den Leserbrief von Rudi Benedikter <a title=\"Sollen jetzt Schutzh\u00fctten umbenannt werden?\" href=\"https:\/\/www.brennerbasisdemokratie.eu\/?p=93151\">zu den H\u00fcttenbenennungen<\/a> wiedergegeben hatte, bin ich heute auf <em>Facebook<\/em> \u2014 Zufall oder Algorithmus \u2014 auf <a title=\"FB: Zanella - Corriere.\" href=\"https:\/\/www.facebook.com\/share\/p\/1AaS1RdCCD\/\" target=\"_blank\" rel=\"noopener\">ein Posting von Carlo Alberto Zanella<\/a> zu diesem Thema gesto\u00dfen. Der S\u00fcdtiroler <abbr title=\"Club Alpino Italiano\">CAI<\/abbr>-Chef teilt darin einen Ausschnitt aus dem heutigen <em>Corriere <\/em>(S\u00fcdtirolbeilage), wo es unter anderem hei\u00dft:<\/p>\n<blockquote><p>Carlo Zanella, Pr\u00e4sident des S\u00fcdtiroler CAI, bringt eine klare Position zum Ausdruck und unterscheidet zwischen den vom CAI gef\u00fchrten und den deutschsprachigen (!) H\u00fctten. \u00bbWenn sie bei ihren H\u00fctten dieses Problem haben, sollen sie dar\u00fcber diskutieren. Unsere passen so wie sie sind.\u00ab<\/p>\n<p><em><small>\u2013 Corriere vom 6. Juli 2025<\/small><\/em><\/p><\/blockquote>\n<details>\n<summary><em><small>\u00dcbersetzung von mir (<span style=\"text-decoration: underline;\">Original anzeigen<\/span>)<\/small><\/em><\/summary>\n<p style=\"padding-left: 40px;\">Carlo Zanella, Presidente del Cai di Bolzano, esprime una posizione chiara distinguendo tra i rifugi gestiti dal Cai e quelli in lingua tedesca. \u00abSe per i loro rifugi hanno questo problema, ne discutano. I nostri vanno bene cos\u00ec\u00bb.<\/p>\n<p style=\"padding-left: 40px;\"><small><em>\u2013 Corriere del 25 luglio 2025<\/em><\/small><\/p>\n<\/details>\n<p>Dies ist auf mehreren Ebenen aufschlussreich:<\/p>\n<p>Die AVS-Vizepr\u00e4sidentin Ingrid Beikircher hatte in ihrem Beitrag (<a title=\"Bergeerleben 2\/2025.\" href=\"https:\/\/www.brennerbasisdemokratie.eu\/wp-content\/uploads\/2025\/07\/bergeerleben-02-2025.pdf\" target=\"_blank\" rel=\"noopener\"><em>Berge erleben<\/em> Nr. 2\/2025<\/a>, S. 58f.) behauptet:<\/p>\n<blockquote><p>Mit Carlo Alberto Zanella, Pr\u00e4sident des CAI Alto Adige, fanden diesbez\u00fcglich bereits Gespr\u00e4che statt und man scheint den Vorschl\u00e4gen nicht abgeneigt zu sein.<\/p>\n<p><small><em>\u2013 Ingrid Beikircher<\/em><\/small><\/p><\/blockquote>\n<p>Entweder Zanella hatte also ganz und gar nicht verstanden, worum es ging \u2014 oder er hat inzwischen eine Kehrtwende gemacht.<\/p>\n<p>Beikirchers Anregung bezog sich n\u00e4mlich ausdr\u00fccklich <em>nicht<\/em> auf die AVS-H\u00fctten, die ja bereits \u00bbregionale\u00ab Namen tragen, sondern haupts\u00e4chlich auf die des CAI und des Landes S\u00fcdtirol.<\/p>\n<p>W\u00e4hrend der AVS aber bereit w\u00e4re, selbst historisch gewachsene deutsche H\u00fcttenbezeichnungen zu tilgen, denkt der CAI offenbar nicht im Entferntesten daran, die italienischen Namen zu \u00e4ndern. Es gibt dort null Problem- und Unrechtsbewusstsein und keinerlei Bereitschaft, die belasteten Kolonialbezeichnungen aufzuarbeiten.<\/p>\n<p>Auch die vom CAI gef\u00fchrte <em>Dreizinnenh\u00fctte,<\/em> die auf Italienisch zu Ehren eines Faschisten und Kriegsverbrechers <em>Rifugio Antonio Locatelli<\/em> hei\u00dft, ist f\u00fcr den italienischen Alpinverein offenbar kein Problem.<\/p>\n<p>Das genaue Gegenteil also von dem, was zum Beispiel Rudi Benedikter fordert.<\/p>\n<p><strong><span style=\"font-family: Helvetica, Arial, sans-serif; text-transform: uppercase;\">C\u00ebla enghe:<\/span><\/strong> <a title=\"Zanella (CAI): Qui \u00absiamo in Italia\u00bb.\" href=\"https:\/\/www.brennerbasisdemokratie.eu\/?p=88446\"><code>01<\/code><\/a> <a title=\"Toponomastica, CAI nuovamente scatenato.\" href=\"https:\/\/www.brennerbasisdemokratie.eu\/?p=88437\"><code>02<\/code><\/a> <a title=\"Die kolonialen Priorit\u00e4ten von PD und CAI.\" href=\"https:\/\/www.brennerbasisdemokratie.eu\/?p=77709\"><code>03<\/code><\/a> <a title=\"CAI: Raubgutr\u00fcckgabe an den AVS.\" href=\"https:\/\/www.brennerbasisdemokratie.eu\/?p=92552\"><code>04<\/code><\/a> <span style=\"font-family: Helvetica, Arial, sans-serif; font-weight: normal;\">||<\/span> <a title=\"Rifugio Antonio Locatelli e S\u00f6lden-H\u00fctte.\" href=\"https:\/\/www.brennerbasisdemokratie.eu\/?p=93205\"><span style=\"color: #ff8c00\"><code>01<\/code><\/span><\/a> <a title=\"Corriere, CAI e FdI rilanciano Tolomei.\" href=\"https:\/\/www.brennerbasisdemokratie.eu\/?p=93918\"><span style=\"color: #ff8c00\"><code>02<\/code><\/span><\/a><\/p>","protected":false},"excerpt":{"rendered":"<p>Nachdem ich hier den Leserbrief von Rudi Benedikter zu den H\u00fcttenbenennungen wiedergegeben hatte, bin ich heute auf Facebook \u2014 Zufall oder Algorithmus \u2014 auf ein Posting von Carlo Alberto Zanella zu diesem Thema gesto\u00dfen. Der S\u00fcdtiroler CAI-Chef teilt darin einen Ausschnitt aus dem heutigen Corriere (S\u00fcdtirolbeilage), wo es unter anderem hei\u00dft: Carlo Zanella, Pr\u00e4sident des [&hellip;]<\/p>","protected":false},"author":1,"featured_media":0,"comment_status":"open","ping_status":"open","sticky":false,"template":"","format":"standard","meta":{"_crdt_document":"","ngg_post_thumbnail":0,"_jetpack_memberships_contains_paid_content":false,"footnotes":""},"categories":[1],"tags":[],"class_list":["post-93186","post","type-post","status-publish","format-standard","hentry","category-allgemein","entity-avs","entity-cai","issue-geschichtsaufarbeitung","issue-zitac","location-sudtirolo","language-deutsch","medium-corriere","medium-socialmedia","person-carlo-alberto-zanella","person-rudi-benedikter","topic-colonialismi","topic-faschismen","topic-ortsnamen"],"jetpack_featured_media_url":"","jetpack_sharing_enabled":true,"_links":{"self":[{"href":"https:\/\/www.brennerbasisdemokratie.eu\/index.php?rest_route=\/wp\/v2\/posts\/93186","targetHints":{"allow":["GET"]}}],"collection":[{"href":"https:\/\/www.brennerbasisdemokratie.eu\/index.php?rest_route=\/wp\/v2\/posts"}],"about":[{"href":"https:\/\/www.brennerbasisdemokratie.eu\/index.php?rest_route=\/wp\/v2\/types\/post"}],"author":[{"embeddable":true,"href":"https:\/\/www.brennerbasisdemokratie.eu\/index.php?rest_route=\/wp\/v2\/users\/1"}],"replies":[{"embeddable":true,"href":"https:\/\/www.brennerbasisdemokratie.eu\/index.php?rest_route=%2Fwp%2Fv2%2Fcomments&post=93186"}],"version-history":[{"count":16,"href":"https:\/\/www.brennerbasisdemokratie.eu\/index.php?rest_route=\/wp\/v2\/posts\/93186\/revisions"}],"predecessor-version":[{"id":93944,"href":"https:\/\/www.brennerbasisdemokratie.eu\/index.php?rest_route=\/wp\/v2\/posts\/93186\/revisions\/93944"}],"wp:attachment":[{"href":"https:\/\/www.brennerbasisdemokratie.eu\/index.php?rest_route=%2Fwp%2Fv2%2Fmedia&parent=93186"}],"wp:term":[{"taxonomy":"category","embeddable":true,"href":"https:\/\/www.brennerbasisdemokratie.eu\/index.php?rest_route=%2Fwp%2Fv2%2Fcategories&post=93186"},{"taxonomy":"post_tag","embeddable":true,"href":"https:\/\/www.brennerbasisdemokratie.eu\/index.php?rest_route=%2Fwp%2Fv2%2Ftags&post=93186"}],"curies":[{"name":"wp","href":"https:\/\/api.w.org\/{rel}","templated":true}]}}