{"id":93748,"date":"2025-08-04T23:02:42","date_gmt":"2025-08-04T21:02:42","guid":{"rendered":"https:\/\/www.brennerbasisdemokratie.eu\/?p=93748"},"modified":"2025-08-04T23:07:06","modified_gmt":"2025-08-04T21:07:06","slug":"i-tribunali-baleari-dovranno-utilizzare-i-toponimi-catalani","status":"publish","type":"post","link":"https:\/\/www.brennerbasisdemokratie.eu\/?p=93748","title":{"rendered":"I tribunali baleari dovranno utilizzare i toponimi catalani."},"content":{"rendered":"<p>La giustizia spagnola, nelle Isole Baleari, non potr\u00e0 pi\u00f9 servirsi dei toponimi locali spagnoli \u2014 ovvero castigliani \u2014 negli atti e nelle comunicazioni di qualsiasi tipo, indipendentemente dalla lingua utilizzata. Ci\u00f2 significa che anche nei testi in lingua spagnola sar\u00e0 ammesso solamente l&#8217;utilizzo della toponomastica catalana.<\/p>\n<p>L&#8217;entit\u00e0 linguistica <em>Fem-ho en Catal\u00e0<\/em> (\u00abFacciamolo in Catalano\u00bb) aveva presentato un reclamo al Ministero della Giustizia di Madrid, in quanto i tribunali delle Baleari, nei testi in lingua spagnola, sovente utilizzavano la toponomastica castiglianizzata \u2014 come ad esempio Ibiza (in luogo di Eivissa), Palma de Mallorca (in luogo di Palma) o <a title=\"Minorca, il capoluogo corregge il toponimo.\" href=\"https:\/\/www.brennerbasisdemokratie.eu\/?p=63778\">Mah\u00f3n (in luogo di Ma\u00f3).<\/a><\/p>\n<p>Il Ministero della Giustizia ora ha emesso una cosiddetta risoluzione amministrativa contenente l&#8217;ordine che, essendo l&#8217;unica forma ufficiale dei toponimi delle Baleari quella in lingua catalana, i tribunali saranno d&#8217;ora innanzi tenuti a utilizzarli esclusivamente, dando quindi pienamente ragione all&#8217;associazione ricorrente.<\/p>\n<p>In precedenza, il Tribunale Supremo aveva invece sostenuto che fosse legale anche l&#8217;utilizzo della toponomastica non (pi\u00f9) ufficiale.<\/p>\n<p>A fine 2024, con la nuova legge sul diritto alla difesa, il Governo spagnolo <a title=\"In Spagna i tribunali diventano plurilingui.\" href=\"https:\/\/www.brennerbasisdemokratie.eu\/?p=89188\">aveva sensibilmente ampliato i diritti linguistici in ambito giudiziario.<\/a> Con la risoluzione appena rilasciata invece ha ribadito l&#8217;importanza dei toponimi ufficiali a prescindere dalla lingua, rafforzando il ruolo e la dignit\u00e0 delle lingue minoritarie o coufficiali.<\/p>\n<p>Le regioni dello Stato spagnolo hanna piena autonomia nell&#8217;ambito della toponomastica e hanno facolt\u00e0 di abolire quella castigliana di origine franchista e non.<\/p>\n<p><strong><span style=\"font-family: Helvetica, Arial, sans-serif; text-transform: uppercase;\">C\u00ebla enghe:<\/span><\/strong> <a title=\"Ortsnamen \u00b7 Toponomastica: Catalunya.\" href=\"https:\/\/www.brennerbasisdemokratie.eu\/?p=6375\"><code>01<\/code><\/a>&nbsp;<a title=\"Kaum Deutsch vor Gericht.\" href=\"https:\/\/www.brennerbasisdemokratie.eu\/?p=78339\"><code>02<\/code><\/a> <a title=\"Gerichtspr\u00e4sidentin will Deutsch vor Gericht schw\u00e4chen.\" href=\"https:\/\/www.brennerbasisdemokratie.eu\/?p=78706\"><code>03<\/code><\/a> <a title=\"Sprache: EuGH widerspricht Kassation.\" href=\"https:\/\/www.brennerbasisdemokratie.eu\/?p=18609\"><code>04<\/code><\/a> <a title=\"Rechnungshof beharrt auf Einsprachigkeit.\" href=\"https:\/\/www.brennerbasisdemokratie.eu\/?p=51897\"><code>05<\/code><\/a><\/p>","protected":false},"excerpt":{"rendered":"<p>La giustizia spagnola, nelle Isole Baleari, non potr\u00e0 pi\u00f9 servirsi dei toponimi locali spagnoli \u2014 ovvero castigliani \u2014 negli atti e nelle comunicazioni di qualsiasi tipo, indipendentemente dalla lingua utilizzata. Ci\u00f2 significa che anche nei testi in lingua spagnola sar\u00e0 ammesso solamente l&#8217;utilizzo della toponomastica catalana. L&#8217;entit\u00e0 linguistica Fem-ho en Catal\u00e0 (\u00abFacciamolo in Catalano\u00bb) aveva [&hellip;]<\/p>","protected":false},"author":1,"featured_media":0,"comment_status":"open","ping_status":"open","sticky":false,"template":"","format":"standard","meta":{"_crdt_document":"","ngg_post_thumbnail":0,"_jetpack_memberships_contains_paid_content":false,"footnotes":""},"categories":[1],"tags":[],"class_list":["post-93748","post","type-post","status-publish","format-standard","hentry","category-allgemein","issue-good-news","location-illes-balears","location-spania","language-italiano","topic-comparatio","topic-foederalismus","topic-justiz","topic-minderheitenschutz","topic-ortsnamen","topic-politik"],"jetpack_featured_media_url":"","jetpack_sharing_enabled":true,"_links":{"self":[{"href":"https:\/\/www.brennerbasisdemokratie.eu\/index.php?rest_route=\/wp\/v2\/posts\/93748","targetHints":{"allow":["GET"]}}],"collection":[{"href":"https:\/\/www.brennerbasisdemokratie.eu\/index.php?rest_route=\/wp\/v2\/posts"}],"about":[{"href":"https:\/\/www.brennerbasisdemokratie.eu\/index.php?rest_route=\/wp\/v2\/types\/post"}],"author":[{"embeddable":true,"href":"https:\/\/www.brennerbasisdemokratie.eu\/index.php?rest_route=\/wp\/v2\/users\/1"}],"replies":[{"embeddable":true,"href":"https:\/\/www.brennerbasisdemokratie.eu\/index.php?rest_route=%2Fwp%2Fv2%2Fcomments&post=93748"}],"version-history":[{"count":6,"href":"https:\/\/www.brennerbasisdemokratie.eu\/index.php?rest_route=\/wp\/v2\/posts\/93748\/revisions"}],"predecessor-version":[{"id":93754,"href":"https:\/\/www.brennerbasisdemokratie.eu\/index.php?rest_route=\/wp\/v2\/posts\/93748\/revisions\/93754"}],"wp:attachment":[{"href":"https:\/\/www.brennerbasisdemokratie.eu\/index.php?rest_route=%2Fwp%2Fv2%2Fmedia&parent=93748"}],"wp:term":[{"taxonomy":"category","embeddable":true,"href":"https:\/\/www.brennerbasisdemokratie.eu\/index.php?rest_route=%2Fwp%2Fv2%2Fcategories&post=93748"},{"taxonomy":"post_tag","embeddable":true,"href":"https:\/\/www.brennerbasisdemokratie.eu\/index.php?rest_route=%2Fwp%2Fv2%2Ftags&post=93748"}],"curies":[{"name":"wp","href":"https:\/\/api.w.org\/{rel}","templated":true}]}}