{"id":94193,"date":"2025-08-30T22:48:01","date_gmt":"2025-08-30T20:48:01","guid":{"rendered":"https:\/\/www.brennerbasisdemokratie.eu\/?p=94193"},"modified":"2025-12-29T19:09:19","modified_gmt":"2025-12-29T18:09:19","slug":"prom-merit-ladin","status":"publish","type":"post","link":"https:\/\/www.brennerbasisdemokratie.eu\/?p=94193","title":{"rendered":"Pr\u00f6m \u203aMerit Ladin\u2039."},"content":{"rendered":"<p>Am diesj\u00e4hrigen <em>Di dla Cultura ladina<\/em> wird erstmals der im Juli neu ins Leben gerufene <em>Merit-Ladin<\/em>-Preis \u00fcberreicht, mit dem fortan au\u00dferordentliche Verdienste um die ladinische Sprache und Kultur gew\u00fcrdigt werden sollen.<\/p>\n<p>Dass die erste Auszeichnung mit <a title=\"Wiki: Lois Craffonara.\" href=\"https:\/\/de.wikipedia.org\/wiki\/Lois_Craffonara\" target=\"_blank\" rel=\"noopener\">Lois Craffonara<\/a> an den Gr\u00fcndungsdirektor des ladinischen Kulturinstituts <em>Micur\u00e0 de R\u00fc<\/em> gehen soll, entschied die aus f\u00fcnf Expertinnen bestehende Fachjury einstimmig. Dem \u00bbDoyen der ladinischen Sprachwissenschaft\u00ab sei es gelungen, die Eigenst\u00e4ndigkeit des Ladinischen zu festigen und gegenteilige Positionen zu widerlegen. Zudem war er Mitbegr\u00fcnder und lang\u00e4hriger Herausgeber der international anerkannten Fachzeitschrift <a title=\"Wiki: Ladinia \u2013 sf\u00f6i cultur\u00e2l dai ladins dles Dolomites.\" href=\"https:\/\/de.wikipedia.org\/wiki\/Ladinia_%E2%80%93_Sf%C3%B6i_cultur%C3%A2l_dai_ladins_dles_Dolomites\" target=\"_blank\" rel=\"noopener\"><em>Ladinia.<\/em><\/a> Seine Studien und Publikationen zu Linguistik, Geschichte, Kunstgeschichte und Literatur h\u00e4tten weit \u00fcber die Grenzen Ladiniens hinaus Wirkung gezeigt.<\/p>\n<p>Laut Daniel Alfreider (<abbr title=\"S\u00fcdtiroler Volkspartei\">SVP<\/abbr>) hat Craffonara stets den Austausch mit anderen Minderheiten gesucht und insbesondere die Verbindung zu den R\u00e4toromaninnen in Graub\u00fcnden und im Friaul gest\u00e4rkt. Der <abbr title=\"Landeshauptmann\/-frau\">LH<\/abbr>-Stellvertreter und Landesrat f\u00fcr ladinische Schule und Kultur wird die Auszeichnung am 21. September in San Martin de Tor \u00fcberreichen.<\/p>\n<p>Dazu geh\u00f6rt auch ein Kunstwerk, das am 12. September aus dem Wettbewerb <em>Ert X Merit Ladin<\/em> hervorgehen wird, der eigens von <em>S\u00fcdtiroler K\u00fcnstlerbund<\/em> und ladinischer Bildungs- und Kulturdirektion des Landes ausgelobt wurde.<\/p>\n<p>Craffonara wurde 2001 auch bereits das Ehrenzeichen des Landes Tirol verliehen.<\/p>\n<p style=\"text-align: center;\"><hr class=\"dotted-hr\" style=\"height: 4px; width: 100%; border: none; margin-top: 0em; margin-bottom: 0em; background-color: black;\"\/><\/p>\n<ul>\n<li>Die Expertenjury des <em>Merit Ladin<\/em> bestand aus Andr\u00e9 Comploi (Direktor ladinische Bildungs- und Kulturdirektion), J\u00fcrgen Runggaldier (Direktor <em>Istitut Ladin Micur\u00e0 de R\u00fc),<\/em> Katharina Moling (Direktorin <em>Museum Ladin Ciastel de Tor),<\/em> Sabrina Rasom (Direktorin <em>Istitut Cultural Ladin Majon di Fascegn)<\/em> und Paul Videsott (Professor \u2013 Ladinische Abteilung der Fakult\u00e4t f\u00fcr Bildungswissenschaften an der Uni Bozen).<\/li>\n<li>Der <em>Di dla Cultura ladina<\/em> wird von der Direktion f\u00fcr ladinische Bildung und Kultur gemeinsam mit dem <em>Istitut Ladin Micur\u00e0 de R\u00fc,<\/em> dem <em>Museum Ladin Ciastel de Tor<\/em> mit Beteiligung der Uni Bozen, der ladinischen Kulturinstitute von Fascia und Fodom-Col-Anpezo, der <em>Union Generela di Ladins dles Dolomites,<\/em> der <em>Unions di Ladins<\/em> der jeweiligen T\u00e4ler und der ladinischen Kulturvereine organisiert.<\/li>\n<\/ul>\n<p style=\"text-align: center;\"><hr class=\"dotted-hr\" style=\"height: 4px; width: 100%; border: none; margin-top: 0em; margin-bottom: 0em; background-color: black;\"\/><\/p>\n<p>Sch\u00f6n finde ich auch, dass hier die <a title=\"Ladinia: Ein Jahrhundert divide et impera.\" href=\"https:\/\/www.brennerbasisdemokratie.eu\/?p=76312\">grenz\u00fcberschreitende<\/a> Einheit Ladiniens gelebt und zelebriert wird.<\/p>\n<p>Auch ein Preis f\u00fcr Verdienste um Deutsch (als Minderheitensprache) in S\u00fcdtirol w\u00e4re eine gute Idee, um das entsprechende Bewusstsein zu st\u00e4rken und Menschen in den Vordergrund zu stellen, die diesbez\u00fcgliche Leistungen vollbracht haben.<\/p>\n<p><strong><span style=\"font-family: Helvetica, Arial, sans-serif; text-transform: uppercase;\">C\u00ebla enghe:<\/span><\/strong> <a title=\"Ladinischer Landesrat \u00fcber Ergebnis der Sprachgruppenz\u00e4hlung \u203aerfreut\u2039.\" href=\"https:\/\/www.brennerbasisdemokratie.eu\/?p=89660\"><code>01<\/code><\/a> <a title=\"Ladinia: Minderheit seit 1981 \u00fcberall zur\u00fcckgegangen.\" href=\"https:\/\/www.brennerbasisdemokratie.eu\/?p=89868\"><code>02<\/code><\/a> <a title=\"Ladinische Flagge anerkannt.\" href=\"https:\/\/www.brennerbasisdemokratie.eu\/?p=85818\"><code>03<\/code><\/a> <a title=\"Ladinische Sprache st\u00e4rken!\" href=\"https:\/\/www.brennerbasisdemokratie.eu\/?p=89068\"><code>04<\/code><\/a> <a title=\"Leteratura Sucr\u00ebta?\" href=\"https:\/\/www.brennerbasisdemokratie.eu\/?p=72339\"><code>05<\/code><\/a><\/p>","protected":false},"excerpt":{"rendered":"<p>Am diesj\u00e4hrigen Di dla Cultura ladina wird erstmals der im Juli neu ins Leben gerufene Merit-Ladin-Preis \u00fcberreicht, mit dem fortan au\u00dferordentliche Verdienste um die ladinische Sprache und Kultur gew\u00fcrdigt werden sollen. Dass die erste Auszeichnung mit Lois Craffonara an den Gr\u00fcndungsdirektor des ladinischen Kulturinstituts Micur\u00e0 de R\u00fc gehen soll, entschied die aus f\u00fcnf Expertinnen bestehende [&hellip;]<\/p>","protected":false},"author":1,"featured_media":0,"comment_status":"open","ping_status":"open","sticky":false,"template":"","format":"standard","meta":{"_crdt_document":"","ngg_post_thumbnail":0,"_jetpack_memberships_contains_paid_content":false,"footnotes":""},"categories":[1],"tags":[],"class_list":["post-94193","post","type-post","status-publish","format-standard","hentry","category-allgemein","entity-fub","entity-land-sudtirol","entity-landesregierung","entity-micura-de-ru","entity-svp","entity-ugld","issue-good-news","issue-zitac","location-friaul","location-grischun","location-ladinia","location-souramont","location-sudtirolo","location-trentino","language-deutsch","person-daniel-alfreider","person-paul-videsott","topic-kunstcultura","topic-kunst","topic-minderheitenschutz","topic-plurilinguism","topic-politik","topic-symbolik","topic-wissenschaft"],"jetpack_featured_media_url":"","jetpack_sharing_enabled":true,"_links":{"self":[{"href":"https:\/\/www.brennerbasisdemokratie.eu\/index.php?rest_route=\/wp\/v2\/posts\/94193","targetHints":{"allow":["GET"]}}],"collection":[{"href":"https:\/\/www.brennerbasisdemokratie.eu\/index.php?rest_route=\/wp\/v2\/posts"}],"about":[{"href":"https:\/\/www.brennerbasisdemokratie.eu\/index.php?rest_route=\/wp\/v2\/types\/post"}],"author":[{"embeddable":true,"href":"https:\/\/www.brennerbasisdemokratie.eu\/index.php?rest_route=\/wp\/v2\/users\/1"}],"replies":[{"embeddable":true,"href":"https:\/\/www.brennerbasisdemokratie.eu\/index.php?rest_route=%2Fwp%2Fv2%2Fcomments&post=94193"}],"version-history":[{"count":8,"href":"https:\/\/www.brennerbasisdemokratie.eu\/index.php?rest_route=\/wp\/v2\/posts\/94193\/revisions"}],"predecessor-version":[{"id":94214,"href":"https:\/\/www.brennerbasisdemokratie.eu\/index.php?rest_route=\/wp\/v2\/posts\/94193\/revisions\/94214"}],"wp:attachment":[{"href":"https:\/\/www.brennerbasisdemokratie.eu\/index.php?rest_route=%2Fwp%2Fv2%2Fmedia&parent=94193"}],"wp:term":[{"taxonomy":"category","embeddable":true,"href":"https:\/\/www.brennerbasisdemokratie.eu\/index.php?rest_route=%2Fwp%2Fv2%2Fcategories&post=94193"},{"taxonomy":"post_tag","embeddable":true,"href":"https:\/\/www.brennerbasisdemokratie.eu\/index.php?rest_route=%2Fwp%2Fv2%2Ftags&post=94193"}],"curies":[{"name":"wp","href":"https:\/\/api.w.org\/{rel}","templated":true}]}}