{"id":94459,"date":"2025-09-11T18:09:55","date_gmt":"2025-09-11T16:09:55","guid":{"rendered":"https:\/\/www.brennerbasisdemokratie.eu\/?p=94459"},"modified":"2025-09-17T18:07:50","modified_gmt":"2025-09-17T16:07:50","slug":"un-fenomeno-illegittimo-che-diventa-legittimo","status":"publish","type":"post","link":"https:\/\/www.brennerbasisdemokratie.eu\/?p=94459","title":{"rendered":"Un fenomeno illegittimo che diventa legittimo."},"content":{"rendered":"<blockquote><p>Se dovessi fare il giurista positivista direi: \u00abVa bene, [la secessione] non \u00e8 possibile \u2014 finito il discorso, parliamo d&#8217;altro.\u00bb Ma il giurista un po&#8217; pi\u00f9 bravo guarda anche agli altri fattori, che possono determinare lo <em>sviluppo<\/em> delle norme. Dal 1941 ad oggi sono nati, nel mondo, 130 stati. Nella gran parte dei casi \u2014 vabb\u00e8, togliamo tutta la parte della decolonizzazione \u2014, diciamo che una buona met\u00e0 di questi casi sono prodotti di processi illegittimi. La mia et\u00e0 coincide pi\u00f9 o meno con il numero degli stati, cio\u00e8 io ho vissuto una cinquantina di stati che, da quando sono nato, si sono formati e, essendo dopo la decolonizzazione, quasi tutti sono nati in maniera illegale. Dal 1991 in avanti, 31 stati si sono formati. Allora, salvo qualche raro processo negoziale, la secessione \u00e8 un fenomeno che nasce illegittimo e diventa legittimo quando si formano delle condizioni. Oppure rimane l\u00ec nel limbo. \u00c8 legittimo il Kosovo o no? Lo sappiamo? Per l&#8217;Italia ad esempio \u00e8 uno stato sovrano riconosciuto e legittimo, gioca pure le partite di calcio nei campionati europei, ma per altri stati non lo \u00e8. [\u2026] Quello che pu\u00f2 succedere e che spesso succede \u00e8 che il diritto internazionale si metta a rincorrere la realt\u00e0 fattuale. L&#8217;Alto Adige \u00e8 assolutamente un posto dove non soltanto non \u00e8 al momento giuridicamente possibile la secessione, ma nemmeno un posto che \u2014 soprattutto se visto da fuori \u2014 avrebbe motivazioni legittime per chiederla. E sicuramente dal punto di vista del diritto internazionale le condizioni per una indipendenza non ci sono: non c&#8217;\u00e8 oppressione, non c&#8217;\u00e8 decolonizzazione, non c&#8217;\u00e8 violazione dei diritti. Perch\u00e9 dovrebbe mai potersi chiedere? Perch\u00e9 queste cose possono succedere lo stesso. E ci possono essere delle cose anche in buona fede, come la riforma dello statuto, che possono innescare dei processi che non si sa dove vadano a finire.<\/p><\/blockquote>\n<blockquote><p>Quindi, nel momento in cui tutti questi tasselli vengono insieme, ecco che non escluderei che nel corso della mia vita \u2014 che spero non sia ancora troppo breve, quella che mi resta \u2014 si possano vedere anche dei passaggi che al momento possono sembrare non soltanto giuridicamente improponibili ma anche politicamente e socialmente inconcepibili, ma basta pochissimo per mettere in moto determinati processi. E quindi \u00e8 giusto parlarne.<\/p><\/blockquote>\n<p><em>Francesco Palermo, professore di diritto costituzionale comparato, nel corso della <a title=\"Tavola rotonda: Autonomia o stato?\" href=\"https:\/\/www.brennerbasisdemokratie.eu\/?p=94350\">tavola rotonda<\/a> tenutasi ieri presso <\/em>Eurac Research<em> \u2013 trascrizione mia<\/em><\/p>\n<p><strong><span style=\"font-family: Helvetica, Arial, sans-serif; text-transform: uppercase;\">C\u00ebla enghe:<\/span><\/strong> <a title=\"Palermo: Separatismo, l\u2019importanza del diritto.\" href=\"https:\/\/www.brennerbasisdemokratie.eu\/?p=70255\"><code>01<\/code><\/a> <a title=\"Grenz\u00e4nderung als L\u00f6sung.\" href=\"https:\/\/www.brennerbasisdemokratie.eu\/?p=78465\"><code>02<\/code><\/a> <a title=\"Politische Assoziationsfreiheit \u2014 ein Grundrecht.\" href=\"https:\/\/www.brennerbasisdemokratie.eu\/?p=44743\"><code>03<\/code><\/a> <a title=\"Un nuovo \u00abdiritto civile\u00bb.\" href=\"https:\/\/www.brennerbasisdemokratie.eu\/?p=29879\"><code>04<\/code><\/a> <a title=\"L\u2019autodeterminazione giustifica la societ\u00e0 democratica.\" href=\"https:\/\/www.brennerbasisdemokratie.eu\/?p=86506\"><code>05<\/code><\/a> <a title=\"Cymru: Diskussion \u00fcber Unabh\u00e4ngigkeit erw\u00fcnscht.\" href=\"https:\/\/www.brennerbasisdemokratie.eu\/?p=92826\"><code>06<\/code><\/a> <a title=\"Unbequeme Forderungen in einer reifen Demokratie.\" href=\"https:\/\/www.brennerbasisdemokratie.eu\/?p=80552\"><code>07<\/code><\/a> <a title=\"\u203aDas macht doch die Demokratie aus!\u2039\" href=\"https:\/\/www.brennerbasisdemokratie.eu\/?p=78768\"><code>08<\/code><\/a> <a title=\"Majorit\u00e4ren Druck erh\u00f6hen.\" href=\"https:\/\/www.brennerbasisdemokratie.eu\/?p=66062\"><code>09<\/code><\/a> <span style=\"font-family: Helvetica, Arial, sans-serif; font-weight: normal;\">||<\/span> <a title=\"Sudtirolo-Catalogna, competenze e dotazione finanziaria.\" href=\"https:\/\/www.brennerbasisdemokratie.eu\/?p=94541\"><span style=\"text-decoration: underline;\"><span style=\"color:#ff8c00; text-decoration:underline; text-decoration-color:#ff8c00; text-decoration-thickness:3px;\"><code>01<\/code><\/span><\/span><\/a><\/p>","protected":false},"excerpt":{"rendered":"<p>Se dovessi fare il giurista positivista direi: \u00abVa bene, [la secessione] non \u00e8 possibile \u2014 finito il discorso, parliamo d&#8217;altro.\u00bb Ma il giurista un po&#8217; pi\u00f9 bravo guarda anche agli altri fattori, che possono determinare lo sviluppo delle norme. Dal 1941 ad oggi sono nati, nel mondo, 130 stati. Nella gran parte dei casi \u2014 [&hellip;]<\/p>","protected":false},"author":1,"featured_media":0,"comment_status":"open","ping_status":"open","sticky":false,"template":"","format":"standard","meta":{"_crdt_document":"","ngg_post_thumbnail":0,"_jetpack_memberships_contains_paid_content":false,"footnotes":""},"categories":[1],"tags":[],"class_list":["post-94459","post","type-post","status-publish","format-standard","hentry","category-allgemein","entity-eurac","entity-noiland","issue-autonomiereform","issue-quotation","location-italy","location-kosovo","location-sudtirolo","language-italiano","person-francesco-palermo","topic-colonialismi","topic-geschichte","topic-politik","topic-recht","topic-selbstbestimmung","topic-sport","topic-wissenschaft"],"jetpack_featured_media_url":"","jetpack_sharing_enabled":true,"_links":{"self":[{"href":"https:\/\/www.brennerbasisdemokratie.eu\/index.php?rest_route=\/wp\/v2\/posts\/94459","targetHints":{"allow":["GET"]}}],"collection":[{"href":"https:\/\/www.brennerbasisdemokratie.eu\/index.php?rest_route=\/wp\/v2\/posts"}],"about":[{"href":"https:\/\/www.brennerbasisdemokratie.eu\/index.php?rest_route=\/wp\/v2\/types\/post"}],"author":[{"embeddable":true,"href":"https:\/\/www.brennerbasisdemokratie.eu\/index.php?rest_route=\/wp\/v2\/users\/1"}],"replies":[{"embeddable":true,"href":"https:\/\/www.brennerbasisdemokratie.eu\/index.php?rest_route=%2Fwp%2Fv2%2Fcomments&post=94459"}],"version-history":[{"count":10,"href":"https:\/\/www.brennerbasisdemokratie.eu\/index.php?rest_route=\/wp\/v2\/posts\/94459\/revisions"}],"predecessor-version":[{"id":94619,"href":"https:\/\/www.brennerbasisdemokratie.eu\/index.php?rest_route=\/wp\/v2\/posts\/94459\/revisions\/94619"}],"wp:attachment":[{"href":"https:\/\/www.brennerbasisdemokratie.eu\/index.php?rest_route=%2Fwp%2Fv2%2Fmedia&parent=94459"}],"wp:term":[{"taxonomy":"category","embeddable":true,"href":"https:\/\/www.brennerbasisdemokratie.eu\/index.php?rest_route=%2Fwp%2Fv2%2Fcategories&post=94459"},{"taxonomy":"post_tag","embeddable":true,"href":"https:\/\/www.brennerbasisdemokratie.eu\/index.php?rest_route=%2Fwp%2Fv2%2Ftags&post=94459"}],"curies":[{"name":"wp","href":"https:\/\/api.w.org\/{rel}","templated":true}]}}