{"id":94541,"date":"2025-09-15T18:52:40","date_gmt":"2025-09-15T16:52:40","guid":{"rendered":"https:\/\/www.brennerbasisdemokratie.eu\/?p=94541"},"modified":"2025-10-14T17:14:34","modified_gmt":"2025-10-14T15:14:34","slug":"sudtirolo-catalogna-competenze-e-dotazione-finanziaria","status":"publish","type":"post","link":"https:\/\/www.brennerbasisdemokratie.eu\/?p=94541","title":{"rendered":"Sudtirolo-Catalogna, competenze e dotazione finanziaria."},"content":{"rendered":"<p>In occasione della <a title=\"Tavola rotonda: Autonomia o stato?\" href=\"https:\/\/www.brennerbasisdemokratie.eu\/?p=94350\">tavola rotonda<\/a> tenutasi qualche giorno fa presso <em>Eurac Research,<\/em> Francisco Javier Romero Caro <em>(Eurac)<\/em> ha comparato l&#8217;autonomia sudtirolese e quella catalana, concludendo che quest&#8217;ultima \u00e8 quella pi\u00f9 ampia:<\/p>\n<blockquote><p>Dal punto di vista dell&#8217;autonomia, la Catalogna ha pi\u00f9 poteri che l&#8217;Alto Adige. Per esempio, la Catalogna ha competenze sulla pubblica sicurezza, sulla polizia, gestisce il carcere, [mentre] qui tutto \u00e8 una competenza del governo di Roma.<\/p>\n<p><em><small>\u2013 Francisco Javier Romero Caro &#8211; trascrizione mia<\/small><\/em><\/p><\/blockquote>\n<p>Anche Thomas Benedikter \u2014 confutando cos\u00ec la tesi espressa dal <em>Landeshauptmann<\/em> Arno Kompatscher (<abbr title=\"S\u00fcdtiroler Volkspartei\">SVP<\/abbr>), secondo cui l&#8217;autonomia sudtirolese sarebbe la pi\u00f9 estesa d&#8217;Europa \u2014 qualche anno fa <a title=\"Autonomievergleich (II).\" href=\"https:\/\/www.brennerbasisdemokratie.eu\/?p=29703\">aveva fatto notare<\/a> come la Catalogna e le isole \u00c5land dispongono di numerose competenze che al Sudtirolo mancano.<\/p>\n<p>Secondo Francisco Javier Romero Caro invece<\/p>\n<blockquote><p>la Catalogna sognerebbe un rapporto bilaterale con la Spagna come quello che l&#8217;Alto Adige ha [con l&#8217;Italia], e [\u2026] non solo di fatto, ma \u00e8 inserito nella legge con la Commissione dei Sei.<\/p>\n<p><em><small>\u2013 Francisco Javier Romero Caro &#8211; trascrizione mia<\/small><\/em><\/p><\/blockquote>\n<p>Non so se davvero la Catalogna ambirebbe a una commissione come quella dei sei e dei dodici, anche perch\u00e9 con un peso numerico ben maggiore rispetto a quello che il Sudtirolo ha in Italia, riesce comunque a trattare e a ottenere buoni risultati. Ne sono appunto un indizio le stesse competenze, che come abbiamo visto sono pi\u00f9 ampie di quelle che ha il Sudtirolo, nonostante la mancanza di una commissione bilaterale.<\/p>\n<blockquote><p>E anche dal punto di vista finanziario l\u2019Alto Adige ha un\u2019autonomia finanziaria molto pi\u00f9 sviluppata di quella della Catalogna. L\u2019Alto Adige trattiene pi\u00f9 soldi grazie all\u2019<em>Accordo di Milano<\/em> e al <em>Patto di garanzia,<\/em> di quelli che la Catalogna ha. Infatti in Spagna c\u2019\u00e8 tutto questo dibattito sulla riforma del sistema della finanza territoriale e la Catalogna vorrebbe un\u2019autonomia pi\u00f9 ampia, come quella della Navarra o dei Paesi baschi, ma questo \u00e8 molto, molto, molto controverso in Spagna.<\/p>\n<p><em><small>\u2013 Francisco Javier Romero Caro &#8211; trascrizione mia<\/small><\/em><\/p><\/blockquote>\n<p>Su questo punto invece ho dei seri dubbi. Intanto perch\u00e9 l&#8217;autonomia finanziaria del Sudtirolo \u00e8 ridottissima, ma mi sembra di capire che Romero Caro volesse in realt\u00e0 dire \u00abdotazione finanziaria\u00bb.<\/p>\n<p>Da quel punto di vista la situazione era nettamente migliore fino a (oltre) un decennio fa, quando Bolzano tratteneva veramente circa i nove decimi del gettito. L&#8217;<em>Accordo di Milano<\/em> prima e \u2014 soprattutto \u2014 il <a title=\"Das Finanzabkommen im Wortlaut.\" href=\"https:\/\/www.brennerbasisdemokratie.eu\/?p=21231\"><em>Patto di garanzia<\/em><\/a> poi hanno ridotto sensibilmente la quota realmente disponbile. Nel 2015, e dunque dopo la sottoscrizione del <em>Patto di garanzia,<\/em> l&#8217;ex Landeshauptmann del Trentino, Lorenzo Dellai, <a title=\"Solidariet\u00e0 \u00abnazionale\u00bb.\" href=\"https:\/\/www.brennerbasisdemokratie.eu\/?p=23266\">parlava di una riduzione dal 90% al 60%.<\/a><\/p>\n<p>Come dimostrano le statistiche ufficiali degli ultimi anni, il Sudtirolo \u00e8 diventato uno dei maggiori contributori netti dello stato. Secondo <em>S\u00fcdtiroler Wirtschaftszeitung,<\/em> sulla base di dati <em>Bankitalia,<\/em> <a title=\"Der j\u00e4hrliche Mitgliedsbeitrag.\" href=\"https:\/\/www.brennerbasisdemokratie.eu\/?p=78862\">nel 2019 eravamo l&#8217;unica realt\u00e0 autonoma con un saldo negativo e contribuivamo per 2.859 Euro pro capite alle finanze dello stato.<\/a> Pur dovendo gestire e finanziare molte pi\u00f9 competenze delle regioni ordinarie, con questi dati superavamo tutte le regioni, ordinarie e non, eccetto la Lombardia e l&#8217;Emilia-Romagna.<\/p>\n<p><a title=\"El Pa\u00eds: Catalu\u00f1a cifra el deficit fiscal con el gobierno central\u2026\" href=\"https:\/\/elpais.com\/espana\/catalunya\/2022-09-01\/cataluna-cifra-el-deficit-fiscal-con-el-gobierno-central-en-casi-20200-millones-en-2019.html\" target=\"_blank\" rel=\"noopener\">Secondo <em>El Pa\u00eds<\/em><\/a><em>,<\/em> il governo catalano quantifica il proprio residuo fiscale nei confronti dello stato centrale con 20,2 miliardi di Euro nel 2019 che, diviso per gli otto milioni di abitanti della Catalogna, ammonta a circa 2.500 Euro pro capite.<\/p>\n<p>Probabilmente, quindi, effettivamente il modello di finanziamento <a title=\"Wiki: Basque Economic Agreement.\" href=\"https:\/\/en.wikipedia.org\/wiki\/Basque_Economic_Agreement\" target=\"_blank\" rel=\"noopener\">dei Paesi Baschi<\/a> e della Navarra possono essere un esempio per ci\u00f2 a cui la Catalogna ambisce, ma quello del Sudtirolo no. Le due realt\u00e0 bascofone, oltre a una dotazione finanziaria migliore, dispongono anche di una vera autonomia finanziaria.<\/p>\n<p><strong><span style=\"font-family: Helvetica, Arial, sans-serif; text-transform: uppercase;\">C\u00ebla enghe:<\/span><\/strong> <a title=\"Un fenomeno illegittimo che diventa legittimo.\" href=\"https:\/\/www.brennerbasisdemokratie.eu\/?p=94459\"><code>01<\/code><\/a> <a title=\"F\u00fcr staatliche Grunddienste zahlt S\u00fcdtirol mehrfach.\" href=\"https:\/\/www.brennerbasisdemokratie.eu\/?p=88915\"><code>02<\/code><\/a> <span style=\"font-family: Helvetica, Arial, sans-serif; font-weight: normal;\">||<\/span> <a title=\"Autonomia finanziaria senza autonomia tributaria.\" href=\"https:\/\/www.brennerbasisdemokratie.eu\/?p=95223\"><span style=\"color:#ff8c00; text-decoration:underline; text-decoration-color:#ff8c00; text-decoration-thickness:3px;\"><code>01<\/code><\/span><\/a><\/p>","protected":false},"excerpt":{"rendered":"<p>In occasione della tavola rotonda tenutasi qualche giorno fa presso Eurac Research, Francisco Javier Romero Caro (Eurac) ha comparato l&#8217;autonomia sudtirolese e quella catalana, concludendo che quest&#8217;ultima \u00e8 quella pi\u00f9 ampia: Dal punto di vista dell&#8217;autonomia, la Catalogna ha pi\u00f9 poteri che l&#8217;Alto Adige. Per esempio, la Catalogna ha competenze sulla pubblica sicurezza, sulla polizia, [&hellip;]<\/p>","protected":false},"author":1,"featured_media":0,"comment_status":"open","ping_status":"open","sticky":false,"template":"","format":"standard","meta":{"_crdt_document":"","ngg_post_thumbnail":0,"_jetpack_memberships_contains_paid_content":false,"footnotes":""},"categories":[1],"tags":[],"class_list":["post-94541","post","type-post","status-publish","format-standard","hentry","category-allgemein","entity-eurac","entity-gencat","entity-land-sudtirol","entity-noiland","entity-sechser-zwolferkommission","entity-staat-italien","entity-svp","issue-autonomievergleich","issue-finanzabkommen-2014","issue-mailander-abkommen","issue-zitac","location-catalunya","location-euskadi","location-italy","location-nafarroa","location-spania","location-sudtirolo","language-italiano","medium-el-pais","medium-swz","person-arno-kompatscher","person-thomas-benedikter","topic-comparatio","topic-politik","topic-polizei","topic-sicherheit","topic-statistik","topic-vorzeigeautonomie","topic-wirtschaft","topic-wissenschaft","topic-zustaendigkeiten"],"jetpack_featured_media_url":"","jetpack_sharing_enabled":true,"_links":{"self":[{"href":"https:\/\/www.brennerbasisdemokratie.eu\/index.php?rest_route=\/wp\/v2\/posts\/94541","targetHints":{"allow":["GET"]}}],"collection":[{"href":"https:\/\/www.brennerbasisdemokratie.eu\/index.php?rest_route=\/wp\/v2\/posts"}],"about":[{"href":"https:\/\/www.brennerbasisdemokratie.eu\/index.php?rest_route=\/wp\/v2\/types\/post"}],"author":[{"embeddable":true,"href":"https:\/\/www.brennerbasisdemokratie.eu\/index.php?rest_route=\/wp\/v2\/users\/1"}],"replies":[{"embeddable":true,"href":"https:\/\/www.brennerbasisdemokratie.eu\/index.php?rest_route=%2Fwp%2Fv2%2Fcomments&post=94541"}],"version-history":[{"count":15,"href":"https:\/\/www.brennerbasisdemokratie.eu\/index.php?rest_route=\/wp\/v2\/posts\/94541\/revisions"}],"predecessor-version":[{"id":95358,"href":"https:\/\/www.brennerbasisdemokratie.eu\/index.php?rest_route=\/wp\/v2\/posts\/94541\/revisions\/95358"}],"wp:attachment":[{"href":"https:\/\/www.brennerbasisdemokratie.eu\/index.php?rest_route=%2Fwp%2Fv2%2Fmedia&parent=94541"}],"wp:term":[{"taxonomy":"category","embeddable":true,"href":"https:\/\/www.brennerbasisdemokratie.eu\/index.php?rest_route=%2Fwp%2Fv2%2Fcategories&post=94541"},{"taxonomy":"post_tag","embeddable":true,"href":"https:\/\/www.brennerbasisdemokratie.eu\/index.php?rest_route=%2Fwp%2Fv2%2Ftags&post=94541"}],"curies":[{"name":"wp","href":"https:\/\/api.w.org\/{rel}","templated":true}]}}