{"id":94919,"date":"2025-09-30T13:06:43","date_gmt":"2025-09-30T11:06:43","guid":{"rendered":"https:\/\/www.brennerbasisdemokratie.eu\/?p=94919"},"modified":"2026-02-02T08:17:18","modified_gmt":"2026-02-02T07:17:18","slug":"verbote-und-repression-antifaschismus-bleibt-unsere-pflicht","status":"publish","type":"post","link":"https:\/\/www.brennerbasisdemokratie.eu\/?p=94919","title":{"rendered":"Verbote und Repression? Antifaschismus bleibt unsere Pflicht!"},"content":{"rendered":"<!-- Snippets by WebberZone Snippetz --><div class=\"ata_snippets\"><hr style=\"height: 20px; border: none; margin-top: 0em; background-color: darkred;\"\/><\/div><blockquote><p><img loading=\"lazy\" decoding=\"async\" class=\"size-full wp-image-94920 aligncenter\" src=\"https:\/\/www.brennerbasisdemokratie.eu\/wp-content\/uploads\/2025\/09\/antifa_unserepflicht.png\" alt=\"\" width=\"945\" height=\"708\" srcset=\"https:\/\/www.brennerbasisdemokratie.eu\/wp-content\/uploads\/2025\/09\/antifa_unserepflicht.png 945w, https:\/\/www.brennerbasisdemokratie.eu\/wp-content\/uploads\/2025\/09\/antifa_unserepflicht-768x575.png 768w\" sizes=\"auto, (max-width: 945px) 100vw, 945px\" \/><\/p><\/blockquote>\n<p><em>von Antifa Meran<\/em><\/p>\n<p><strong>Die derzeitigen Entwicklungen rund um das Verbot der <em>Antifa<\/em> sind nicht ein Angriff auf wenige, sondern der Vorgeschmack auf eine autorit\u00e4re Wende, die schon l\u00e4ngst begonnen hat und uns alle betreffen wird.&nbsp;<\/strong><\/p>\n<h6>Das Verbot ist mehr als leere Symbolpolitik<\/h6>\n<p>Es reicht nicht zu sagen, \u00bbdie Antifa\u00ab gibt es nicht, daher l\u00e4uft das Verbot ins Leere. Es ist eben nicht nur reine Symbolpolitik f\u00fcr seine rechtsextremen Anh\u00e4nger. Das ist sicher ein Teil der Wahrheit, aber eben nicht nur.<br \/>\nAntifaschistische Gruppen, so vielf\u00e4ltig sie sind, sind gut organisierte und vernetzte Akteur:innen der au\u00dferparlamentarischen Linken und der Zivilgesellschaft. Sie sind eine konkrete Bedrohung der faschistischen Mobilisierung. Ein Hindernis f\u00fcr den Staatsumbau und die soziale Zerst\u00f6rung, die Trump \u2014 ebenso wie Rechtsextreme in Europa \u2014 vorantreibt.&nbsp;<\/p>\n<h6>Eine Kampfansage gegen antifaschistische Gruppen<\/h6>\n<p><em>Antifa<\/em>-Gruppen legen rechte Netzwerke offen, mobilisieren zu Demos und stellen sich rechtsextremen Gruppen auf der Stra\u00dfe in den Weg. Und sie sind oft ziemlich gut darin. In \u00d6sterreich und Deutschland verhindern sie immer wieder sehr erfolgreich, dass Neonazis aufmarschieren oder ungest\u00f6rt Veranstaltungen abhalten k\u00f6nnen. Ohne die <em>Antifa<\/em> w\u00e4ren die <em>Identit\u00e4ren<\/em> l\u00e4ngst eine Massenbewegung.<\/p>\n<h6>Die Repression gegen Antifas ist nicht neu<\/h6>\n<p>Aus diesem Grund werden antifaschistische Gruppen pauschal kriminalisiert. Diese Versuche gibt es schon lange. Lina E. wurde heuer von einem deutschen Gericht rechtskr\u00e4ftig zu \u00fcber f\u00fcnf Jahren Haft verurteilt. Gegen die antifaschistische Person Maja wird derzeit in Budapest ein Schauprozess gef\u00fchrt. In Graz kam es zu zahlreichen Hausdurchsuchungen, weil ein Burschenschafter sein Kappl verloren hat. Und in K\u00e4rnten gab es im Sommer eine Razzia bei einem antifaschistischen Sommerzeltlager. Und das ist nur die Spitze des Eisbergs. Das <em>Antifa<\/em>-Verbot ist die Zuspitzung einer jahrelangen repressiven Praxis.<\/p>\n<h6>Rechte versuchen, Selbstorganisierung zu verhindern<\/h6>\n<p>Au\u00dferdem ist Antifaschismus nicht nur der Kampf gegen Faschisten. Es ist eine politische Haltung und eine historische Verantwortung, eine Gesellschaft aufbauen zu wollen, die auf Solidarit\u00e4t fu\u00dft, nicht auf Vernichtung und wei\u00dfer Vorherrschaft.&nbsp;<br \/>\nDas Verbot ist nicht nur eine Kampfansage an konkrete Gruppen, sondern auch ein antisozialistischer Vorsto\u00df zum autorit\u00e4ren Umbau des Staates. Antifaschismus war und ist auch immer eine Selbstorganisierung der Menschen gegen autorit\u00e4re Staaten und ein Schritt in die Selbstbestimmung, um die Gesellschaft selbst zu gestalten. Das Verbot ist auch ein Versuch, diese Selbstorganisierung zu kriminalisieren.&nbsp;<\/p>\n<h6>Ohne konkretes Ziel wird jede*r zum Feind<\/h6>\n<p>Und da ist noch eine weitere Ebene. Das Verbot erscheint willk\u00fcrlich. Aber gerade weil es \u00bbdie Antifa\u00ab nicht gibt, ist es so gef\u00e4hrlich. Die gesamte Linke versteht sich als antifaschistisch, und Teile der Koservativen und Liberalen auch. Das Verbot ist daher ein Instrument, um gegen progressive Kr\u00e4fte insgesamt vorgehen zu k\u00f6nnen. Die Politologin Natascha Strobl hat es gut auf den Punkt gebracht:<\/p>\n<blockquote><p>Jede Person kann zum Feind erkl\u00e4rt werden. Der Staat bekommt mit so einem Verbot die Mittel in die Hand, gegen jede unliebsame Person vorzugehen.<\/p>\n<p><em><small>\u2013 Natascha Strobl<\/small><\/em><\/p><\/blockquote>\n<p>Auch die <abbr title=\"Freiheitliche Partei \u00d6sterreichs\">FP\u00d6<\/abbr> fordert nun ein solches Verbot. In S\u00fcdtirol hat J\u00fcrgen Wirth-Anderlan mit seiner \u00bbGesinnungsliste\u00ab klar gemacht, wohin die Reise geht, wenn er die Mittel dazu hat. Ein Verbot \u00bbder Antifa\u00ab ist ein Angriff auf uns alle: Wer gegen Antifaschismus ist, \u00f6ffnet dem Faschismus T\u00fcr und Tor. Klar ist aber auch, dass wir uns auch durch ein Verbot nicht kleinkriegen lassen. Unsere Solidarit\u00e4t ist st\u00e4rker als ihre Repression.<\/p>\n<!-- Snippets by WebberZone Snippetz --><div class=\"ata_snippets\"><hr style=\"height: 10px;border: none;margin-top: 0px;background-color: darkred\" \/>\r\n\r\n<div style=\"background-color: none;padding: 0px;font-size: 14px;font-family: Helvetica,Arial;margin: 10px 0px 0px 0px\"><span style=\"color: darkred\"><strong><small>Autor:innen- und Gastbeitr\u00e4ge widerspiegeln nicht notwendigerweise die Meinung oder die Position von BBD, so wie die jeweiligen Verfasser:innen nicht notwendigerweise die Ziele von BBD unterst\u00fctzen.<\/small><\/strong><small>\u00b7 I contributi esterni non necessariamente riflettono le opinioni o la posizione di BBD, come a loro volta le autrici\/gli autori non necessariamente condividono gli obiettivi di BBD. \u2014 <a href=\"http:\/\/www.brennerbasisdemokratie.eu\/?page_id=11356#copyleft\"><strong>\u00a9<\/strong><\/a><\/small><\/span><\/div><\/div>","protected":false},"excerpt":{"rendered":"<p>von Antifa Meran Die derzeitigen Entwicklungen rund um das Verbot der Antifa sind nicht ein Angriff auf wenige, sondern der Vorgeschmack auf eine autorit\u00e4re Wende, die schon l\u00e4ngst begonnen hat und uns alle betreffen wird.&nbsp; Das Verbot ist mehr als leere Symbolpolitik Es reicht nicht zu sagen, \u00bbdie Antifa\u00ab gibt es nicht, daher l\u00e4uft das [&hellip;]<\/p>","protected":false},"author":10,"featured_media":0,"comment_status":"open","ping_status":"open","sticky":false,"template":"","format":"standard","meta":{"_crdt_document":"","ngg_post_thumbnail":0,"_jetpack_memberships_contains_paid_content":false,"footnotes":""},"categories":[751],"tags":[],"class_list":["post-94919","post","type-post","status-publish","format-standard","hentry","category-autorinnen-neu","entity-antifa-meran","entity-freiheitliche","entity-identitare-bewegung","entity-jwa","issue-zitac","location-deutschland","location-koroska","location-osterreich","location-usa","language-deutsch","person-donald-trump","person-jurgen-wirth-anderlan","topic-faschismen","topic-politik","topic-repression","topic-ungehorsam"],"jetpack_featured_media_url":"","jetpack_sharing_enabled":true,"_links":{"self":[{"href":"https:\/\/www.brennerbasisdemokratie.eu\/index.php?rest_route=\/wp\/v2\/posts\/94919","targetHints":{"allow":["GET"]}}],"collection":[{"href":"https:\/\/www.brennerbasisdemokratie.eu\/index.php?rest_route=\/wp\/v2\/posts"}],"about":[{"href":"https:\/\/www.brennerbasisdemokratie.eu\/index.php?rest_route=\/wp\/v2\/types\/post"}],"author":[{"embeddable":true,"href":"https:\/\/www.brennerbasisdemokratie.eu\/index.php?rest_route=\/wp\/v2\/users\/10"}],"replies":[{"embeddable":true,"href":"https:\/\/www.brennerbasisdemokratie.eu\/index.php?rest_route=%2Fwp%2Fv2%2Fcomments&post=94919"}],"version-history":[{"count":1,"href":"https:\/\/www.brennerbasisdemokratie.eu\/index.php?rest_route=\/wp\/v2\/posts\/94919\/revisions"}],"predecessor-version":[{"id":94921,"href":"https:\/\/www.brennerbasisdemokratie.eu\/index.php?rest_route=\/wp\/v2\/posts\/94919\/revisions\/94921"}],"wp:attachment":[{"href":"https:\/\/www.brennerbasisdemokratie.eu\/index.php?rest_route=%2Fwp%2Fv2%2Fmedia&parent=94919"}],"wp:term":[{"taxonomy":"category","embeddable":true,"href":"https:\/\/www.brennerbasisdemokratie.eu\/index.php?rest_route=%2Fwp%2Fv2%2Fcategories&post=94919"},{"taxonomy":"post_tag","embeddable":true,"href":"https:\/\/www.brennerbasisdemokratie.eu\/index.php?rest_route=%2Fwp%2Fv2%2Ftags&post=94919"}],"curies":[{"name":"wp","href":"https:\/\/api.w.org\/{rel}","templated":true}]}}