{"id":95223,"date":"2025-10-13T11:29:46","date_gmt":"2025-10-13T09:29:46","guid":{"rendered":"https:\/\/www.brennerbasisdemokratie.eu\/?p=95223"},"modified":"2025-12-24T12:48:19","modified_gmt":"2025-12-24T11:48:19","slug":"autonomia-finanziaria-senza-autonomia-tributaria","status":"publish","type":"post","link":"https:\/\/www.brennerbasisdemokratie.eu\/?p=95223","title":{"rendered":"Autonomia finanziaria senza autonomia tributaria."},"content":{"rendered":"<p>Vorrei qui tornare ancora una volta sulla <a title=\"Tavola rotonda: Autonomia o stato?\" href=\"https:\/\/www.brennerbasisdemokratie.eu\/?p=94350\">tavola rotonda<\/a> <em>(Autonomia o stato?)<\/em> tenutasi all&#8217;<em>Eurac<\/em> circa un mese fa, per riproporre alcune affermazioni fatte dalla ricercatrice Alice Valdesalici di <em>Eurac Research <\/em>circa la dotazione finanziaria dell&#8217;autonomia.<\/p>\n<p>In quell&#8217;occasione Valdesalici ha fatto notare che il Sudtirolo gode di un&#8217;autonomia finanziaria \u00abforte\u00bb solo sul versante della spesa, mentre la \u00abautonomia finanziaria di entrata, quindi l&#8217;autonomia della Provincia di decidere la propria dotazione finanziaria\u00bb \u00e8 \u00abmolto meno sviluppata\u00bb, trattandosi di \u00abun sistema di finanza derivata\u00bb. Una certa garanzia verrebbe s\u00ec da percentuali definite dallo statuto di autonomia, modificabili con accordi bilaterali, ma il problema \u00e8 che si tratta pur sempre di una \u00abpartecipazione a gettito tributario di tributi istituiti e disciplinati in toto dallo stato centrale\u00bb.<\/p>\n<blockquote><p>Rimane che \u2014 mi piace prendere in prestito una metafora del professor [Giandomenico] Falcon in occasione della sua presidenza della Consulta trentina per la riforma dello statuto \u2014 si tratta di regole di acciaio che posano un po&#8217; su vasi di terracotta.<\/p>\n<p><em><small>\u2013 Alice Valdesalici<\/small><\/em><\/p><\/blockquote>\n<p><em><small>Trascrizione mia<\/small><\/em><\/p>\n<p>Al Sudtirolo quindi manca l&#8217;autonomia tributaria, cio\u00e8 \u00abla possibilit\u00e0 di decidere attraverso l&#8217;esercizio di potest\u00e0 legislativa sulle proprie risorse in maniera diretta\u00bb.<\/p>\n<blockquote><p>\u00c8 interessante perch\u00e9 invece il caso spagnolo per esempio ci presenta dei casi in cui [con] i famosi tributi ceduti si cede una quota di gettito e al tempo stesso le Comunit\u00e0 autonome hanno la potest\u00e0 legislativa sui tributi. Ma pensiamo anche al caso tedesco, in cui anche l\u00ec troviamo la partecipazione al gettito tributario dei tributi statali, ma alla fine i L\u00e4nder in qualche modo possono dire la loro su eventuali variazioni della\u2026 non so\u2026 dell&#8217;IVA. Come? Attraverso il Bundesrat, camera federale e nella quale siedono gli esecutivi dei L\u00e4nder e che deve approvare tutte le eventuali modifiche di leggi federali che incidono in qualche modo sulla dotazione finanziaria.<\/p>\n<p><em><small>\u2013 Alice Valdesalici<\/small><\/em><\/p><\/blockquote>\n<p><em><small>Trascrizione mia<\/small><\/em><\/p>\n<p>Secondo la ricercatrice, questo sarebbe \u00abun aspetto importante\u00bb da affrontare \u00abin un&#8217;ottica di manutenzione costituzionale\u00bb per quanto riguarda lo statuto di autonomia. Tuttavia non sarebbe stato possibile affrontarlo con <a title=\"\u203aNationales Interesse\u2039 gilt f\u00fcr uns, aber nicht f\u00fcr Normalregionen.\" href=\"https:\/\/www.brennerbasisdemokratie.eu\/?p=95129\">l&#8217;attuale riforma<\/a>, \u00abperch\u00e9 il titolo dedicato alla finanza si modifica attraverso una procedura diversa\u00bb con \u00abun testo su cui si accordano bilateralmente lo stato e le due province autonome\u00bb.<\/p>\n<p><strong><span style=\"font-family: Helvetica, Arial, sans-serif; text-transform: uppercase;\">C\u00ebla enghe:<\/span><\/strong> <a title=\"Sudtirolo-Catalogna, competenze e dotazione finanziaria.\" href=\"https:\/\/www.brennerbasisdemokratie.eu\/?p=94541\"><code>01<\/code><\/a> <a title=\"Un fenomeno illegittimo che diventa legittimo.\" href=\"https:\/\/www.brennerbasisdemokratie.eu\/?p=94459\"><code>02<\/code><\/a> <span style=\"font-family: Helvetica, Arial, sans-serif; font-weight: normal;\">|<\/span> <a title=\"F\u00fcr staatliche Grunddienste zahlt S\u00fcdtirol mehrfach.\" href=\"https:\/\/www.brennerbasisdemokratie.eu\/?p=88915\"><code>03<\/code><\/a> <a title=\"Die gro\u00dfen Spatzen-Fans.\" href=\"https:\/\/www.brennerbasisdemokratie.eu\/?p=81074\"><code>04<\/code><\/a> <a title=\"Steuern: Gesetzgebung nat\u00fcrlich staatlich.\" href=\"https:\/\/www.brennerbasisdemokratie.eu\/?p=69942\"><code>05<\/code><\/a> <span style=\"font-family: Helvetica, Arial, sans-serif; font-weight: normal;\">||<\/span> <a title=\"Staat-Land: Der Ausgleich, der keiner ist.\" href=\"https:\/\/www.brennerbasisdemokratie.eu\/?p=97051\"><span style=\"color: #ff8c00\"><code>01<\/code><\/span><\/a><\/p>","protected":false},"excerpt":{"rendered":"<p>Vorrei qui tornare ancora una volta sulla tavola rotonda (Autonomia o stato?) tenutasi all&#8217;Eurac circa un mese fa, per riproporre alcune affermazioni fatte dalla ricercatrice Alice Valdesalici di Eurac Research circa la dotazione finanziaria dell&#8217;autonomia. In quell&#8217;occasione Valdesalici ha fatto notare che il Sudtirolo gode di un&#8217;autonomia finanziaria \u00abforte\u00bb solo sul versante della spesa, mentre [&hellip;]<\/p>","protected":false},"author":1,"featured_media":0,"comment_status":"open","ping_status":"open","sticky":false,"template":"","format":"standard","meta":{"_crdt_document":"","ngg_post_thumbnail":0,"_jetpack_memberships_contains_paid_content":false,"footnotes":""},"categories":[1],"tags":[],"class_list":["post-95223","post","type-post","status-publish","format-standard","hentry","category-allgemein","entity-eurac","entity-land-sudtirol","entity-noiland","entity-staat-italien","issue-autonomievergleich","issue-zitac","location-deutschland","location-italy","location-spania","location-sudtirolo","location-trentino","language-italiano","topic-comparatio","topic-foederalismus","topic-vorzeigeautonomie","topic-wirtschaft","topic-wissenschaft","topic-zentralismus","topic-zustaendigkeiten"],"jetpack_featured_media_url":"","jetpack_sharing_enabled":true,"_links":{"self":[{"href":"https:\/\/www.brennerbasisdemokratie.eu\/index.php?rest_route=\/wp\/v2\/posts\/95223","targetHints":{"allow":["GET"]}}],"collection":[{"href":"https:\/\/www.brennerbasisdemokratie.eu\/index.php?rest_route=\/wp\/v2\/posts"}],"about":[{"href":"https:\/\/www.brennerbasisdemokratie.eu\/index.php?rest_route=\/wp\/v2\/types\/post"}],"author":[{"embeddable":true,"href":"https:\/\/www.brennerbasisdemokratie.eu\/index.php?rest_route=\/wp\/v2\/users\/1"}],"replies":[{"embeddable":true,"href":"https:\/\/www.brennerbasisdemokratie.eu\/index.php?rest_route=%2Fwp%2Fv2%2Fcomments&post=95223"}],"version-history":[{"count":7,"href":"https:\/\/www.brennerbasisdemokratie.eu\/index.php?rest_route=\/wp\/v2\/posts\/95223\/revisions"}],"predecessor-version":[{"id":97063,"href":"https:\/\/www.brennerbasisdemokratie.eu\/index.php?rest_route=\/wp\/v2\/posts\/95223\/revisions\/97063"}],"wp:attachment":[{"href":"https:\/\/www.brennerbasisdemokratie.eu\/index.php?rest_route=%2Fwp%2Fv2%2Fmedia&parent=95223"}],"wp:term":[{"taxonomy":"category","embeddable":true,"href":"https:\/\/www.brennerbasisdemokratie.eu\/index.php?rest_route=%2Fwp%2Fv2%2Fcategories&post=95223"},{"taxonomy":"post_tag","embeddable":true,"href":"https:\/\/www.brennerbasisdemokratie.eu\/index.php?rest_route=%2Fwp%2Fv2%2Ftags&post=95223"}],"curies":[{"name":"wp","href":"https:\/\/api.w.org\/{rel}","templated":true}]}}