{"id":95334,"date":"2025-10-14T13:46:52","date_gmt":"2025-10-14T11:46:52","guid":{"rendered":"https:\/\/www.brennerbasisdemokratie.eu\/?p=95334"},"modified":"2025-11-28T15:24:44","modified_gmt":"2025-11-28T14:24:44","slug":"la-troppa-democrazia-secondo-bianchi","status":"publish","type":"post","link":"https:\/\/www.brennerbasisdemokratie.eu\/?p=95334","title":{"rendered":"La troppa democrazia secondo Bianchi."},"content":{"rendered":"<p>Solo poche settimane fa, l&#8217;assessore provinciale Christian Bianchi (<abbr title=\"Forza Italia\">FI<\/abbr>) <a title=\"Korporatismus f\u00fcr den Landtag.\" href=\"https:\/\/www.brennerbasisdemokratie.eu\/?p=94929\">aveva auspicato una soluzione di tipo corporatistico<\/a> per quanto riguarda l&#8217;elezione e la composizione della Dieta sudtirolese, con l&#8217;obiettivo di togliere ai cittadini di lingua italiana il diritto di farsi rappresentare da consiglieri di altra madrelingua.<\/p>\n<p>Gioved\u00ec scorso (9 ottobre), in occasione del dibattito sul disegno di legge sulla democrazia diretta e sulla partecipazione (n. 6\/23), lo stesso Bianchi <a title=\"Landtag: Video.\" href=\"https:\/\/www.landtag-bz.org\/de\/video-suche\/927?inizio=8235\" target=\"_blank\" rel=\"noopener\">ha preso la parola<\/a> nel consesso provinciale per insinuare che vi sia, addirittura, un eccesso di democrazia e di diritti fondamentali:<\/p>\n<blockquote><p>Intervengo su questo tema, e avrei voluto farlo con dei toni diversi e degli argomenti diversi, se non che qualche minuto fa un giornalista mi ha inviato una notizia che mi ha fatto porre una domanda: ma noi abbiamo bisogno di pi\u00f9 democrazia o forse abbiamo bisogno di regolamentare meglio quella che abbiamo? Allora, noi abbiamo bisogno di pi\u00f9 democrazia? Forse s\u00ec, se fossimo in un ambiente normale, dove tutti i cittadini potrebbero partecipare in senso democatico alla discussione del futuro di questa terra. Ma quando cinque minuti fa i giornalisti mi mandano l&#8217;ennesima provocazione di S\u00fcd-Tiroler Freiheit, dove [rivolto ai consiglieri di <abbr title=\"S\u00fcd-Tiroler Freiheit\">STF<\/abbr>] oggi con l&#8217;intelligenza artificiale pubblicate che il cippo del Brennero viene tolto con le catene e viene asportato, con l&#8217;ennesima volta la frase \u00abil Sudtirolo non sar\u00e0 mai Italia\u00bb, io domando se qua in questa terra serva ancora pi\u00f9 democrazia o se quella che abbiamo forse sia gi\u00e0 troppa, nel senso che qua c&#8217;\u00e8 la libert\u00e0 di dire tutto quello che si vuole, senza aver nessun tipo di responsabilit\u00e0, senza aver nessun tipo di conseguenza.<\/p>\n<p><em><small>\u2013 Christian Bianchi<\/small><\/em><\/p><\/blockquote>\n<p><em><small>Trascrizione mia<\/small><\/em><\/p>\n<p>Un membro di governo e alleato dell&#8217;<abbr title=\"S\u00fcdtiroler Volkspartei\">SVP<\/abbr>, dunque, ritiene che un&#8217;immagine creata con l&#8217;intelligenza artificiale, che simbolicamente pone il problema del confine tra Tirolo meridionale e Tirolo settentrionale, oltrepassi ci\u00f2 che la libert\u00e0 di espressione e la democrazia dovrebbero consentire. Una questione sulla quale si pu\u00f2 essere d&#8217;accordo o meno, ma che non \u00e8 certo antidemocratica \u2014 antidemocratico \u00e8, semmai, imporre confini senza coinvolgere la popolazione interessata \u2014, posta con modalit\u00e0 pur discutibili, \u00e8 sufficiente a far riflettere Bianchi sulla necessit\u00e0 di contromisure e limitazioni che a questo punto possono essere solo autoritarie.<\/p>\n<p>Personalmente, di giorno in giorno trovo sempre pi\u00f9 sconvolgente ci\u00f2 che i membri di destra-destra di questo Governo provinciale si permettono di dichiarare con il beneplacito o con il silenzio-assenso del partito di maggioranza.<\/p>\n<p>Nel corso del suo intervento, Bianchi ha poi ricordato alcuni dei principali referendum celebrati a livello statale negli ultimi decenni. Senza nemmeno accorgersi, forse, che alcuni dei temi oggi del tutto pacifici come l&#8217;aborto o il divorzio, ma anche il ridimensionamento del parlamento, riguardavano tematiche di rango costituzionale e spesso erano del tutto controversi, come quello posto da STF.<\/p>\n<p>Chi non sopporta discussioni e opinioni divergenti dalle proprie <a title=\"Unbequeme Forderungen in einer reifen Demokratie.\" href=\"https:\/\/www.brennerbasisdemokratie.eu\/?p=80552\">su temi anche scomodi<\/a>, finch\u00e9 queste non contrastano con l&#8217;ordinamento democratico e i diritti fondamentali, ma ipotizza interventi autoritari, non pu\u00f2 certo dirsi democratico.<\/p>\n<p>Che toni come questi provengano da un partito di governo, li rende particolarmente preoccupanti.<\/p>\n<p><strong><span style=\"font-family: Helvetica, Arial, sans-serif; text-transform: uppercase;\">C\u00ebla enghe:<\/span><\/strong> <a title=\"Immer autorit\u00e4rere Entwicklung.\" href=\"https:\/\/www.brennerbasisdemokratie.eu\/?p=88246\"><code>01<\/code><\/a> <a title=\"Zwei Jahre Abbau von Demokratie und Grundfreiheiten.\" href=\"https:\/\/www.brennerbasisdemokratie.eu\/?p=88586\"><code>02<\/code><\/a> <a title=\"Italien: Eingeschr\u00e4nkte Meinungsfreiheit.\" href=\"https:\/\/www.brennerbasisdemokratie.eu\/?p=82731\"><code>03<\/code><\/a> <span style=\"font-family: Helvetica, Arial, sans-serif; font-weight: normal;\">|<\/span> <a title=\"Die Respektlosigkeit von Bianchi und Messner.\" href=\"https:\/\/www.brennerbasisdemokratie.eu\/?p=82017\"><code>04<\/code><\/a> <a title=\"Schule: Die Desinformation kommt direkt vom Landesrat.\" href=\"https:\/\/www.brennerbasisdemokratie.eu\/?p=89891\"><code>05<\/code><\/a> <a title=\"\u203aAntifaschistischer\u2039 Faschist.\" href=\"https:\/\/www.brennerbasisdemokratie.eu\/?p=94313\"><code>06<\/code><\/a> <span style=\"font-family: Helvetica, Arial, sans-serif; font-weight: normal;\">|<\/span> <a title=\"Freiheitliche fordern Gleichschaltung.\" href=\"https:\/\/www.brennerbasisdemokratie.eu\/?p=95082\"><code>07<\/code><\/a> <span style=\"font-family: Helvetica, Arial, sans-serif; font-weight: normal;\">||<\/span> <a title=\"Landesrat Bianchi disst \u203aOmas gegen Rechts\u2039.\" href=\"https:\/\/www.brennerbasisdemokratie.eu\/?p=95750\"><span style=\"color: #ff8c00\"><code>01<\/code><\/span><\/a> <a title=\"Sprachgruppen: Falschinformationen vom Landesrat.\" href=\"https:\/\/www.brennerbasisdemokratie.eu\/?p=96106\"><span style=\"color: #ff8c00\"><code>02<\/code><\/span><\/a> <a title=\"Christian Bianchi nega la minorizzazione.\" href=\"https:\/\/www.brennerbasisdemokratie.eu\/?p=96481\"><span style=\"color: #ff8c00\"><code>03<\/code><\/span><\/a><\/p>","protected":false},"excerpt":{"rendered":"<p>Solo poche settimane fa, l&#8217;assessore provinciale Christian Bianchi (FI) aveva auspicato una soluzione di tipo corporatistico per quanto riguarda l&#8217;elezione e la composizione della Dieta sudtirolese, con l&#8217;obiettivo di togliere ai cittadini di lingua italiana il diritto di farsi rappresentare da consiglieri di altra madrelingua. Gioved\u00ec scorso (9 ottobre), in occasione del dibattito sul disegno [&hellip;]<\/p>","protected":false},"author":1,"featured_media":0,"comment_status":"open","ping_status":"open","sticky":false,"template":"","format":"standard","meta":{"_crdt_document":"","ngg_post_thumbnail":0,"_jetpack_memberships_contains_paid_content":false,"footnotes":""},"categories":[1],"tags":[],"class_list":["post-95334","post","type-post","status-publish","format-standard","hentry","category-allgemein","entity-fi","entity-stf","entity-sudtiroler-landtag","entity-svp","issue-zitac","location-italy","location-sudtirolo","language-italiano","person-christian-bianchi","topic-democrazia","topic-faschismen","topic-grenzen","topic-grundrechte","topic-politik","topic-selbstbestimmung"],"jetpack_featured_media_url":"","jetpack_sharing_enabled":true,"_links":{"self":[{"href":"https:\/\/www.brennerbasisdemokratie.eu\/index.php?rest_route=\/wp\/v2\/posts\/95334","targetHints":{"allow":["GET"]}}],"collection":[{"href":"https:\/\/www.brennerbasisdemokratie.eu\/index.php?rest_route=\/wp\/v2\/posts"}],"about":[{"href":"https:\/\/www.brennerbasisdemokratie.eu\/index.php?rest_route=\/wp\/v2\/types\/post"}],"author":[{"embeddable":true,"href":"https:\/\/www.brennerbasisdemokratie.eu\/index.php?rest_route=\/wp\/v2\/users\/1"}],"replies":[{"embeddable":true,"href":"https:\/\/www.brennerbasisdemokratie.eu\/index.php?rest_route=%2Fwp%2Fv2%2Fcomments&post=95334"}],"version-history":[{"count":11,"href":"https:\/\/www.brennerbasisdemokratie.eu\/index.php?rest_route=\/wp\/v2\/posts\/95334\/revisions"}],"predecessor-version":[{"id":96510,"href":"https:\/\/www.brennerbasisdemokratie.eu\/index.php?rest_route=\/wp\/v2\/posts\/95334\/revisions\/96510"}],"wp:attachment":[{"href":"https:\/\/www.brennerbasisdemokratie.eu\/index.php?rest_route=%2Fwp%2Fv2%2Fmedia&parent=95334"}],"wp:term":[{"taxonomy":"category","embeddable":true,"href":"https:\/\/www.brennerbasisdemokratie.eu\/index.php?rest_route=%2Fwp%2Fv2%2Fcategories&post=95334"},{"taxonomy":"post_tag","embeddable":true,"href":"https:\/\/www.brennerbasisdemokratie.eu\/index.php?rest_route=%2Fwp%2Fv2%2Ftags&post=95334"}],"curies":[{"name":"wp","href":"https:\/\/api.w.org\/{rel}","templated":true}]}}