{"id":95405,"date":"2025-10-17T00:10:46","date_gmt":"2025-10-16T22:10:46","guid":{"rendered":"https:\/\/www.brennerbasisdemokratie.eu\/?p=95405"},"modified":"2026-03-17T18:58:20","modified_gmt":"2026-03-17T17:58:20","slug":"faschistische-kulisse-fur-die-alpini","status":"publish","type":"post","link":"https:\/\/www.brennerbasisdemokratie.eu\/?p=95405","title":{"rendered":"Faschistische Kulisse f\u00fcr die Alpini."},"content":{"rendered":"<p>Ein vorgestern von Marco Galateo (<abbr title=\"Fratelli d\u2019Italia\">FdI<\/abbr>) ver\u00f6ffentlichtes <em>Instagram<\/em>-Posting, auf das ich hingewiesen wurde, gibt aufschlussreiche Einblicke in den Innenhof des <em>Alpini<\/em>-Oberkommandos in Bozen. Dort hat der S\u00fcdtiroler Vizelandeshauptmann gemeinsam mit dem rechten Bozner B\u00fcrgermeister Claudio Corrarati und <abbr title=\"Partito Democratico\">PD<\/abbr>-Senator Luigi Spagnolli an den Feierlichkeiten zum 153. Jahrestag der italienischen Gebirgstruppen teilgenommen.<\/p>\n<p>Nicht irgendwo abseits, sondern genau im Mittelpunkt der Veranstaltung stand dabei eine \u00fcbermannshohe Statue von Gaius Julius C\u00e6sar, die den faschistischen Anspruch auf Kontinuit\u00e4t zwischen dem alten Rom und Italien verk\u00f6rpert:<\/p>\n<blockquote><p><a href=\"https:\/\/www.brennerbasisdemokratie.eu\/wp-content\/uploads\/2025\/10\/galateo_alpini-truppenkommando.jpg\"><img loading=\"lazy\" decoding=\"async\" class=\"aligncenter wp-image-95406 size-complete_open_graph\" src=\"https:\/\/www.brennerbasisdemokratie.eu\/wp-content\/uploads\/2025\/10\/galateo_alpini-truppenkommando-1200x715.jpg\" alt=\"\" width=\"1200\" height=\"715\" srcset=\"https:\/\/www.brennerbasisdemokratie.eu\/wp-content\/uploads\/2025\/10\/galateo_alpini-truppenkommando-1200x715.jpg 1200w, https:\/\/www.brennerbasisdemokratie.eu\/wp-content\/uploads\/2025\/10\/galateo_alpini-truppenkommando-768x458.jpg 768w, https:\/\/www.brennerbasisdemokratie.eu\/wp-content\/uploads\/2025\/10\/galateo_alpini-truppenkommando-1536x915.jpg 1536w, https:\/\/www.brennerbasisdemokratie.eu\/wp-content\/uploads\/2025\/10\/galateo_alpini-truppenkommando.jpg 2000w\" sizes=\"auto, (max-width: 1200px) 100vw, 1200px\" \/><\/a><\/p><\/blockquote>\n<p><small><em>Instagram-Video von Marco Galateo (Ausschnitte) \u2013 zum Vergr\u00f6\u00dfern anklicken<\/em><\/small><\/p>\n<p>Um jeden Zweifel zu beseitigen, wird ihr Sockel von zwei gro\u00dfen, dreidimensionalen faschistischen Liktorenb\u00fcndeln \u00bbgetragen\u00ab, die auch in Galateos Video gut zu erkennen sind. Weder die milit\u00e4rischen, noch die anwesenden politischen Vertreter scheinen sich aber auch nur im Entferntesten daran zu st\u00f6ren. Welches Selbstverst\u00e4ndnis das italienische Heer damit zur Schau stellt und welche Werte es auch den anwesenden Soldaten vermittelt, muss wohl gar nicht erst ausgef\u00fchrt werden.<\/p>\n<p>Es ist best\u00fcrzend, auch wenn leider alles andere als unerwartet.<\/p>\n<p>Das alles findet wenige hundert Meter vom sogenannten Siegesdenkmal entfernt statt. <a title=\"Mit intellektueller Faulheit zum Verlust der Deutungshoheit.\" href=\"https:\/\/www.brennerbasisdemokratie.eu\/?p=94948\">W\u00e4hrend wir uns den Mund dar\u00fcber fusselig reden<\/a>, ob dort noch weitere Entsch\u00e4rfungsma\u00dfnahmen n\u00f6tig w\u00e4ren, feiern die <em>Alpini,<\/em> um eine faschistische Statue geschart, ohne jegliche Distanzierung oder Aufarbeitung, sich selbst.<\/p>\n<p><strong><span style=\"font-family: Helvetica, Arial, sans-serif; text-transform: uppercase;\">C\u00ebla enghe:<\/span><\/strong> <a title=\"N\u00e4chtliche nationalistische Inkontinenz.\" href=\"https:\/\/www.brennerbasisdemokratie.eu\/?p=90213\"><code>01<\/code><\/a> <a title=\"Das \u203aTempesti\u2039-Hotel in Corvara.\" href=\"https:\/\/www.brennerbasisdemokratie.eu\/?p=89242\"><code>02<\/code><\/a> <a title=\"Italien: Revisionistischer Heereskalender.\" href=\"https:\/\/www.brennerbasisdemokratie.eu\/?p=83143\"><code>03<\/code><\/a> <a title=\"Die \u203aFreiheit\u2039 von El Alamein.\" href=\"https:\/\/www.brennerbasisdemokratie.eu\/?p=88626\"><code>04<\/code><\/a> <a title=\"El Alamein und Castel Benito.\" href=\"https:\/\/www.brennerbasisdemokratie.eu\/?p=43780\"><code>05<\/code><\/a> <a title=\"Spagnolli f\u00fcrchtet zu niedrige Milit\u00e4rpr\u00e4senz in S\u00fcdtirol.\" href=\"https:\/\/www.brennerbasisdemokratie.eu\/?p=93511\"><code>06<\/code><\/a> <a title=\"Neues Alpinidenkmal f\u00fcr Bozen?\" href=\"https:\/\/www.brennerbasisdemokratie.eu\/?p=71892\"><code>07<\/code><\/a> <span style=\"font-family: Helvetica, Arial, sans-serif; font-weight: normal;\">|<\/span> <a title=\"Soldaten m\u00fcssen in Deutschland f\u00fcr Demokratie eintreten.\" href=\"https:\/\/www.brennerbasisdemokratie.eu\/?p=88715\"><code>08<\/code><\/a> <span style=\"font-family: Helvetica, Arial, sans-serif; font-weight: normal;\">||<\/span> <a title=\"Aberkennung der Ehrenb\u00fcrgerschaft von Mussolini laut Alpini \u203aideologisch\u2039.\" href=\"https:\/\/www.brennerbasisdemokratie.eu\/?p=98536\"><span style=\"color: #ff8c00\"><code>01<\/code><\/span><\/a> <span style=\"font-family: Helvetica, Arial, sans-serif; font-weight: normal;\">||<\/span> <a title=\"TdG: C\u00e6sarstatue.\" href=\"https:\/\/umap.openstreetmap.fr\/de\/map\/topographie-des-grauens-topografia-degli-orrori_564738?feature=C%C3%A6sarstatue%20mit%20Liktorenb%C3%BCndeln#19\/46.50292\/11.34457\" target=\"_blank\" rel=\"noopener\"><span class=\"loc-icon\"><\/span><\/a><\/p>","protected":false},"excerpt":{"rendered":"<p>Ein vorgestern von Marco Galateo (FdI) ver\u00f6ffentlichtes Instagram-Posting, auf das ich hingewiesen wurde, gibt aufschlussreiche Einblicke in den Innenhof des Alpini-Oberkommandos in Bozen. Dort hat der S\u00fcdtiroler Vizelandeshauptmann gemeinsam mit dem rechten Bozner B\u00fcrgermeister Claudio Corrarati und PD-Senator Luigi Spagnolli an den Feierlichkeiten zum 153. Jahrestag der italienischen Gebirgstruppen teilgenommen. Nicht irgendwo abseits, sondern genau [&hellip;]<\/p>","protected":false},"author":1,"featured_media":0,"comment_status":"open","ping_status":"open","sticky":false,"template":"","format":"standard","meta":{"_crdt_document":"","ngg_post_thumbnail":0,"_jetpack_memberships_contains_paid_content":false,"footnotes":""},"categories":[1],"tags":[],"class_list":["post-95405","post","type-post","status-publish","format-standard","hentry","category-allgemein","entity-alpini","entity-fdi","entity-gemeinde-bozen","entity-landesregierung","entity-pd","issue-faschistische-relikte","issue-sx-di-dx","location-italy","location-sudtirolo","language-deutsch","medium-socialmedia","person-claudio-corrarati","person-luigi-spagnolli","person-marco-galateo","topic-arch","topic-faschismen","topic-militar","topic-politik","topic-symbolik"],"jetpack_featured_media_url":"","jetpack_sharing_enabled":true,"_links":{"self":[{"href":"https:\/\/www.brennerbasisdemokratie.eu\/index.php?rest_route=\/wp\/v2\/posts\/95405","targetHints":{"allow":["GET"]}}],"collection":[{"href":"https:\/\/www.brennerbasisdemokratie.eu\/index.php?rest_route=\/wp\/v2\/posts"}],"about":[{"href":"https:\/\/www.brennerbasisdemokratie.eu\/index.php?rest_route=\/wp\/v2\/types\/post"}],"author":[{"embeddable":true,"href":"https:\/\/www.brennerbasisdemokratie.eu\/index.php?rest_route=\/wp\/v2\/users\/1"}],"replies":[{"embeddable":true,"href":"https:\/\/www.brennerbasisdemokratie.eu\/index.php?rest_route=%2Fwp%2Fv2%2Fcomments&post=95405"}],"version-history":[{"count":3,"href":"https:\/\/www.brennerbasisdemokratie.eu\/index.php?rest_route=\/wp\/v2\/posts\/95405\/revisions"}],"predecessor-version":[{"id":98549,"href":"https:\/\/www.brennerbasisdemokratie.eu\/index.php?rest_route=\/wp\/v2\/posts\/95405\/revisions\/98549"}],"wp:attachment":[{"href":"https:\/\/www.brennerbasisdemokratie.eu\/index.php?rest_route=%2Fwp%2Fv2%2Fmedia&parent=95405"}],"wp:term":[{"taxonomy":"category","embeddable":true,"href":"https:\/\/www.brennerbasisdemokratie.eu\/index.php?rest_route=%2Fwp%2Fv2%2Fcategories&post=95405"},{"taxonomy":"post_tag","embeddable":true,"href":"https:\/\/www.brennerbasisdemokratie.eu\/index.php?rest_route=%2Fwp%2Fv2%2Ftags&post=95405"}],"curies":[{"name":"wp","href":"https:\/\/api.w.org\/{rel}","templated":true}]}}