{"id":95497,"date":"2025-10-20T01:03:39","date_gmt":"2025-10-19T23:03:39","guid":{"rendered":"https:\/\/www.brennerbasisdemokratie.eu\/?p=95497"},"modified":"2025-10-22T16:54:44","modified_gmt":"2025-10-22T14:54:44","slug":"meloni-fur-den-columbus-day","status":"publish","type":"post","link":"https:\/\/www.brennerbasisdemokratie.eu\/?p=95497","title":{"rendered":"Meloni f\u00fcr den Columbus Day."},"content":{"rendered":"<!-- Snippets by WebberZone Snippetz --><div class=\"ata_snippets\"><hr style=\"height: 20px; border: none; margin-top: 0em; background-color: darkred;\"\/><\/div><p><strong>Die italienische Ministerpr\u00e4sidentin und US-Pr\u00e4sident Trump verteidigen den \u00bbEntdecker\u00ab Amerikas<\/strong><\/p>\n<p>Mit einer <a href=\"https:\/\/tg.la7.it\/esteri\/video-messaggio-giorgia-meloni-italo-americani-contro-cultura-woke-trump-ripristino-columbus-day-woke-19-10-2025-246210\">Videobotschaft<\/a> wandte sich Giorgia Meloni von den <em>Fratelli d&#8217;Italia<\/em> an die <em><a href=\"https:\/\/www.niaf.org\/\">National Italian American Foundation.<\/a><\/em>&nbsp;Anl\u00e4sslich der <a href=\"https:\/\/italoamericano.org\/niaf-50th-anniversary\/\">50. Jubili\u00e4umsgala<\/a> in Washington am vergangenen Samstag verteidigte <a href=\"https:\/\/www.governo.it\/en\/articolo\/statement-president-meloni-national-christopher-columbus-day\/29992\">Meloni die geschichtliche Rolle von Kolumbus und der Italiener f\u00fcr Amerika.<\/a> Deren Feinde sind die Woken.<\/p>\n<p>Deshalb kritisierte Meloni die <a href=\"https:\/\/www.fanpage.it\/politica\/meloni-cultura-woke-cerca-di-dividerci-columbus-day-non-si-cancella-e-trump-la-elogia\/\">\u00bbWoke-Kultur\u00ab<\/a> was auch immer das sein mag: \u00bbEs gibt Kr\u00e4fte, die versuchen, uns zu spalten, unsere Geschichte umzuschreiben und unsere gemeinsamen Traditionen zu zerst\u00f6ren.\u00ab<\/p>\n<p>Meloni beklagte einen angeblichen Versuch, die \u00bbGeschichte der Italoamerikaner auszul\u00f6schen und ihren Platz in den USA zu leugnen.\u00ab In ihrer Videobotschaft k\u00fcndigte sie Widerstand an, die Streichung wird sie nicht zulassen. Meloni bedankte sich beim US-Pr\u00e4sidenten Donald Trump daf\u00fcr, dass er in diesem Jahr die Feierlichkeiten zum <em>Columbus Day<\/em> wieder eingef\u00fchrt hat.<span class=\"Apple-converted-space\">&nbsp; <\/span>Der <em>Columbus Day<\/em> wird in den USA jedes Jahr am zweiten Montag im Oktober gefeiert.<\/p>\n<h6>F\u00fcr Glaube, Familie und Freiheit<\/h6>\n<p>Beherzt griff Meloni eine Aussage Trumps auf: \u00bbW\u00e4hrend wir das Erbe von Kolumbus feiern, w\u00fcrdigen wir auch den Beitrag unz\u00e4hliger Italoamerikaner, die \u2014 wie er \u2014 unerm\u00fcdlich zu unserer Kultur und Lebensweise beigetragen haben. Noch heute teilen die Vereinigten Staaten und Italien eine besondere Verbindung, die auf den zeitlosen Werten wie Glaube, Familie und Freiheit beruht.\u00ab<\/p>\n<p>Diese zeitlosen Werte \u00bbverteidigt\u00ab derzeit Trump mit seiner Politik und verunglimpft Oppositionelle, die die Welt anders sehen, als \u00bbverr\u00fcckte Linksradikale\u00ab. So stufte er auch jene ein, die am 13. Oktober nicht Kolumbus feiern, die <a href=\"https:\/\/nativeamericans.com\/news\/the-history-of-indigenous-peoples-day\/\">Nachfahren der Ureinwohner Amerikas.<\/a><\/p>\n<p>Ein solch verr\u00fcckter Linksradikaler war Trumps Vorg\u00e4nger Joe Bider, der den <em>Indigenous Peoples&#8217; Day<\/em> als gleichwertigen Feiertag eingef\u00fchrt hatte. Der Versuch \u00bblinksradikaler Brandstifter\u00ab, den Namen Kolumbus auszul\u00f6schen, giftete Pr\u00e4sident Trump.<\/p>\n<h6><a href=\"https:\/\/news3lv.com\/news\/local\/native-americans-in-nevada-renew-push-for-indigenous-peoples-day-amid-columbus-day-debate\">Columbus Day statt Indigenous Peoples&#8217; Day<\/a><\/h6>\n<p>Der <em>Columbus Day<\/em> ist seit 1937 ein Bundesfeiertag. Einige <a href=\"https:\/\/www.nytimes.com\/article\/indigenous-peoples-day.html\">St\u00e4dte und Bundesstaaten<\/a> \u2014 darunter Alaska, Oregon, Vermont und Seattle \u2014 haben den <em><a href=\"https:\/\/www.indigenouspeoplesinitiative.org\/indigenouspeoplesday\">Indigenous Peoples&#8217; Day<\/a><\/em> oder <em>Native American Day<\/em> am selben Tag offiziell anerkannt. Viele Bundesstaaten&nbsp;<a href=\"https:\/\/www.axios.com\/2025\/04\/27\/trump-columbus-indigenous-peoples-day\">feiern keinen<\/a>&nbsp;der beiden Feiertage.<\/p>\n<p>Trump will Amerika wieder gro\u00df machen, die Kolonialisierung als Erfolgsgeschichte rehabilitieren und deshalb \u201e\u00bbden <em>Columbus Day<\/em> aus der Asche zur\u00fcckholen.\u00ab Die Schuld f\u00fcr die Miesmacherei tragen die \u00bbverr\u00fcckten linksradikalen\u00ab Demokraten. Auf seinem <em>Truth Social<\/em> giftete der US-Pr\u00e4sident: \u00bbDie Demokraten haben alles getan, um Kolumbus, seinen Ruf und alle Italiener, die ihn so sehr lieben, zu zerst\u00f6ren. Sie haben seine Statuen niedergerissen und nichts als &#8216;WOKE&#8217; aufgestellt, oder noch schlimmer, gar nichts! Nun, ihr werdet euch freuen zu h\u00f6ren, dass Christoph ein gro\u00dfes Comeback feiern wird. Ich setze hiermit den <em>Columbus Day<\/em> unter den gleichen Regeln, Daten und an den gleichen Orten wieder ein, wie er seit vielen Jahrzehnten begangen wurde!\u00ab<\/p>\n<p>Trump m\u00f6chte in die Fu\u00dfstapfen von Kolumbus treten, als gro\u00dfer Kolonisator. Seine Pl\u00e4ne legte er zu Beginn seiner neuen Amtszeit offen, <a href=\"https:\/\/www.rollingstone.com\/politics\/politics-features\/greenland-united-states-denmark-independence-1235309203\/\">Gr\u00f6nland<\/a>&nbsp;und <a href=\"https:\/\/www.rollingstone.com\/politics\/politics-features\/trump-canada-election-losing-landslide-musk-1235311449\/\">Kanada<\/a>&nbsp;zu&nbsp;<a href=\"https:\/\/www.rollingstone.com\/politics\/politics-news\/trump-canada-panama-canal-greenland-1235217402\/\">kolonisieren<\/a> und den USA einzuverleiben. Und auf der Speiseliste steht auch noch der Panamakanal und wer wei\u00df, vielleicht auch der Gazastreifen.<\/p>\n<p>Kolumbus als Vorbild, f\u00fcr Trump und f\u00fcr Meloni. Dass Kolumbus mit seiner \u00bbEntdeckung\u00ab einen <a href=\"https:\/\/hmh.org\/library\/research\/genocide-of-indigenous-peoples-guide\/\">kontinentweiten Genozid<\/a> initiierte, interessieren weder Trump noch Meloni. Historiker und B\u00fcrgerrechtler kritisieren Kolumbus f\u00fcr sein gewaltt\u00e4tiges Verhalten gegen\u00fcber den Ureinwohnern und auch daf\u00fcr, zum Sklavenhandel beigetragen zu haben. Aber das ist ja woke, spalterisch.<span class=\"Apple-converted-space\">&nbsp;<\/span><\/p>\n<h6>Von Ayuso zu Meloni<\/h6>\n<p>Antiwoke sind auch die spanischen Konservativen und ihre rechtsradikalen <em>Vox<\/em>-Verb\u00fcndeten. Vor vier Jahren lehnte die Pr\u00e4sidentin der autonomen Region Madrid, <a href=\"https:\/\/gfbv-voices.org\/entschuldigen-fuer-den-kolonialismus-kommt-nicht-in-frage-isabel-diaz-ayuso-wendet-sich-vehement-gegen-den-papst\/\">Isabel Diaz Ayuso<\/a> von der nationalkonservativen spanischen Volkspartei PP, die Aufforderung von Papst Franziskus vehement ab, sich bei den Angeh\u00f6rigen der indigenen V\u00f6lkern Amerikas f\u00fcr den spanischen Kolonialismus zu entschuldigen. Ihr Argument, die Spanier brachten doch die Zivilisation nach Amerika.<\/p>\n<p>Die politischen Vorfahren von Giorgia Meloni, der \u00bbDuce\u00ab Mussolini und seine Faschisten, lie\u00dfen einen \u00e4hnlichen Spruch auf dem \u00bbSiegesdenkmal\u00ab in Bozen anbringen: \u00bbVon hier brachten wir den Anderen Sprache, Gesetz und Kultur.\u00ab Ein Denkmal, im Auftrag des faschistischen Regimes errichtet, das gerade wieder \u00bbsaniert\u00ab wird. Eine vollst\u00e4ndige \u00bbHistorisierung\u00ab w\u00e4re wohl auch woke und w\u00fcrde spalten, um Trump und Meloni zu folgen.<\/p>\n<p>Und jene, die versuchen zu spalten, sollen das Land verlassen. Das war eine Empfehlung, die 2015 die damalige Oppositionelle Giorgia Meloni ausgesprochen hatte. Anlass daf\u00fcr, 2015 \u00bbfeierte\u00ab Italien den Kriegseintritt gegen \u00d6sterreich-Ungarn vor <a href=\"https:\/\/orf.at\/stories\/3076941\/\">100 Jahren<\/a>. Diese <a href=\"https:\/\/www.youtube.com\/watch?v=5AJDDgsmdO0\">\u00bbFeierlichkeiten\u00ab<\/a> nahm damals Meloni zum Anlass, S\u00fcdtiroler zurechtzuweisen. Sie empfahl einem <abbr title=\"S\u00fcdtiroler Volkspartei\">SVP<\/abbr>-Abgeordneten, nach \u00d6sterreich auszuwandern, wenn er nicht feiern will und sich als \u00d6sterreicher f\u00fchlt. Als eine Straftat empfand Meloni die Weigerung in \u00bbTrentino-Alto Adige\u00ab, die <a href=\"https:\/\/www.brennerbasisdemokratie.eu\/?p=92279\">Trikolore<\/a>&nbsp;zu hissen.&nbsp;<\/p>\n<p>Als die neu gew\u00e4hlte Meraner B\u00fcrgermeisterin <a href=\"https:\/\/www.tageszeitung.it\/2025\/05\/19\/shitstorm-gegen-zeller\/\">Katharina Zeller (SVP)<\/a>&nbsp; bei ihrer \u00bbInauguration\u00ab die Trikolore ablegte, das war wohl auch eine spalterische Aktion, fegte ein Shitstorm \u00fcber die Republik hinweg.<span class=\"Apple-converted-space\">&nbsp;<\/span><\/p>\n<p>Dieses \u00bbSpalten\u00ab schmiedet zusammen, \u00fcber den Atlantik hinweg. Sie wollen deshalb gemeinsam das Spalten verhindern, \u00fcberwinden. \u00bbDie sch\u00f6ne Frau\u00ab, <a href=\"https:\/\/www.n-tv.de\/politik\/Trump-lobt-beim-Gaza-Gipfel-Melonis-Schoenheit-article26094395.html\">Donald Trump \u00fcber Giorgia Meloni<\/a> und Trump. Denn, die spalterischen Woken wollen mit der Abschaffung des <em>Columbus Day<\/em> <a href=\"https:\/\/www.corriere.it\/politica\/25_ottobre_19\/meloni-cultura-woke-dividere-usa-e-italia-columbus-day-non-si-cancella-b16fb53b-64fb-4cb3-9263-70b1abd30xlk.shtml\">USA und Italien auseinanderdividieren<\/a>.<span class=\"Apple-converted-space\">&nbsp;<\/span><\/p>\n<p>N\u00fcchtern betrachtet und im Vergleich zu den europ\u00e4ischen Kolonialisten und Migranten, in was bestand denn die Aufbauleistung der <a href=\"https:\/\/www.dw.com\/de\/umstrittene-erinnerung-der-kolumbus-tag\/a-40924040\">indigenen V\u00f6lker?<\/a><\/p>\n<p><strong><span style=\"font-family: Helvetica, Arial, sans-serif; text-transform: uppercase;\">C\u00ebla enghe:<\/span><\/strong><\/p>\n<ul style=\"margin-top: 0.5em;\">\n<li><a href=\"https:\/\/www.bpb.de\/themen\/nordamerika\/usa\/510441\/recht-auf-land-indigene-gesellschaften-und-der-siedlerkolonialismus\/#:~:text=Die%2520%2528Vor-%2529Geschichte%2520der%2520USA%2520beginnt%2520mit%2520der%2520Enteignung,nomadischen%2520%2522Indianers%2522%2520und%2520neue%2520Perspektiven%2520auf%2520indigene%2520Landwirtschaft.\">Recht auf Land: Indigene Gesellschaften und Siedlerkolonialismus<\/a><\/li>\n<li><a href=\"https:\/\/www.bpb.de\/shop\/zeitschriften\/izpb\/usa-geschichte-wirtschaft-gesellschaft-268\/181023\/von-den-kolonien-zur-geeinten-nation\/\">Von den Kolonien zur geeinten Nation<\/a><\/li>\n<li><a href=\"https:\/\/www.spektrum.de\/rezension\/buchkritik-zu-der-indigene-kontinent\/2208157\">Der indigene Kontinent<\/a><\/li>\n<li><a href=\"https:\/\/ictnews.org\/news\/were-on-the-right-side-of-history\/\">We are on the right side of history<\/a>&nbsp;<\/li>\n<\/ul>\n<!-- Snippets by WebberZone Snippetz --><div class=\"ata_snippets\"><hr style=\"height: 10px;border: none;margin-top: 0px;background-color: darkred\" \/>\r\n\r\n<div style=\"background-color: none;padding: 0px;font-size: 14px;font-family: Helvetica,Arial;margin: 10px 0px 0px 0px\"><span style=\"color: darkred\"><strong><small>Autor:innen- und Gastbeitr\u00e4ge widerspiegeln nicht notwendigerweise die Meinung oder die Position von BBD, so wie die jeweiligen Verfasser:innen nicht notwendigerweise die Ziele von BBD unterst\u00fctzen.<\/small><\/strong><small>\u00b7 I contributi esterni non necessariamente riflettono le opinioni o la posizione di BBD, come a loro volta le autrici\/gli autori non necessariamente condividono gli obiettivi di BBD. \u2014 <a href=\"http:\/\/www.brennerbasisdemokratie.eu\/?page_id=11356#copyleft\"><strong>\u00a9<\/strong><\/a><\/small><\/span><\/div><\/div>","protected":false},"excerpt":{"rendered":"<p>Die italienische Ministerpr\u00e4sidentin und US-Pr\u00e4sident Trump verteidigen den \u00bbEntdecker\u00ab Amerikas Mit einer Videobotschaft wandte sich Giorgia Meloni von den Fratelli d&#8217;Italia an die National Italian American Foundation.&nbsp;Anl\u00e4sslich der 50. Jubili\u00e4umsgala in Washington am vergangenen Samstag verteidigte Meloni die geschichtliche Rolle von Kolumbus und der Italiener f\u00fcr Amerika. Deren Feinde sind die Woken. Deshalb kritisierte Meloni [&hellip;]<\/p>","protected":false},"author":14,"featured_media":0,"comment_status":"open","ping_status":"open","sticky":false,"template":"","format":"standard","meta":{"_crdt_document":"","ngg_post_thumbnail":0,"_jetpack_memberships_contains_paid_content":false,"footnotes":""},"categories":[14],"tags":[],"class_list":["post-95497","post","type-post","status-publish","format-standard","hentry","category-autorinnen","entity-fdi","entity-pp","entity-svp","entity-vox","issue-faschistische-relikte","issue-zitac","location-america","location-canada","location-kalaallit-nunaat","location-italy","location-spania","location-usa","language-deutsch","person-donald-trump","person-giorgia-meloni","person-katharina-zeller","topic-colonialismi","topic-geschichte","topic-nationalismus","topic-politik","topic-symbolik"],"jetpack_featured_media_url":"","jetpack_sharing_enabled":true,"_links":{"self":[{"href":"https:\/\/www.brennerbasisdemokratie.eu\/index.php?rest_route=\/wp\/v2\/posts\/95497","targetHints":{"allow":["GET"]}}],"collection":[{"href":"https:\/\/www.brennerbasisdemokratie.eu\/index.php?rest_route=\/wp\/v2\/posts"}],"about":[{"href":"https:\/\/www.brennerbasisdemokratie.eu\/index.php?rest_route=\/wp\/v2\/types\/post"}],"author":[{"embeddable":true,"href":"https:\/\/www.brennerbasisdemokratie.eu\/index.php?rest_route=\/wp\/v2\/users\/14"}],"replies":[{"embeddable":true,"href":"https:\/\/www.brennerbasisdemokratie.eu\/index.php?rest_route=%2Fwp%2Fv2%2Fcomments&post=95497"}],"version-history":[{"count":7,"href":"https:\/\/www.brennerbasisdemokratie.eu\/index.php?rest_route=\/wp\/v2\/posts\/95497\/revisions"}],"predecessor-version":[{"id":95506,"href":"https:\/\/www.brennerbasisdemokratie.eu\/index.php?rest_route=\/wp\/v2\/posts\/95497\/revisions\/95506"}],"wp:attachment":[{"href":"https:\/\/www.brennerbasisdemokratie.eu\/index.php?rest_route=%2Fwp%2Fv2%2Fmedia&parent=95497"}],"wp:term":[{"taxonomy":"category","embeddable":true,"href":"https:\/\/www.brennerbasisdemokratie.eu\/index.php?rest_route=%2Fwp%2Fv2%2Fcategories&post=95497"},{"taxonomy":"post_tag","embeddable":true,"href":"https:\/\/www.brennerbasisdemokratie.eu\/index.php?rest_route=%2Fwp%2Fv2%2Ftags&post=95497"}],"curies":[{"name":"wp","href":"https:\/\/api.w.org\/{rel}","templated":true}]}}