{"id":95589,"date":"2025-10-22T10:55:04","date_gmt":"2025-10-22T08:55:04","guid":{"rendered":"https:\/\/www.brennerbasisdemokratie.eu\/?p=95589"},"modified":"2025-10-22T16:54:02","modified_gmt":"2025-10-22T14:54:02","slug":"direktzug-lienz-innsbruck-scheitert-an-sudtirol","status":"publish","type":"post","link":"https:\/\/www.brennerbasisdemokratie.eu\/?p=95589","title":{"rendered":"Direktzug Lienz-Innsbruck scheitert an S\u00fcdtirol."},"content":{"rendered":"<p>Tausende Osttirolerinnen, aber nicht wenige Menschen auch aus Nord- und S\u00fcdtirol, haben <a title=\"Mein Aufstehn: Petition.\" href=\"https:\/\/mein.aufstehn.at\/petitions\/direktzug-lienz-innsbruck-zeit-zu-handeln\" target=\"_blank\" rel=\"noopener\">eine Petition<\/a> f\u00fcr die Wiedereinf\u00fchrung eines Direktzugs zwischen Lienz und Innsbruck unterzeichnet. Seit der Abschaffung des sogenannten Korridorzugs, der vom <em>Pariser Vertrag<\/em> vorgesehen war, gibt es zwischen den beiden zu \u00d6sterreich geh\u00f6renden Tiroler Landesteilen nur noch Busverbindungen.<\/p>\n<p>Konkreter Ausl\u00f6ser f\u00fcr die erfolgreiche Unterschriftensammlung war <a title=\"Dolomitenstadt.at: Scharfe Kritik am Direktbus\u2026\" href=\"https:\/\/www.dolomitenstadt.at\/2025\/10\/13\/scharfe-kritik-am-direktbus-lienz-innsbruck\/\" target=\"_blank\" rel=\"noopener\">der Leserbrief<\/a> des Fahrgastes Simon Kofler, der die \u00f6ffentliche Darstellung der Busverbindung zwischen Ost- und Nordtirol als \u00bbErfolgsmodell\u00ab kritisierte und seine Gegenargumente mit haarstr\u00e4ubenden Erfahrungsberichten untermauerte. Daraufhin meldeten sich zahlreiche weitere Personen mit \u00e4hnlichen Berichten zu Wort.<\/p>\n<p>Gefordert wird kurzfristig eine deutliche Verbesserung der Busverbindungen und mittelfristig die Einf\u00fchrung von Direktz\u00fcgen zumindest am Tagesrand.<\/p>\n<p>Der <em><abbr title=\"\u00d6sterreichischer Rundfunk\">ORF<\/abbr> Tirol<\/em> schreibt hierzu jedoch unter anderem Folgendes:<\/p>\n<blockquote><p><strong>Widerstand aus S\u00fcdtirol gegen Direktzug<\/strong><\/p>\n<p>Doch eine Tagesrandverbindung scheitere am Stundentakt in S\u00fcdtirol, sagte B\u00fcrgermeisterin Elisabeth Blanik (SP\u00d6). Das sei schade, Solidarit\u00e4t zwischen dem S\u00fcdtiroler Pustertal und Osttirol k\u00f6nne man schon einfordern. Es liege am Land S\u00fcdtirol, so Blanik. F\u00fcr einen Direktzug gibt es auch einen Beschluss des Dreierlandtages der Euregio Tirol, S\u00fcdtirol und Trentino.<\/p>\n<p><em><small>\u2013 <a title=\"ORF: Tausende fordern Direktzug\u2026\" href=\"https:\/\/tirol.orf.at\/stories\/3326735\/\" target=\"_blank\" rel=\"noopener\">ORF Tirol<\/a><\/small><\/em><\/p><\/blockquote>\n<p>Die Haltung des Landes S\u00fcdtirol finde ich ehrlich gesagt besch\u00e4mend, angesichts auch der Tatsache, dass zahlreiche junge S\u00fcdtirolerinnen regelm\u00e4\u00dfig zwischen dem s\u00fcdlichen und dem n\u00f6rdlichen Landesteil pendeln, um in Innsbruck mit \u00f6sterreichischen Kommilitoninnen gleichgestellt auf Kosten der Republik zu studieren. F\u00fcr die aus dem S\u00fcdtiroler Pustertal stammenden Studentinnen w\u00e4re die geforderte Direktverbindung vermutlich ebenfalls eine Entlastung.<\/p>\n<p>Wenn uns die <em>Euregio<\/em> jenseits von Lippenbekenntnissen etwas wert ist, sollte das Land in Absprache mit den Verantwortlichen in Innsbruck so schnell wie m\u00f6glich eine L\u00f6sung finden. Allein schon deshalb habe ich nat\u00fcrlich auch die Petition unterzeichnet.<\/p>\n<p><strong><span style=\"font-family: Helvetica, Arial, sans-serif; text-transform: uppercase;\">C\u00ebla enghe:<\/span><\/strong> <a title=\"Stiefkind Korridorzug.\" href=\"https:\/\/www.brennerbasisdemokratie.eu\/?p=16864\"><code>01<\/code><\/a> <a title=\"S\u00fcdtirol Hauptbahnhof.\" href=\"https:\/\/www.brennerbasisdemokratie.eu\/?p=93248\"><code>02<\/code><\/a> <a title=\"Bahn: Stark sp\u00fcrbare Staatsgrenze.\" href=\"https:\/\/www.brennerbasisdemokratie.eu\/?p=58634\"><code>03<\/code><\/a><\/p>","protected":false},"excerpt":{"rendered":"<p>Tausende Osttirolerinnen, aber nicht wenige Menschen auch aus Nord- und S\u00fcdtirol, haben eine Petition f\u00fcr die Wiedereinf\u00fchrung eines Direktzugs zwischen Lienz und Innsbruck unterzeichnet. Seit der Abschaffung des sogenannten Korridorzugs, der vom Pariser Vertrag vorgesehen war, gibt es zwischen den beiden zu \u00d6sterreich geh\u00f6renden Tiroler Landesteilen nur noch Busverbindungen. Konkreter Ausl\u00f6ser f\u00fcr die erfolgreiche Unterschriftensammlung [&hellip;]<\/p>","protected":false},"author":1,"featured_media":0,"comment_status":"open","ping_status":"open","sticky":false,"template":"","format":"standard","meta":{"_crdt_document":"","ngg_post_thumbnail":0,"_jetpack_memberships_contains_paid_content":false,"footnotes":""},"categories":[1],"tags":[],"class_list":["post-95589","post","type-post","status-publish","format-standard","hentry","category-allgemein","entity-euregio","entity-land-sudtirol","entity-spo","issue-zitac","location-nord-osttirol","location-sudtirolo","language-deutsch","medium-orf","topic-engagement","topic-ov","topic-politik","topic-servicepublic"],"jetpack_featured_media_url":"","jetpack_sharing_enabled":true,"_links":{"self":[{"href":"https:\/\/www.brennerbasisdemokratie.eu\/index.php?rest_route=\/wp\/v2\/posts\/95589","targetHints":{"allow":["GET"]}}],"collection":[{"href":"https:\/\/www.brennerbasisdemokratie.eu\/index.php?rest_route=\/wp\/v2\/posts"}],"about":[{"href":"https:\/\/www.brennerbasisdemokratie.eu\/index.php?rest_route=\/wp\/v2\/types\/post"}],"author":[{"embeddable":true,"href":"https:\/\/www.brennerbasisdemokratie.eu\/index.php?rest_route=\/wp\/v2\/users\/1"}],"replies":[{"embeddable":true,"href":"https:\/\/www.brennerbasisdemokratie.eu\/index.php?rest_route=%2Fwp%2Fv2%2Fcomments&post=95589"}],"version-history":[{"count":7,"href":"https:\/\/www.brennerbasisdemokratie.eu\/index.php?rest_route=\/wp\/v2\/posts\/95589\/revisions"}],"predecessor-version":[{"id":95596,"href":"https:\/\/www.brennerbasisdemokratie.eu\/index.php?rest_route=\/wp\/v2\/posts\/95589\/revisions\/95596"}],"wp:attachment":[{"href":"https:\/\/www.brennerbasisdemokratie.eu\/index.php?rest_route=%2Fwp%2Fv2%2Fmedia&parent=95589"}],"wp:term":[{"taxonomy":"category","embeddable":true,"href":"https:\/\/www.brennerbasisdemokratie.eu\/index.php?rest_route=%2Fwp%2Fv2%2Fcategories&post=95589"},{"taxonomy":"post_tag","embeddable":true,"href":"https:\/\/www.brennerbasisdemokratie.eu\/index.php?rest_route=%2Fwp%2Fv2%2Ftags&post=95589"}],"curies":[{"name":"wp","href":"https:\/\/api.w.org\/{rel}","templated":true}]}}