{"id":9560,"date":"2011-11-15T22:37:01","date_gmt":"2011-11-15T21:37:01","guid":{"rendered":"http:\/\/www.brennerbasisdemokratie.eu\/?p=9560"},"modified":"2026-06-15T20:45:10","modified_gmt":"2026-06-15T18:45:10","slug":"umfrage-36-mit-jetziger-autonomie-zufrieden","status":"publish","type":"post","link":"https:\/\/www.brennerbasisdemokratie.eu\/?p=9560","title":{"rendered":"Zukunftsfrage: 36% f\u00fcr Istzustand."},"content":{"rendered":"<p>Das Umfrageinstitut <em>Gruber &amp; Partner<\/em> hat den S\u00fcdtirolerinnen im Auftrag der Sendergruppe um <em>S\u00fcdtirol Digital<\/em> (SDF) in einer Repr\u00e4sentativumfrage die \u00bbZukunftsfrage\u00ab gestellt. Dabei konnten die Befragten unter f\u00fcnf verschiedenen Szenarien \u2014 dynamische Autonomie, bestehende Autonomie, weitgehende \u2192<a title=\"Teilautonomie.\" href=\"http:\/\/www.brennerbasisdemokratie.eu\/?page_id=8859#Teilautonomie\">Teilautonomie<\/a> (\u00bbVollautonomie\u00ab), \u2192<a title=\"Unabh\u00e4ngigkeit.\" href=\"http:\/\/www.brennerbasisdemokratie.eu\/?page_id=8859#Unabh%C3%A4ngigkeit\">Unabh\u00e4ngigkeit<\/a> (\u00bbFreistaat\u00ab) und Angliederung an \u00d6sterreich \u2014 ihre \u00bbIdeall\u00f6sung\u00ab nennen, Mehrfachnennungen waren gestattet.<\/p>\n<ol>\n<li>Nur 36 Prozent der Befragten sind mit der derzeitigen Autonomie zufrieden und m\u00f6chten sie unver\u00e4ndert beibehalten.<\/li>\n<li>Wenigstens 64 Prozent der S\u00fcdtirolerinnen w\u00fcnschen sich folglich eine mehr oder minder deutliche Ver\u00e4nderung.<\/li>\n<li>Die dynamische Autonomie, die weitgehende Teilautonomie und die Unabh\u00e4ngigkeit als Zukunftsperspektiven k\u00f6nnen gemeinsam rund 70 Prozent aller Nennungen auf sich vereinigen; das sind die Szenarien, die einen Ausbau der Selbstverwaltung beinhalten.<\/li>\n<li>Die <abbr title=\"S\u00fcdtiroler Volkspartei\">SVP<\/abbr> spricht mit ihrem neuen Konzept, dem dezidierten Ausbau der Teilautonomie, 18 Prozent der S\u00fcdtirolerinnen an; das sind nur unwesentlich mehr als jene, die sich die Unabh\u00e4ngigkeit w\u00fcnschen.<\/li>\n<li>Rund 14 Prozent der S\u00fcdtirolerinnen sprechen sich f\u00fcr die Losl\u00f6sung von Italien aus.<\/li>\n<\/ol>\n<p>Au\u00dfer der \u00bbIdeall\u00f6sung\u00ab wurde auch die nach Meinung der Befragten \u00bbschlechteste L\u00f6sung\u00ab abgefragt. Die Ergebnisse wurden jedoch nicht ver\u00f6ffentlicht. Auf eine Gewichtung der Stichprobe nach Sprachgruppen wurde auch nicht geachtet.<\/p>\n<p>Es sticht der gro\u00dfe Unterschied zur <a title=\"Klarheit zur SB-Umfrage.\" href=\"http:\/\/www.brennerbasisdemokratie.eu\/?p=8360\"><em>Apollis<\/em>-Umfrage<\/a> ins Auge, laut der mehr als die H\u00e4lfte der S\u00fcdtirolerinnen deutscher und ladinischer Muttersprache die Unabh\u00e4ngigkeit w\u00fcnschen.<\/p>","protected":false},"excerpt":{"rendered":"<p>Das Umfrageinstitut Gruber &amp; Partner hat den S\u00fcdtirolerinnen im Auftrag der Sendergruppe um S\u00fcdtirol Digital (SDF) in einer Repr\u00e4sentativumfrage die \u00bbZukunftsfrage\u00ab gestellt. Dabei konnten die Befragten unter f\u00fcnf verschiedenen Szenarien \u2014 dynamische Autonomie, bestehende Autonomie, weitgehende \u2192Teilautonomie (\u00bbVollautonomie\u00ab), \u2192Unabh\u00e4ngigkeit (\u00bbFreistaat\u00ab) und Angliederung an \u00d6sterreich \u2014 ihre \u00bbIdeall\u00f6sung\u00ab nennen, Mehrfachnennungen waren gestattet. Nur 36 Prozent der [&hellip;]<\/p>","protected":false},"author":1,"featured_media":0,"comment_status":"open","ping_status":"open","sticky":false,"template":"","format":"standard","meta":{"ngg_post_thumbnail":0,"_jetpack_newsletter_access":"","_jetpack_dont_email_post_to_subs":false,"_jetpack_newsletter_tier_id":0,"_jetpack_memberships_contains_paywalled_content":false,"_jetpack_memberships_contains_paid_content":false,"footnotes":""},"categories":[1],"tags":[],"class_list":["post-9560","post","type-post","status-publish","format-standard","hentry","category-allgemein","entity-apollis","entity-svp","location-sudtirolo","language-deutsch","topic-medien","topic-mitbestimmung","topic-politik","topic-selbstbestimmung","topic-statistik"],"yoast_head":"<!-- This site is optimized with the Yoast SEO plugin v28.3 - https:\/\/yoast.com\/product\/yoast-seo-wordpress\/ -->\n<title>Zukunftsfrage: 36% f\u00fcr Istzustand. - BBD<\/title>\n<meta name=\"robots\" content=\"index, follow, max-snippet:-1, max-image-preview:large, max-video-preview:-1\" \/>\n<link rel=\"canonical\" href=\"https:\/\/www.brennerbasisdemokratie.eu\/?p=9560\" \/>\n<meta property=\"og:locale\" content=\"en_GB\" \/>\n<meta property=\"og:type\" content=\"article\" \/>\n<meta property=\"og:title\" content=\"Zukunftsfrage: 36% f\u00fcr Istzustand. - BBD\" \/>\n<meta property=\"og:description\" content=\"Das Umfrageinstitut Gruber &amp; Partner hat den S\u00fcdtirolerinnen im Auftrag der Sendergruppe um S\u00fcdtirol Digital (SDF) in einer Repr\u00e4sentativumfrage die \u00bbZukunftsfrage\u00ab gestellt. Dabei konnten die Befragten unter f\u00fcnf verschiedenen Szenarien \u2014 dynamische Autonomie, bestehende Autonomie, weitgehende \u2192Teilautonomie (\u00bbVollautonomie\u00ab), \u2192Unabh\u00e4ngigkeit (\u00bbFreistaat\u00ab) und Angliederung an \u00d6sterreich \u2014 ihre \u00bbIdeall\u00f6sung\u00ab nennen, Mehrfachnennungen waren gestattet. Nur 36 Prozent der [&hellip;]\" \/>\n<meta property=\"og:url\" content=\"https:\/\/www.brennerbasisdemokratie.eu\/?p=9560\" \/>\n<meta property=\"og:site_name\" content=\"BBD\" \/>\n<meta property=\"article:publisher\" content=\"https:\/\/www.facebook.com\/Brennerbasisdemokratie\/\" \/>\n<meta property=\"article:published_time\" content=\"2011-11-15T21:37:01+00:00\" \/>\n<meta property=\"article:modified_time\" content=\"2026-06-15T18:45:10+00:00\" \/>\n<meta property=\"og:image\" content=\"https:\/\/www.brennerbasisdemokratie.eu\/wp-content\/uploads\/2026\/08\/bbd-defaultimage.png\" \/>\n\t<meta property=\"og:image:width\" content=\"1200\" \/>\n\t<meta property=\"og:image:height\" content=\"630\" \/>\n\t<meta property=\"og:image:type\" content=\"image\/png\" \/>\n<meta name=\"author\" content=\"Simon Constantini\" \/>\n<meta name=\"twitter:card\" content=\"summary_large_image\" \/>\n<meta name=\"twitter:creator\" content=\"@31bbd\" \/>\n<meta name=\"twitter:site\" content=\"@31bbd\" \/>\n<meta name=\"twitter:label1\" content=\"Written by\" \/>\n\t<meta name=\"twitter:data1\" content=\"Simon Constantini\" \/>\n\t<meta name=\"twitter:label2\" content=\"Estimated reading time\" \/>\n\t<meta name=\"twitter:data2\" content=\"1 minute\" \/>\n<script type=\"application\/ld+json\" class=\"yoast-schema-graph\">{\"@context\":\"https:\\\/\\\/schema.org\",\"@graph\":[{\"@type\":\"Article\",\"@id\":\"https:\\\/\\\/www.brennerbasisdemokratie.eu\\\/?p=9560#article\",\"isPartOf\":{\"@id\":\"https:\\\/\\\/www.brennerbasisdemokratie.eu\\\/?p=9560\"},\"author\":{\"name\":\"Simon Constantini\",\"@id\":\"https:\\\/\\\/www.brennerbasisdemokratie.eu\\\/#\\\/schema\\\/person\\\/d02c4d1a3c6c3b2c70d7c7f27eb857ec\"},\"headline\":\"Zukunftsfrage: 36% f\u00fcr Istzustand.\",\"datePublished\":\"2011-11-15T21:37:01+00:00\",\"dateModified\":\"2026-06-15T18:45:10+00:00\",\"mainEntityOfPage\":{\"@id\":\"https:\\\/\\\/www.brennerbasisdemokratie.eu\\\/?p=9560\"},\"wordCount\":233,\"commentCount\":19,\"publisher\":{\"@id\":\"https:\\\/\\\/www.brennerbasisdemokratie.eu\\\/#organization\"},\"articleSection\":[\"BBD\"],\"inLanguage\":\"en-GB\",\"potentialAction\":[{\"@type\":\"CommentAction\",\"name\":\"Comment\",\"target\":[\"https:\\\/\\\/www.brennerbasisdemokratie.eu\\\/?p=9560#respond\"]}]},{\"@type\":\"WebPage\",\"@id\":\"https:\\\/\\\/www.brennerbasisdemokratie.eu\\\/?p=9560\",\"url\":\"https:\\\/\\\/www.brennerbasisdemokratie.eu\\\/?p=9560\",\"name\":\"Zukunftsfrage: 36% f\u00fcr Istzustand. - BBD\",\"isPartOf\":{\"@id\":\"https:\\\/\\\/www.brennerbasisdemokratie.eu\\\/#website\"},\"datePublished\":\"2011-11-15T21:37:01+00:00\",\"dateModified\":\"2026-06-15T18:45:10+00:00\",\"breadcrumb\":{\"@id\":\"https:\\\/\\\/www.brennerbasisdemokratie.eu\\\/?p=9560#breadcrumb\"},\"inLanguage\":\"en-GB\",\"potentialAction\":[{\"@type\":\"ReadAction\",\"target\":[\"https:\\\/\\\/www.brennerbasisdemokratie.eu\\\/?p=9560\"]}]},{\"@type\":\"BreadcrumbList\",\"@id\":\"https:\\\/\\\/www.brennerbasisdemokratie.eu\\\/?p=9560#breadcrumb\",\"itemListElement\":[{\"@type\":\"ListItem\",\"position\":1,\"name\":\"Home\",\"item\":\"https:\\\/\\\/www.brennerbasisdemokratie.eu\\\/\"},{\"@type\":\"ListItem\",\"position\":2,\"name\":\"Zukunftsfrage: 36% f\u00fcr Istzustand.\"}]},{\"@type\":\"WebSite\",\"@id\":\"https:\\\/\\\/www.brennerbasisdemokratie.eu\\\/#website\",\"url\":\"https:\\\/\\\/www.brennerbasisdemokratie.eu\\\/\",\"name\":\"Brennerbasisdemokratie\",\"description\":\"linksgr\u00fcnversiffter Separatismus\",\"publisher\":{\"@id\":\"https:\\\/\\\/www.brennerbasisdemokratie.eu\\\/#organization\"},\"alternateName\":\"BBD\",\"potentialAction\":[{\"@type\":\"SearchAction\",\"target\":{\"@type\":\"EntryPoint\",\"urlTemplate\":\"https:\\\/\\\/www.brennerbasisdemokratie.eu\\\/?s={search_term_string}\"},\"query-input\":{\"@type\":\"PropertyValueSpecification\",\"valueRequired\":true,\"valueName\":\"search_term_string\"}}],\"inLanguage\":\"en-GB\"},{\"@type\":\"Organization\",\"@id\":\"https:\\\/\\\/www.brennerbasisdemokratie.eu\\\/#organization\",\"name\":\"BBD\",\"url\":\"https:\\\/\\\/www.brennerbasisdemokratie.eu\\\/\",\"logo\":{\"@type\":\"ImageObject\",\"inLanguage\":\"en-GB\",\"@id\":\"https:\\\/\\\/www.brennerbasisdemokratie.eu\\\/#\\\/schema\\\/logo\\\/image\\\/\",\"url\":\"\",\"contentUrl\":\"\",\"caption\":\"BBD\"},\"image\":{\"@id\":\"https:\\\/\\\/www.brennerbasisdemokratie.eu\\\/#\\\/schema\\\/logo\\\/image\\\/\"},\"sameAs\":[\"https:\\\/\\\/www.facebook.com\\\/Brennerbasisdemokratie\\\/\",\"https:\\\/\\\/x.com\\\/31bbd\",\"https:\\\/\\\/bsky.app\\\/profile\\\/31bbd.bsky.social\",\"https:\\\/\\\/tyrol.social\\\/@bbd\"]},{\"@type\":\"Person\",\"@id\":\"https:\\\/\\\/www.brennerbasisdemokratie.eu\\\/#\\\/schema\\\/person\\\/d02c4d1a3c6c3b2c70d7c7f27eb857ec\",\"name\":\"Simon Constantini\",\"image\":{\"@type\":\"ImageObject\",\"inLanguage\":\"en-GB\",\"@id\":\"https:\\\/\\\/secure.gravatar.com\\\/avatar\\\/48c8e5a626e54792d47a47aaa2dfe3ad32a7e03bd56f76114a8ecaae23e227ff?s=96&d=identicon&r=r\",\"url\":\"https:\\\/\\\/secure.gravatar.com\\\/avatar\\\/48c8e5a626e54792d47a47aaa2dfe3ad32a7e03bd56f76114a8ecaae23e227ff?s=96&d=identicon&r=r\",\"contentUrl\":\"https:\\\/\\\/secure.gravatar.com\\\/avatar\\\/48c8e5a626e54792d47a47aaa2dfe3ad32a7e03bd56f76114a8ecaae23e227ff?s=96&d=identicon&r=r\",\"caption\":\"Simon Constantini\"},\"sameAs\":[\"http:\\\/\\\/www.brennerbasisdemokratie.eu\\\/?author=1\"],\"url\":\"https:\\\/\\\/www.brennerbasisdemokratie.eu\\\/?author=1\"}]}<\/script>\n<!-- \/ Yoast SEO plugin. -->","yoast_head_json":{"title":"Zukunftsfrage: 36% f\u00fcr Istzustand. - BBD","robots":{"index":"index","follow":"follow","max-snippet":"max-snippet:-1","max-image-preview":"max-image-preview:large","max-video-preview":"max-video-preview:-1"},"canonical":"https:\/\/www.brennerbasisdemokratie.eu\/?p=9560","og_locale":"en_GB","og_type":"article","og_title":"Zukunftsfrage: 36% f\u00fcr Istzustand. - BBD","og_description":"Das Umfrageinstitut Gruber &amp; Partner hat den S\u00fcdtirolerinnen im Auftrag der Sendergruppe um S\u00fcdtirol Digital (SDF) in einer Repr\u00e4sentativumfrage die \u00bbZukunftsfrage\u00ab gestellt. Dabei konnten die Befragten unter f\u00fcnf verschiedenen Szenarien \u2014 dynamische Autonomie, bestehende Autonomie, weitgehende \u2192Teilautonomie (\u00bbVollautonomie\u00ab), \u2192Unabh\u00e4ngigkeit (\u00bbFreistaat\u00ab) und Angliederung an \u00d6sterreich \u2014 ihre \u00bbIdeall\u00f6sung\u00ab nennen, Mehrfachnennungen waren gestattet. Nur 36 Prozent der [&hellip;]","og_url":"https:\/\/www.brennerbasisdemokratie.eu\/?p=9560","og_site_name":"BBD","article_publisher":"https:\/\/www.facebook.com\/Brennerbasisdemokratie\/","article_published_time":"2011-11-15T21:37:01+00:00","article_modified_time":"2026-06-15T18:45:10+00:00","og_image":[{"width":1200,"height":630,"url":"https:\/\/www.brennerbasisdemokratie.eu\/wp-content\/uploads\/2026\/08\/bbd-defaultimage.png","type":"image\/png"}],"author":"Simon Constantini","twitter_card":"summary_large_image","twitter_creator":"@31bbd","twitter_site":"@31bbd","twitter_misc":{"Written by":"Simon Constantini","Estimated reading time":"1 minute"},"schema":{"@context":"https:\/\/schema.org","@graph":[{"@type":"Article","@id":"https:\/\/www.brennerbasisdemokratie.eu\/?p=9560#article","isPartOf":{"@id":"https:\/\/www.brennerbasisdemokratie.eu\/?p=9560"},"author":{"name":"Simon Constantini","@id":"https:\/\/www.brennerbasisdemokratie.eu\/#\/schema\/person\/d02c4d1a3c6c3b2c70d7c7f27eb857ec"},"headline":"Zukunftsfrage: 36% f\u00fcr Istzustand.","datePublished":"2011-11-15T21:37:01+00:00","dateModified":"2026-06-15T18:45:10+00:00","mainEntityOfPage":{"@id":"https:\/\/www.brennerbasisdemokratie.eu\/?p=9560"},"wordCount":233,"commentCount":19,"publisher":{"@id":"https:\/\/www.brennerbasisdemokratie.eu\/#organization"},"articleSection":["BBD"],"inLanguage":"en-GB","potentialAction":[{"@type":"CommentAction","name":"Comment","target":["https:\/\/www.brennerbasisdemokratie.eu\/?p=9560#respond"]}]},{"@type":"WebPage","@id":"https:\/\/www.brennerbasisdemokratie.eu\/?p=9560","url":"https:\/\/www.brennerbasisdemokratie.eu\/?p=9560","name":"Zukunftsfrage: 36% f\u00fcr Istzustand. - BBD","isPartOf":{"@id":"https:\/\/www.brennerbasisdemokratie.eu\/#website"},"datePublished":"2011-11-15T21:37:01+00:00","dateModified":"2026-06-15T18:45:10+00:00","breadcrumb":{"@id":"https:\/\/www.brennerbasisdemokratie.eu\/?p=9560#breadcrumb"},"inLanguage":"en-GB","potentialAction":[{"@type":"ReadAction","target":["https:\/\/www.brennerbasisdemokratie.eu\/?p=9560"]}]},{"@type":"BreadcrumbList","@id":"https:\/\/www.brennerbasisdemokratie.eu\/?p=9560#breadcrumb","itemListElement":[{"@type":"ListItem","position":1,"name":"Home","item":"https:\/\/www.brennerbasisdemokratie.eu\/"},{"@type":"ListItem","position":2,"name":"Zukunftsfrage: 36% f\u00fcr Istzustand."}]},{"@type":"WebSite","@id":"https:\/\/www.brennerbasisdemokratie.eu\/#website","url":"https:\/\/www.brennerbasisdemokratie.eu\/","name":"Brennerbasisdemokratie","description":"linksgr\u00fcnversiffter Separatismus","publisher":{"@id":"https:\/\/www.brennerbasisdemokratie.eu\/#organization"},"alternateName":"BBD","potentialAction":[{"@type":"SearchAction","target":{"@type":"EntryPoint","urlTemplate":"https:\/\/www.brennerbasisdemokratie.eu\/?s={search_term_string}"},"query-input":{"@type":"PropertyValueSpecification","valueRequired":true,"valueName":"search_term_string"}}],"inLanguage":"en-GB"},{"@type":"Organization","@id":"https:\/\/www.brennerbasisdemokratie.eu\/#organization","name":"BBD","url":"https:\/\/www.brennerbasisdemokratie.eu\/","logo":{"@type":"ImageObject","inLanguage":"en-GB","@id":"https:\/\/www.brennerbasisdemokratie.eu\/#\/schema\/logo\/image\/","url":"","contentUrl":"","caption":"BBD"},"image":{"@id":"https:\/\/www.brennerbasisdemokratie.eu\/#\/schema\/logo\/image\/"},"sameAs":["https:\/\/www.facebook.com\/Brennerbasisdemokratie\/","https:\/\/x.com\/31bbd","https:\/\/bsky.app\/profile\/31bbd.bsky.social","https:\/\/tyrol.social\/@bbd"]},{"@type":"Person","@id":"https:\/\/www.brennerbasisdemokratie.eu\/#\/schema\/person\/d02c4d1a3c6c3b2c70d7c7f27eb857ec","name":"Simon Constantini","image":{"@type":"ImageObject","inLanguage":"en-GB","@id":"https:\/\/secure.gravatar.com\/avatar\/48c8e5a626e54792d47a47aaa2dfe3ad32a7e03bd56f76114a8ecaae23e227ff?s=96&d=identicon&r=r","url":"https:\/\/secure.gravatar.com\/avatar\/48c8e5a626e54792d47a47aaa2dfe3ad32a7e03bd56f76114a8ecaae23e227ff?s=96&d=identicon&r=r","contentUrl":"https:\/\/secure.gravatar.com\/avatar\/48c8e5a626e54792d47a47aaa2dfe3ad32a7e03bd56f76114a8ecaae23e227ff?s=96&d=identicon&r=r","caption":"Simon Constantini"},"sameAs":["http:\/\/www.brennerbasisdemokratie.eu\/?author=1"],"url":"https:\/\/www.brennerbasisdemokratie.eu\/?author=1"}]}},"jetpack_sharing_enabled":true,"jetpack_featured_media_url":"","_links":{"self":[{"href":"https:\/\/www.brennerbasisdemokratie.eu\/index.php?rest_route=\/wp\/v2\/posts\/9560","targetHints":{"allow":["GET"]}}],"collection":[{"href":"https:\/\/www.brennerbasisdemokratie.eu\/index.php?rest_route=\/wp\/v2\/posts"}],"about":[{"href":"https:\/\/www.brennerbasisdemokratie.eu\/index.php?rest_route=\/wp\/v2\/types\/post"}],"author":[{"embeddable":true,"href":"https:\/\/www.brennerbasisdemokratie.eu\/index.php?rest_route=\/wp\/v2\/users\/1"}],"replies":[{"embeddable":true,"href":"https:\/\/www.brennerbasisdemokratie.eu\/index.php?rest_route=%2Fwp%2Fv2%2Fcomments&post=9560"}],"version-history":[{"count":15,"href":"https:\/\/www.brennerbasisdemokratie.eu\/index.php?rest_route=\/wp\/v2\/posts\/9560\/revisions"}],"predecessor-version":[{"id":99783,"href":"https:\/\/www.brennerbasisdemokratie.eu\/index.php?rest_route=\/wp\/v2\/posts\/9560\/revisions\/99783"}],"wp:attachment":[{"href":"https:\/\/www.brennerbasisdemokratie.eu\/index.php?rest_route=%2Fwp%2Fv2%2Fmedia&parent=9560"}],"wp:term":[{"taxonomy":"category","embeddable":true,"href":"https:\/\/www.brennerbasisdemokratie.eu\/index.php?rest_route=%2Fwp%2Fv2%2Fcategories&post=9560"},{"taxonomy":"post_tag","embeddable":true,"href":"https:\/\/www.brennerbasisdemokratie.eu\/index.php?rest_route=%2Fwp%2Fv2%2Ftags&post=9560"}],"curies":[{"name":"wp","href":"https:\/\/api.w.org\/{rel}","templated":true}]}}