{"id":9572,"date":"2011-11-16T14:09:23","date_gmt":"2011-11-16T13:09:23","guid":{"rendered":"http:\/\/www.brennerbasisdemokratie.eu\/?p=9572"},"modified":"2022-04-18T10:53:01","modified_gmt":"2022-04-18T08:53:01","slug":"europa-neustift-unterstutzt-casaitalia","status":"publish","type":"post","link":"https:\/\/www.brennerbasisdemokratie.eu\/?p=9572","title":{"rendered":"Don-Bosco-Viertel unterst\u00fctzt CasaItalia."},"content":{"rendered":"<p>Die neufaschistische <em>CasaPound<\/em> plant in Bozen \u00fcber ihren \u00bbkulturellen\u00ab Arm <em>CasaItalia<\/em> eine Freilichtausstellung \u00fcber das vor einigen Jahren abgerissene <em>Semirurali<\/em>-Viertel. Die Siedlung war auf Betreiben des Mussoliniregimes f\u00fcr die Neuank\u00f6mmlinge errichtet worden, die zum Zwecke der Majorisierung aus ganz Italien herangekarrt wurden. F\u00fcr das Vorhaben der Rechtsextremistinnen hat der von <abbr title=\"Partito Democratico\">PD<\/abbr> und <abbr title=\"S\u00fcdtiroler Volkspartei\">SVP<\/abbr> gef\u00fchrte Stadtviertelrat Don Bosco seine logistische Unterst\u00fctzung zugesagt, weshalb auf den Flugbl\u00e4ttern von <em>CasaPound<\/em>, mit denen die Bozner dazu aufgerufen werden, Fotos und sonstige Unterlagen zur Verf\u00fcgung zu stellen, das offizielle Stadtwappen neben dem Logo der Neufaschistinnen prangt.<\/p>\n<p>Jetzt hat die Stadtregierung unter BM Spagnolli reagiert und das Vorgehen des Stadtviertelrats ger\u00fcgt. Es sei inakzeptabel, dass demokratische Institutionen Initiativen von Neufaschistinnen unterst\u00fctzen, die schlie\u00dflich mit politischen Systemen sympathisieren, die im vergangenen Jahrhundert zum Holocaust gef\u00fchrt haben.<\/p>\n<p>Schwach und uneinsichtig die Rechtfertigung des Stadtviertelpr\u00e4sidenten Morabito (PD): Er habe geglaubt, es handle sich vor allem um eine historische, nicht um eine politische Veranstaltung.<\/p>\n<p><strong><span style=\"font-family: Helvetica, Arial, sans-serif; text-transform: uppercase;\">C\u00ebla enghe:<\/span><\/strong> <a title=\"Consiglio di quartiere, CPI la fa da padrone.\" href=\"https:\/\/www.brennerbasisdemokratie.eu\/?p=48130\"><span style=\"color: #ff8c00\"><code>01<\/code><\/span><\/a> <a title=\"Bozner Lido bekommt eine Ausstellung.\" href=\"https:\/\/www.brennerbasisdemokratie.eu\/?p=47582\"><span style=\"color: #ff8c00\"><code>02<\/code><\/span><\/a> <a title=\"SVP fliegt aus Stadtviertelr\u00e4ten.\" href=\"https:\/\/www.brennerbasisdemokratie.eu\/?p=60963\"><span style=\"color: #ff8c00\"><code>03<\/code><\/span><\/a><\/p>","protected":false},"excerpt":{"rendered":"<p>Die neufaschistische CasaPound plant in Bozen \u00fcber ihren \u00bbkulturellen\u00ab Arm CasaItalia eine Freilichtausstellung \u00fcber das vor einigen Jahren abgerissene Semirurali-Viertel. Die Siedlung war auf Betreiben des Mussoliniregimes f\u00fcr die Neuank\u00f6mmlinge errichtet worden, die zum Zwecke der Majorisierung aus ganz Italien herangekarrt wurden. F\u00fcr das Vorhaben der Rechtsextremistinnen hat der von PD und SVP gef\u00fchrte Stadtviertelrat [&hellip;]<\/p>","protected":false},"author":1,"featured_media":0,"comment_status":"open","ping_status":"open","sticky":false,"template":"","format":"standard","meta":{"_crdt_document":"","ngg_post_thumbnail":0,"_jetpack_memberships_contains_paid_content":false,"footnotes":""},"categories":[1],"tags":[],"class_list":["post-9572","post","type-post","status-publish","format-standard","hentry","category-allgemein","entity-cpi","entity-gemeinde-bozen","entity-pd","entity-svp","issue-sx-di-dx","location-sudtirolo","language-deutsch","person-luigi-spagnolli","topic-faschismen","topic-geschichte"],"jetpack_featured_media_url":"","jetpack_sharing_enabled":true,"_links":{"self":[{"href":"https:\/\/www.brennerbasisdemokratie.eu\/index.php?rest_route=\/wp\/v2\/posts\/9572","targetHints":{"allow":["GET"]}}],"collection":[{"href":"https:\/\/www.brennerbasisdemokratie.eu\/index.php?rest_route=\/wp\/v2\/posts"}],"about":[{"href":"https:\/\/www.brennerbasisdemokratie.eu\/index.php?rest_route=\/wp\/v2\/types\/post"}],"author":[{"embeddable":true,"href":"https:\/\/www.brennerbasisdemokratie.eu\/index.php?rest_route=\/wp\/v2\/users\/1"}],"replies":[{"embeddable":true,"href":"https:\/\/www.brennerbasisdemokratie.eu\/index.php?rest_route=%2Fwp%2Fv2%2Fcomments&post=9572"}],"version-history":[{"count":20,"href":"https:\/\/www.brennerbasisdemokratie.eu\/index.php?rest_route=\/wp\/v2\/posts\/9572\/revisions"}],"predecessor-version":[{"id":60975,"href":"https:\/\/www.brennerbasisdemokratie.eu\/index.php?rest_route=\/wp\/v2\/posts\/9572\/revisions\/60975"}],"wp:attachment":[{"href":"https:\/\/www.brennerbasisdemokratie.eu\/index.php?rest_route=%2Fwp%2Fv2%2Fmedia&parent=9572"}],"wp:term":[{"taxonomy":"category","embeddable":true,"href":"https:\/\/www.brennerbasisdemokratie.eu\/index.php?rest_route=%2Fwp%2Fv2%2Fcategories&post=9572"},{"taxonomy":"post_tag","embeddable":true,"href":"https:\/\/www.brennerbasisdemokratie.eu\/index.php?rest_route=%2Fwp%2Fv2%2Ftags&post=9572"}],"curies":[{"name":"wp","href":"https:\/\/api.w.org\/{rel}","templated":true}]}}