{"id":9627,"date":"2011-11-22T20:02:10","date_gmt":"2011-11-22T19:02:10","guid":{"rendered":"http:\/\/www.brennerbasisdemokratie.eu\/?p=9627"},"modified":"2023-01-08T12:31:42","modified_gmt":"2023-01-08T11:31:42","slug":"in-bruneck-regt-sich-widerstand","status":"publish","type":"post","link":"https:\/\/www.brennerbasisdemokratie.eu\/?p=9627","title":{"rendered":"In Bruneck regt sich Widerstand."},"content":{"rendered":"<blockquote>\n<p style=\"text-align: center;\"><img loading=\"lazy\" decoding=\"async\" class=\"size-full wp-image-9628 aligncenter\" title=\"AFA Bruneck.\" src=\"http:\/\/www.brennerbasisdemokratie.eu\/wp-content\/uploads\/2011\/11\/afabruneck.jpg\" alt=\"\" width=\"450\" height=\"315\" srcset=\"https:\/\/www.brennerbasisdemokratie.eu\/wp-content\/uploads\/2011\/11\/afabruneck.jpg 450w, https:\/\/www.brennerbasisdemokratie.eu\/wp-content\/uploads\/2011\/11\/afabruneck-150x105.jpg 150w, https:\/\/www.brennerbasisdemokratie.eu\/wp-content\/uploads\/2011\/11\/afabruneck-300x210.jpg 300w\" sizes=\"auto, (max-width: 450px) 100vw, 450px\" \/><\/p>\n<\/blockquote>\n<p>Wie die <em>Antifa Meran<\/em> <a title=\"Antifa Meran: Braunes Bruneck.\" href=\"http:\/\/antifameran.blogspot.com\/2011\/11\/faschistische-strukturen-haben-nun-auch.html\" target=\"_blank\" rel=\"noopener noreferrer\">berichtet<\/a>, haben jetzt Faschos (z.B. von <i>CasaPound<\/i> und <i>Blocco Studentesco)<\/i>, aber auch \u00bbklassische\u00ab Neonazis, welche in letzter Zeit verst\u00e4rkt in Bruneck ihr Unwesen treiben, aktiven und sichtbaren Widerstand erhalten. So hat die vor einiger Zeit nach dem Meraner Vorbild gegr\u00fcndete <em>Antifaschistische Aktion &#8211; AFA Bruneck<\/em> damit begonnen, von den zust\u00e4ndigen Beh\u00f6rden allzu lang geduldete Plakate und Aufkleber der Rechtsextremisten \u00f6ffentlichkeitswirksam zu \u00fcberkleben. Damit sollen nicht nur die\u00a0\u00bbWerbemittel\u00ab der Faschos versteckt, sondern auch die B\u00fcrgerinnen auf das Problem und dessen Tolerierung aufmerksam gemacht werden.<\/p>\n<p>Das Engagement von Jugendlichen gegen Intoleranz, Rassismus und die Verherrlichung totalit\u00e4rer Systeme ist \u00e4u\u00dferst erfreulich und verdient die uneingeschr\u00e4nkte Unterst\u00fctzung von \u00d6ffentlichkeit und Politik \u2014 eine Politik, die leider erst lernen muss, schlagkr\u00e4ftig gegen die Provokationen der Rechtsradikalen vorzugehen.<\/p>\n<p><small><em>Foto: Antifa Meran<\/em><\/small><\/p>","protected":false},"excerpt":{"rendered":"<p>Wie die Antifa Meran berichtet, haben jetzt Faschos (z.B. von CasaPound und Blocco Studentesco), aber auch \u00bbklassische\u00ab Neonazis, welche in letzter Zeit verst\u00e4rkt in Bruneck ihr Unwesen treiben, aktiven und sichtbaren Widerstand erhalten. So hat die vor einiger Zeit nach dem Meraner Vorbild gegr\u00fcndete Antifaschistische Aktion &#8211; AFA Bruneck damit begonnen, von den zust\u00e4ndigen Beh\u00f6rden [&hellip;]<\/p>","protected":false},"author":1,"featured_media":0,"comment_status":"open","ping_status":"open","sticky":false,"template":"","format":"standard","meta":{"_crdt_document":"","ngg_post_thumbnail":0,"_jetpack_memberships_contains_paid_content":false,"footnotes":""},"categories":[1],"tags":[],"class_list":["post-9627","post","type-post","status-publish","format-standard","hentry","category-allgemein","entity-antifa-meran","entity-cpi","issue-good-news","location-sudtirolo","language-deutsch","topic-faschismen","topic-politik","topic-ungehorsam"],"jetpack_featured_media_url":"","jetpack_sharing_enabled":true,"_links":{"self":[{"href":"https:\/\/www.brennerbasisdemokratie.eu\/index.php?rest_route=\/wp\/v2\/posts\/9627","targetHints":{"allow":["GET"]}}],"collection":[{"href":"https:\/\/www.brennerbasisdemokratie.eu\/index.php?rest_route=\/wp\/v2\/posts"}],"about":[{"href":"https:\/\/www.brennerbasisdemokratie.eu\/index.php?rest_route=\/wp\/v2\/types\/post"}],"author":[{"embeddable":true,"href":"https:\/\/www.brennerbasisdemokratie.eu\/index.php?rest_route=\/wp\/v2\/users\/1"}],"replies":[{"embeddable":true,"href":"https:\/\/www.brennerbasisdemokratie.eu\/index.php?rest_route=%2Fwp%2Fv2%2Fcomments&post=9627"}],"version-history":[{"count":16,"href":"https:\/\/www.brennerbasisdemokratie.eu\/index.php?rest_route=\/wp\/v2\/posts\/9627\/revisions"}],"predecessor-version":[{"id":76111,"href":"https:\/\/www.brennerbasisdemokratie.eu\/index.php?rest_route=\/wp\/v2\/posts\/9627\/revisions\/76111"}],"wp:attachment":[{"href":"https:\/\/www.brennerbasisdemokratie.eu\/index.php?rest_route=%2Fwp%2Fv2%2Fmedia&parent=9627"}],"wp:term":[{"taxonomy":"category","embeddable":true,"href":"https:\/\/www.brennerbasisdemokratie.eu\/index.php?rest_route=%2Fwp%2Fv2%2Fcategories&post=9627"},{"taxonomy":"post_tag","embeddable":true,"href":"https:\/\/www.brennerbasisdemokratie.eu\/index.php?rest_route=%2Fwp%2Fv2%2Ftags&post=9627"}],"curies":[{"name":"wp","href":"https:\/\/api.w.org\/{rel}","templated":true}]}}