{"id":96403,"date":"2025-11-25T15:15:02","date_gmt":"2025-11-25T14:15:02","guid":{"rendered":"https:\/\/www.brennerbasisdemokratie.eu\/?p=96403"},"modified":"2025-12-16T22:35:09","modified_gmt":"2025-12-16T21:35:09","slug":"gemischtsprachigkeit-gefahrdet-ladinische-sprache","status":"publish","type":"post","link":"https:\/\/www.brennerbasisdemokratie.eu\/?p=96403","title":{"rendered":"\u203aGemischtsprachigkeit\u2039 gef\u00e4hrdet ladinische Sprache."},"content":{"rendered":"<p>Im Rahmen des k\u00fcrzlich vom ASTAT ver\u00f6ffentlichten <a title=\"Sprachbarometer 2025.\" href=\"https:\/\/www.brennerbasisdemokratie.eu\/wp-content\/uploads\/2025\/11\/sprachbarometer_2025.pdf\">Sprachbarometers 2025<\/a> wurden sowohl die Muttersprache der Befragten als auch ihr Zugeh\u00f6rigkeitsgef\u00fchl zu einer Sprachgruppe erhoben. Ungef\u00e4hr neun Prozent von ihnen gaben mehr als eine Muttersprache an, wobei auch ausl\u00e4ndische Staatsb\u00fcrgerinnen befragt wurden. Deutsch <em>und<\/em> Italienisch betrachten rund sechs Prozent der Bev\u00f6lkerung als ihre Muttersprache.<\/p>\n<p>Dies wird in S\u00fcdtirol h\u00e4ufig als \u00bbGemischtsprachigkeit\u00ab bezeichnet und von einigen unkritisch als nahezu uneingeschr\u00e4nkt positive Entwicklung angesehen, die es in jeder Hinsicht zu f\u00f6rdern gelte. Eine zwei- bzw. mehrsprachige Gesellschaft wird manchmal damit gleichgesetzt, dass m\u00f6glichst viele Individuen zwei oder mehrere Sprachen quasi auf muttersprachlichem Niveau beherrschen m\u00fcssen. Doch insbesondere f\u00fcr <a title=\"Minorisierte Sprachen.\" href=\"https:\/\/www.brennerbasisdemokratie.eu\/?p=72762\">minorisierte Sprachen<\/a> bergen diese Auffassung und dieser Wunsch auch existenzielle Risiken und gro\u00dfe Herausforderungen, wie wir hier mehrmals auch anhand wissenschaftlicher Erkenntnisse aufzuzeigen versucht haben (vgl. <a title=\"Wenn Sprachen im Wettbewerb stehen.\" href=\"https:\/\/www.brennerbasisdemokratie.eu\/?p=83082\"><code>01<\/code><\/a> <a title=\"Mehrsprachigkeit von Minderheiten und Sprachverlust.\" href=\"https:\/\/www.brennerbasisdemokratie.eu\/?p=87781\"><code>02<\/code><\/a> <a title=\"Hegemoniale Zweisprachigkeit.\" href=\"https:\/\/www.brennerbasisdemokratie.eu\/?p=75013\"><code>03<\/code><\/a> <a title=\"Il bilinguismo perfetto \u00e8 disfunzionale.\" href=\"https:\/\/www.brennerbasisdemokratie.eu\/?p=69503\"><code>04<\/code><\/a>).<\/p>\n<p>Dass die ladinische Minderheit in S\u00fcdtirol dieser Erosion noch deutlich mehr ausgesetzt ist als die deutsche, versteht sich von selbst. In den ladinischen Ortschaften gibt es ausschlie\u00dflich parit\u00e4tische Schulen mit Unterricht in deutscher und italienischer Sprache, wo die ladinische Sprache nur eine marginale Rolle spielt. Zudem gibt es noch immer keine amtlich anerkannte Standardsprache, ist die absolute Sprecherinnenzahl gering, kann die Sprache nur in einem begrenzten Gebiet in nur wenigen Kontexten benutzt werden, <a title=\"Verhinderte Wiedervereinigung.\" href=\"https:\/\/www.brennerbasisdemokratie.eu\/?p=31465\">bleibt die faschistische Dreiteilung aufrecht<\/a> und haben die Ladinerinnen auch keinen echten <em>Kin-State,<\/em> wiewohl R\u00e4toromanisch in der Schweiz offizielle Landessprache ist.<\/p>\n<p>Inzwischen geben knapp ein Viertel der Ladinerinnen auch Deutsch als Muttersprache an, was selbst das ASTAT zu folgender Aussage bewogen hat:<\/p>\n<blockquote><p>Da auch 24 % der Ladinerinnen und Ladiner Deutsch als eine ihrer Muttersprachen betrachten, nimmt das Ph\u00e4nomen der sog. &#8220;Gemischtsprachigkeit&#8221; zu. Diese Entwicklung hat bei anderen Minderheiten zu deren Schw\u00e4chung gef\u00fchrt und sollte deshalb beobachtet werden.<\/p>\n<p><em>\u2013 Sprachbarometer 2025 (S. 15)<\/em><\/p><\/blockquote>\n<p>Nachdem auch bei der amtlichen Sprachgruppenerhebung <a title=\"Minderheiten: Der R\u00fcckgang in Bildern.\" href=\"https:\/\/www.brennerbasisdemokratie.eu\/?p=89602\">ein R\u00fcckgang der ladinischen sowie der deutschen Sprachgruppe<\/a> konstatiert werden musste, ist dies ein weiteres Alarmsignal f\u00fcr den Fortbestand der minorisierten Sprachen in S\u00fcdtirol.<\/p>\n<p><strong><span style=\"font-family: Helvetica, Arial, sans-serif; text-transform: uppercase;\">C\u00ebla enghe:<\/span><\/strong> <a title=\"Assimilierung der Minderheiten schreitet voran.\" href=\"https:\/\/www.brennerbasisdemokratie.eu\/?p=96290\"><code>01<\/code><\/a>&nbsp;<a title=\"La soluzione non \u00e8 il modello ladino.\" href=\"https:\/\/www.brennerbasisdemokratie.eu\/?p=44681\"><code>02<\/code><\/a> <a title=\"Zwei Drittel der Minderheiten schrumpfen.\" href=\"https:\/\/www.brennerbasisdemokratie.eu\/?p=75337\"><code>03<\/code><\/a> <a title=\"Hauptunterrichtssprache Ladinisch.\" href=\"https:\/\/www.brennerbasisdemokratie.eu\/?p=25492\"><code>04<\/code><\/a> <a title=\"R\u00e4toromaninnen gegen die Assimilierung.\" href=\"https:\/\/www.brennerbasisdemokratie.eu\/?p=93765\"><code>05<\/code><\/a> <span style=\"font-family: Helvetica, Arial, sans-serif; font-weight: normal;\">||<\/span> <a title=\"Troppo poche ore di ladino.\" href=\"https:\/\/www.brennerbasisdemokratie.eu\/?p=96890\"><span style=\"color: #ff8c00\"><code>01<\/code><\/span><\/a> <a href=\"https:\/\/www.brennerbasisdemokratie.eu\/?p=96940\" title=\"Die ladinische Schule vernachl\u00e4ssigt die ladinische Sprache.\"><span style=\"color: #ff8c00\"><code>02<\/code><\/span><\/a><\/p>","protected":false},"excerpt":{"rendered":"<p>Im Rahmen des k\u00fcrzlich vom ASTAT ver\u00f6ffentlichten Sprachbarometers 2025 wurden sowohl die Muttersprache der Befragten als auch ihr Zugeh\u00f6rigkeitsgef\u00fchl zu einer Sprachgruppe erhoben. Ungef\u00e4hr neun Prozent von ihnen gaben mehr als eine Muttersprache an, wobei auch ausl\u00e4ndische Staatsb\u00fcrgerinnen befragt wurden. Deutsch und Italienisch betrachten rund sechs Prozent der Bev\u00f6lkerung als ihre Muttersprache. Dies wird in [&hellip;]<\/p>","protected":false},"author":1,"featured_media":0,"comment_status":"open","ping_status":"open","sticky":false,"template":"","format":"standard","meta":{"_crdt_document":"","ngg_post_thumbnail":0,"_jetpack_memberships_contains_paid_content":false,"footnotes":""},"categories":[1],"tags":[],"class_list":["post-96403","post","type-post","status-publish","format-standard","hentry","category-allgemein","entity-astat","issue-assimilierung","issue-clil-immersion","issue-schutzmacht","issue-sprachbarometer","issue-zitac","location-ladinia","location-sudtirolo","location-svizra","language-deutsch","topic-lingaz","topic-minderheitenschutz","topic-minorisaziun","topic-plurilinguism","topic-scola","topic-statistik","topic-wissenschaft"],"jetpack_featured_media_url":"","jetpack_sharing_enabled":true,"_links":{"self":[{"href":"https:\/\/www.brennerbasisdemokratie.eu\/index.php?rest_route=\/wp\/v2\/posts\/96403","targetHints":{"allow":["GET"]}}],"collection":[{"href":"https:\/\/www.brennerbasisdemokratie.eu\/index.php?rest_route=\/wp\/v2\/posts"}],"about":[{"href":"https:\/\/www.brennerbasisdemokratie.eu\/index.php?rest_route=\/wp\/v2\/types\/post"}],"author":[{"embeddable":true,"href":"https:\/\/www.brennerbasisdemokratie.eu\/index.php?rest_route=\/wp\/v2\/users\/1"}],"replies":[{"embeddable":true,"href":"https:\/\/www.brennerbasisdemokratie.eu\/index.php?rest_route=%2Fwp%2Fv2%2Fcomments&post=96403"}],"version-history":[{"count":14,"href":"https:\/\/www.brennerbasisdemokratie.eu\/index.php?rest_route=\/wp\/v2\/posts\/96403\/revisions"}],"predecessor-version":[{"id":96944,"href":"https:\/\/www.brennerbasisdemokratie.eu\/index.php?rest_route=\/wp\/v2\/posts\/96403\/revisions\/96944"}],"wp:attachment":[{"href":"https:\/\/www.brennerbasisdemokratie.eu\/index.php?rest_route=%2Fwp%2Fv2%2Fmedia&parent=96403"}],"wp:term":[{"taxonomy":"category","embeddable":true,"href":"https:\/\/www.brennerbasisdemokratie.eu\/index.php?rest_route=%2Fwp%2Fv2%2Fcategories&post=96403"},{"taxonomy":"post_tag","embeddable":true,"href":"https:\/\/www.brennerbasisdemokratie.eu\/index.php?rest_route=%2Fwp%2Fv2%2Ftags&post=96403"}],"curies":[{"name":"wp","href":"https:\/\/api.w.org\/{rel}","templated":true}]}}