{"id":96721,"date":"2025-12-10T19:16:19","date_gmt":"2025-12-10T18:16:19","guid":{"rendered":"https:\/\/www.brennerbasisdemokratie.eu\/?p=96721"},"modified":"2026-02-02T08:09:03","modified_gmt":"2026-02-02T07:09:03","slug":"exklusion-ist-ein-suizidaler-akt-der-realitatsverweigerung","status":"publish","type":"post","link":"https:\/\/www.brennerbasisdemokratie.eu\/?p=96721","title":{"rendered":"Exklusion ist ein suizidaler Akt der Realit\u00e4tsverweigerung."},"content":{"rendered":"<!-- Snippets by WebberZone Snippetz --><div class=\"ata_snippets\"><hr style=\"height: 20px; border: none; margin-top: 0em; background-color: darkred;\"\/><\/div><p><em>von Felix von Wohlgemuth (Gr\u00fcne)<\/em><\/p>\n<p>Nat\u00fcrlich ist es ein gro\u00dfes Problem, wenn in Schulklassen viele die Unterrichtssprache nicht mehr richtig verstehen\u2026 wenn es eine Fremdsprache f\u00fcr sie ist und die Lehrkr\u00e4fte sich teilweise einer babylonischen Sprachenvielfalt gegen\u00fcbersehen.<\/p>\n<p>In S\u00fcdtirol potenziert sich dieses Problem zudem, da eine sprachliche Minderheit darauf achten muss, dass der Unterricht in der eigenen Muttersprache qualitativ hochwertig ist und bleibt.<\/p>\n<p>Die L\u00f6sung der Verantwortlichen scheint nun in Sprachtests gesucht zu werden. Wer nicht deutsch spricht, kann gerne in die italienische Schule gehen.<\/p>\n<p>Abgesehen davon, dass man als Gesellschaft so Probleme nicht l\u00f6st, sondern nur verlagert (ist es etwa egal, wenn in italienischen Schulklassen die Mehrheit kein Italienisch mehr spricht?), scheinen mir die politisch Verantwortlichen ein zentrales Thema vollkommen auszuklammern.<\/p>\n<p>Kinder mit Migrationshintergrund, welche nicht die deutsche, sondern die italienische Schule besuchen, werden sich h\u00f6chstwahrscheinlich sp\u00e4ter der italienischen Sprachgruppe zugeh\u00f6rig f\u00fchlen (nein, nicht erkl\u00e4ren, denn das macht ja jeder wie er gerade will \u2014 sondern eben f\u00fchlen).<\/p>\n<p>Bei der aktuellen demografischen Entwicklung ist dieses Abschieben aller \u00bbnicht-deutschsprachigen\u00ab Kinder in die italienische Schule ein h\u00f6chst gef\u00e4hrlicher und eigentlich f\u00fcr eine Sprachminderheit suizidaler Akt der Realit\u00e4tsverweigerung.<\/p>\n<p>Wenn wir die deutschsprachige Minderheit in die Zukunft retten wollen, dann m\u00fcssen wir die Sprachprobleme <em>in<\/em> der deutschen Schule l\u00f6sen; wir m\u00fcssen mehr Kinder dort aufnehmen und in Deutsch ausbilden! Wir d\u00fcrfen diese Kinder nicht zu Problemen, sondern m\u00fcssen sie zu S\u00fcdtirolerinnen und S\u00fcdtirolern machen. Jedes Kind mit Migrationshintergrund in einer italienischen Schule ist eine Schw\u00e4chung unserer auf Sprache und Kultur aufbauenden Autonomie.<\/p>\n<p>Zudem muss man sich davon verabschieden, Minderheit als biologisch \u00bbrassischen\u00ab Begriff zu definieren. Teil der Minderheit kann heute auch jemand werden, dessen Eltern nicht mal in Europa geboren wurden. Man muss nur wollen und es gedanklich zulassen.<\/p>\n<p>Doch wie so oft hat man wohl Angst, hier den Menschen die offene und ungeschminkte Wahrheit zuzumuten und verschanzt sich lieber hinter \u00fcberkommenen und pseudopatriotischen \u00bbSchutzaktionen\u00ab.<\/p>\n<p><strong><span style=\"font-family: Helvetica, Arial, sans-serif; text-transform: uppercase;\">C\u00ebla enghe:<\/span><\/strong> <a title=\"Heimat statt Ausgrenzung.\" href=\"https:\/\/www.brennerbasisdemokratie.eu\/?p=90918\"><code>01<\/code><\/a> <a title=\"Bildungssystem der Minderheiten und Integration.\" href=\"https:\/\/www.brennerbasisdemokratie.eu\/?p=96717\"><code>02<\/code><\/a> <a title=\"Schule: Der SVP-Vorschlag und die Reaktionen.\" href=\"https:\/\/www.brennerbasisdemokratie.eu\/?p=96641\"><code>03<\/code><\/a> <a title=\"Sprachproblem an deutschen Schulen.\" href=\"https:\/\/www.brennerbasisdemokratie.eu\/?p=35719\"><code>04<\/code><\/a> <span style=\"font-family: Helvetica, Arial, sans-serif; font-weight: normal;\">||<\/span> <a title=\"Minderheiten und Integration von Neub\u00fcrger:innen und deren Kindern.\" href=\"https:\/\/www.brennerbasisdemokratie.eu\/?p=96725\"><span style=\"color: #ff8c00\"><code>01<\/code><\/span><\/a><\/p>\n<!-- Snippets by WebberZone Snippetz --><div class=\"ata_snippets\"><hr style=\"height: 10px;border: none;margin-top: 0px;background-color: darkred\" \/>\r\n\r\n<div style=\"background-color: none;padding: 0px;font-size: 14px;font-family: Helvetica,Arial;margin: 10px 0px 0px 0px\"><span style=\"color: darkred\"><strong><small>Autor:innen- und Gastbeitr\u00e4ge widerspiegeln nicht notwendigerweise die Meinung oder die Position von BBD, so wie die jeweiligen Verfasser:innen nicht notwendigerweise die Ziele von BBD unterst\u00fctzen.<\/small><\/strong><small>\u00b7 I contributi esterni non necessariamente riflettono le opinioni o la posizione di BBD, come a loro volta le autrici\/gli autori non necessariamente condividono gli obiettivi di BBD. \u2014 <a href=\"http:\/\/www.brennerbasisdemokratie.eu\/?page_id=11356#copyleft\"><strong>\u00a9<\/strong><\/a><\/small><\/span><\/div><\/div>","protected":false},"excerpt":{"rendered":"<p>von Felix von Wohlgemuth (Gr\u00fcne) Nat\u00fcrlich ist es ein gro\u00dfes Problem, wenn in Schulklassen viele die Unterrichtssprache nicht mehr richtig verstehen\u2026 wenn es eine Fremdsprache f\u00fcr sie ist und die Lehrkr\u00e4fte sich teilweise einer babylonischen Sprachenvielfalt gegen\u00fcbersehen. In S\u00fcdtirol potenziert sich dieses Problem zudem, da eine sprachliche Minderheit darauf achten muss, dass der Unterricht in [&hellip;]<\/p>","protected":false},"author":10,"featured_media":0,"comment_status":"open","ping_status":"open","sticky":false,"template":"","format":"standard","meta":{"_crdt_document":"","ngg_post_thumbnail":0,"_jetpack_memberships_contains_paid_content":false,"footnotes":""},"categories":[751],"tags":[],"class_list":["post-96721","post","type-post","status-publish","format-standard","hentry","category-autorinnen-neu","entity-verc","location-sudtirolo","language-deutsch","person-felix-von-wohlgemuth","topic-lingaz","topic-minderheitenschutz","topic-politik","topic-racism","topic-scola"],"jetpack_featured_media_url":"","jetpack_sharing_enabled":true,"_links":{"self":[{"href":"https:\/\/www.brennerbasisdemokratie.eu\/index.php?rest_route=\/wp\/v2\/posts\/96721","targetHints":{"allow":["GET"]}}],"collection":[{"href":"https:\/\/www.brennerbasisdemokratie.eu\/index.php?rest_route=\/wp\/v2\/posts"}],"about":[{"href":"https:\/\/www.brennerbasisdemokratie.eu\/index.php?rest_route=\/wp\/v2\/types\/post"}],"author":[{"embeddable":true,"href":"https:\/\/www.brennerbasisdemokratie.eu\/index.php?rest_route=\/wp\/v2\/users\/10"}],"replies":[{"embeddable":true,"href":"https:\/\/www.brennerbasisdemokratie.eu\/index.php?rest_route=%2Fwp%2Fv2%2Fcomments&post=96721"}],"version-history":[{"count":2,"href":"https:\/\/www.brennerbasisdemokratie.eu\/index.php?rest_route=\/wp\/v2\/posts\/96721\/revisions"}],"predecessor-version":[{"id":96730,"href":"https:\/\/www.brennerbasisdemokratie.eu\/index.php?rest_route=\/wp\/v2\/posts\/96721\/revisions\/96730"}],"wp:attachment":[{"href":"https:\/\/www.brennerbasisdemokratie.eu\/index.php?rest_route=%2Fwp%2Fv2%2Fmedia&parent=96721"}],"wp:term":[{"taxonomy":"category","embeddable":true,"href":"https:\/\/www.brennerbasisdemokratie.eu\/index.php?rest_route=%2Fwp%2Fv2%2Fcategories&post=96721"},{"taxonomy":"post_tag","embeddable":true,"href":"https:\/\/www.brennerbasisdemokratie.eu\/index.php?rest_route=%2Fwp%2Fv2%2Ftags&post=96721"}],"curies":[{"name":"wp","href":"https:\/\/api.w.org\/{rel}","templated":true}]}}