{"id":96725,"date":"2025-12-11T09:34:26","date_gmt":"2025-12-11T08:34:26","guid":{"rendered":"https:\/\/www.brennerbasisdemokratie.eu\/?p=96725"},"modified":"2026-04-29T20:28:28","modified_gmt":"2026-04-29T18:28:28","slug":"minderheiten-und-integration-von-neuburgerinnen-und-deren-kinder","status":"publish","type":"post","link":"https:\/\/www.brennerbasisdemokratie.eu\/?p=96725","title":{"rendered":"Minderheiten und Integration von Neub\u00fcrger:innen und deren Kindern."},"content":{"rendered":"<!-- Snippets by WebberZone Snippetz --><div class=\"ata_snippets\"><hr style=\"height: 20px; border: none; margin-top: 0em; background-color: darkred;\"\/><\/div><p>Wie verhalten wir uns als deutsche Minderheit in Italien, um angesichts von Einwanderung und der \u2014 relativ h\u00f6heren \u2014 Geburtenrate, sowie Geburtenr\u00fcckgang in der angestammten Bev\u00f6lkerung, l\u00e4ngerfristig bestehen zu k\u00f6nnen?<\/p>\n<p>Ich m\u00f6chte zwei sehr spannende Aussagen festhalten, deren Herkunft man aufs Erste nicht so vermuten m\u00f6chte. Ist doch normalerweise die alte, heilige <abbr title=\"S\u00fcdtiroler Volkspartei\">SVP<\/abbr> die Gralsh\u00fcterin der deutschen Minderheit in S\u00fcdtirol!<\/p>\n<p>Die erste Aussage stammt von Felix von Wohlgemuth, <em>Gr\u00fcner<\/em> Gemeinderat in Eppan, die wie folgt lautet, ich zitiere aus seinem <em>Facebook<\/em>-Account vom 9. Dezember 2025:<\/p>\n<blockquote><p>Kinder mit Migrationshintergrund, welche nicht die deutsche, sondern die italienische Schule besuchen, werden sich h\u00f6chstwahrscheinlich sp\u00e4ter der italienischen Sprachgruppe zugeh\u00f6rig f\u00fchlen (nein, nicht erkl\u00e4ren, denn das macht ja jeder wie er gerade will \u2014 sondern eben f\u00fchlen).<\/p>\n<p>Bei der aktuellen demografischen Entwicklung ist dieses Abschieben aller &#8220;nicht-deutschsprachigen&#8221; Kinder in die italienische Schule ein h\u00f6chst gef\u00e4hrlicher und eigentlich f\u00fcr eine Sprachminderheit suizidaler Akt der Realit\u00e4tsverweigerung.<\/p>\n<p>Wenn wir die deutschsprachige Minderheit in die Zukunft retten wollen, dann m\u00fcssen wir die Sprachprobleme IN der deutschen Schule l\u00f6sen; wir m\u00fcssen mehr Kinder dort aufnehmen und in Deutsch ausbilden! Wir d\u00fcrfen diese Kinder nicht zu Problemen, sondern m\u00fcssen sie zu S\u00fcdtirolerinnen und S\u00fcdtiroler machen. Jedes Kind mit Migrationshintergrund in einer italienischen Schule ist eine Schw\u00e4chung unserer auf Sprache und Kultur aufbauenden Autonomie.<\/p>\n<p><em><small>\u2013 Felix von Wohlgemuth<\/small><\/em><\/p><\/blockquote>\n<p><em><small>Der Eintrag ist auch <a title=\"Exklusion ist ein suizidaler Akt der Realit\u00e4tsverweigerung.\" href=\"https:\/\/www.brennerbasisdemokratie.eu\/?p=96721\">hier<\/a> als Gastbeitrag erschienen.<\/small><\/em><\/p>\n<p>Die zweite Aussage stammt aus der gegen\u00fcberliegenden politischen Fraktion, von Bernhard Zimmerhofer, <abbr title=\"S\u00fcd-Tiroler Freiheit\">STF<\/abbr>, der in der Haushaltsdebatte vom Dezember 2025 sinngem\u00e4\u00df Folgendes gesagt hat (ich bitte um Nachsicht, wenn ich nicht wortw\u00f6rtlich wiedergebe):<\/p>\n<blockquote><p>Zu diesem Thema kann ich aber folgendes sagen: Es ist ja grunds\u00e4tzlich positiv, wenn ausl\u00e4ndische Eltern ihre Kinder lieber in einen deutschen Kindergarten bzw. Schule einschreiben, weil sie sich dadurch bessere Zukunftschancen erwarten, gleichzeitig k\u00f6nnten diese Kinder auch eher f\u00fcr unseren Kulturkreis gewonnen und integriert werden. Dies darf sich aber im Unterricht nicht zum Nachteil der deutschsprachigen Kinder auswirken. Deshalb braucht es eine gezielte Sprachf\u00f6rderung im Vorfeld.<\/p>\n<p><em><small>\u2013 Bernhard Zimmerhofer<\/small><\/em><\/p><\/blockquote>\n<p>Das ist interessant und auch sehr spannend! W\u00e4hrend die SVP-Vertreter aus Bozen bzw. Fraktionssprecher Harald Stauder eher mauern und Angst haben, durch nicht muttersprachliche Kinder im Unterricht k\u00f6nnte die Sprachkompetenz in der (deutschen) Muttersprache leiden, stehen Vertreter von <em>Gr\u00fcnen<\/em> und STF eher positiv zu einer vollen Integration ausl\u00e4ndischer Kinder, weil nur auf diese Art und Weise der Bestand der deutschen Sprachgruppe langfristig gesichert werden kann!<\/p>\n<p>Denn an der Demografie kann sich niemand vorbeischleichen: Unsere Neub\u00fcrgerinnen haben oft sehr viel mehr Kinder als wir S\u00fcdtiroler oder <em>Altoatesini!<\/em><\/p>\n<p>Insofern finde ich das eine Situation, in der ein Aufbruch zu neuen Ufern gewagt wird; allerdings von ungewohnten Seiten! Die alte SVP indes verstrickt sich in Abwehrhaltung und fr\u00fchkindlichen Sprachtests, deren Ergebnisse zu bislang unbekannten Handlungsanleitungen f\u00fchren sollen.<\/p>\n<p>Ich denke auch, und habe das schon fr\u00fcher formuliert, dass wir die Neub\u00fcrger:innen f\u00fcr uns gewinnen sollen! Andernfalls \u00fcberrollt uns die demografische Entwicklung gnadenlos!<\/p>\n<p><strong><span style=\"font-family: Helvetica, Arial, sans-serif; text-transform: uppercase;\">C\u00ebla enghe:<\/span><\/strong> <a title=\"Heimat statt Ausgrenzung.\" href=\"https:\/\/www.brennerbasisdemokratie.eu\/?p=90918\"><code>01<\/code><\/a> <a title=\"Bildungssystem der Minderheiten und Integration.\" href=\"https:\/\/www.brennerbasisdemokratie.eu\/?p=96717\"><code>02<\/code><\/a> <a title=\"Sprachproblem an deutschen Schulen.\" href=\"https:\/\/www.brennerbasisdemokratie.eu\/?p=35719\"><code>03<\/code><\/a> <a title=\"Schule: Verpflichtende Sprachkurse f\u00fcr Eltern?\" href=\"https:\/\/www.brennerbasisdemokratie.eu\/?p=67382\"><code>04<\/code><\/a> <a title=\"Schule: Der SVP-Vorschlag und die Reaktionen.\" href=\"https:\/\/www.brennerbasisdemokratie.eu\/?p=96641\"><code>05<\/code><\/a> <a title=\"In Canada ora guardano anche quanti francofoni emigrano.\" href=\"https:\/\/www.brennerbasisdemokratie.eu\/?p=90093\"><code>06<\/code><\/a> <span style=\"font-family: Helvetica, Arial, sans-serif; font-weight: normal;\">||<\/span> <a title=\"Die falsche Debatte \u00fcber \u203aschwere\u2039 Sprachen.\" href=\"https:\/\/www.brennerbasisdemokratie.eu\/?p=98432\"><span style=\"color: #ff8c00\"><code>01<\/code><\/span><\/a><\/p>\n<!-- Snippets by WebberZone Snippetz --><div class=\"ata_snippets\"><hr style=\"height: 10px;border: none;margin-top: 0px;background-color: darkred\" \/>\r\n\r\n<div style=\"background-color: none;padding: 0px;font-size: 14px;font-family: Helvetica,Arial;margin: 10px 0px 0px 0px\"><span style=\"color: darkred\"><strong><small>Autor:innen- und Gastbeitr\u00e4ge widerspiegeln nicht notwendigerweise die Meinung oder die Position von BBD, so wie die jeweiligen Verfasser:innen nicht notwendigerweise die Ziele von BBD unterst\u00fctzen.<\/small><\/strong><small>\u00b7 I contributi esterni non necessariamente riflettono le opinioni o la posizione di BBD, come a loro volta le autrici\/gli autori non necessariamente condividono gli obiettivi di BBD. \u2014 <a href=\"http:\/\/www.brennerbasisdemokratie.eu\/?page_id=11356#copyleft\"><strong>\u00a9<\/strong><\/a><\/small><\/span><\/div><\/div>","protected":false},"excerpt":{"rendered":"<p>Wie verhalten wir uns als deutsche Minderheit in Italien, um angesichts von Einwanderung und der \u2014 relativ h\u00f6heren \u2014 Geburtenrate, sowie Geburtenr\u00fcckgang in der angestammten Bev\u00f6lkerung, l\u00e4ngerfristig bestehen zu k\u00f6nnen? Ich m\u00f6chte zwei sehr spannende Aussagen festhalten, deren Herkunft man aufs Erste nicht so vermuten m\u00f6chte. Ist doch normalerweise die alte, heilige SVP die Gralsh\u00fcterin [&hellip;]<\/p>","protected":false},"author":16,"featured_media":0,"comment_status":"open","ping_status":"open","sticky":false,"template":"","format":"standard","meta":{"_crdt_document":"","ngg_post_thumbnail":0,"_jetpack_memberships_contains_paid_content":false,"footnotes":""},"categories":[751],"tags":[],"class_list":["post-96725","post","type-post","status-publish","format-standard","hentry","category-autorinnen-neu","entity-stf","entity-sudtiroler-landtag","entity-svp","entity-verc","issue-zitac","location-sudtirolo","language-deutsch","medium-socialmedia","person-bernhard-zimmerhofer","person-felix-von-wohlgemuth","person-harald-stauder","topic-kohasion","topic-lingaz","topic-migraziun","topic-minderheitenschutz","topic-politik","topic-scola"],"jetpack_featured_media_url":"","jetpack_sharing_enabled":true,"_links":{"self":[{"href":"https:\/\/www.brennerbasisdemokratie.eu\/index.php?rest_route=\/wp\/v2\/posts\/96725","targetHints":{"allow":["GET"]}}],"collection":[{"href":"https:\/\/www.brennerbasisdemokratie.eu\/index.php?rest_route=\/wp\/v2\/posts"}],"about":[{"href":"https:\/\/www.brennerbasisdemokratie.eu\/index.php?rest_route=\/wp\/v2\/types\/post"}],"author":[{"embeddable":true,"href":"https:\/\/www.brennerbasisdemokratie.eu\/index.php?rest_route=\/wp\/v2\/users\/16"}],"replies":[{"embeddable":true,"href":"https:\/\/www.brennerbasisdemokratie.eu\/index.php?rest_route=%2Fwp%2Fv2%2Fcomments&post=96725"}],"version-history":[{"count":9,"href":"https:\/\/www.brennerbasisdemokratie.eu\/index.php?rest_route=\/wp\/v2\/posts\/96725\/revisions"}],"predecessor-version":[{"id":96731,"href":"https:\/\/www.brennerbasisdemokratie.eu\/index.php?rest_route=\/wp\/v2\/posts\/96725\/revisions\/96731"}],"wp:attachment":[{"href":"https:\/\/www.brennerbasisdemokratie.eu\/index.php?rest_route=%2Fwp%2Fv2%2Fmedia&parent=96725"}],"wp:term":[{"taxonomy":"category","embeddable":true,"href":"https:\/\/www.brennerbasisdemokratie.eu\/index.php?rest_route=%2Fwp%2Fv2%2Fcategories&post=96725"},{"taxonomy":"post_tag","embeddable":true,"href":"https:\/\/www.brennerbasisdemokratie.eu\/index.php?rest_route=%2Fwp%2Fv2%2Ftags&post=96725"}],"curies":[{"name":"wp","href":"https:\/\/api.w.org\/{rel}","templated":true}]}}