{"id":97707,"date":"2026-01-29T05:51:05","date_gmt":"2026-01-29T04:51:05","guid":{"rendered":"https:\/\/www.brennerbasisdemokratie.eu\/?p=97707"},"modified":"2026-03-30T20:48:54","modified_gmt":"2026-03-30T18:48:54","slug":"franzensfeste-i-reiterati-soprusi-di-rfi","status":"publish","type":"post","link":"https:\/\/www.brennerbasisdemokratie.eu\/?p=97707","title":{"rendered":"Franzensfeste: i reiterati soprusi di RFI."},"content":{"rendered":"<p>Che il gestore della rete ferroviaria italiana (RFI) qui in Sudtirolo agisce come se si trattasse di una colonia \u2014 e spesso come se il contesto giuridico particolare di questa terra non esistesse \u2014 lo abbiamo documentato pi\u00f9 volte, anche di recente.<\/p>\n<p>Un caso emblematico \u00e8 quello della stazione di Franzensfeste. Nel marzo del 2019 \u2014 ormai quasi 7 anni fa! \u2014 <a title=\"Gesetzwidrige neue Bahnhofbeschilderung.\" href=\"https:\/\/www.brennerbasisdemokratie.eu\/?p=47183\">avevo segnalato<\/a> come RFI avesse sostituito la vecchia segnaletica con una nuova che <strong>umiliava la lingua tedesca<\/strong>: non \u00absolo\u00bb relegandola sistematicamente in secondo piano, come accade regolarmente, ma rendendola anche meno visibile e meno prominente rispetto all&#8217;italiano.<\/p>\n<p>Si tratta di una <strong>palese violazione allo Statuto di autonomia<\/strong> e, pi\u00f9 concretamente, delle norme sul bilinguismo (D.P.R. 574\/88) che prevedono espressamente <strong>pari dignit\u00e0 e pari visibilit\u00e0 delle lingue<\/strong> anche a livello grafico. A ci\u00f2 si aggiunge il fatto che le informazioni sugli schermi delle partenze e degli arrivi risultano in gran parte monolingui in italiano o, al massimo, bilingui italiano-inglese, <strong>con l&#8217;esclusione sistematica del tedesco.<\/strong><\/p>\n<p>Sempre a marzo 2019, i consiglieri Andreas Leiter Reber e Ulli Mair (<abbr title=\"Freiheitliche\">F<\/abbr>) presentarono <a title=\"Anfrage Nr. 181\/19.\" href=\"https:\/\/www.brennerbasisdemokratie.eu\/wp-content\/uploads\/2019\/08\/rfi_anfrage_181-19.pdf\">un&#8217;interrogazione<\/a> (nr. 181\/19) al Governo sudtirolese, con esplicito riferimento a <img class=\"bbdlogo\" src=\"https:\/\/www.brennerbasisdemokratie.eu\/wp-content\/uploads\/bbdsmileys\/bbde.png\">. Il <em>Landeshauptmann<\/em> rispose inizialmente <a title=\"Bhf. Franzensfeste: LReg. ahnungslos.\" href=\"https:\/\/www.brennerbasisdemokratie.eu\/?p=50765\">di non disporre di informazioni sufficienti<\/a>. Solo dopo circa sei mesi \u2014 e in seguito a <a title=\"Anfrage 334\/19.\" href=\"https:\/\/www.brennerbasisdemokratie.eu\/wp-content\/uploads\/2026\/01\/landtagsanfrage334-19.pdf\">un&#8217;ulteriore interrogazione<\/a> (nr. 334\/19) \u2014 forn\u00ec <a title=\"RFI will Bahnhofsschilder tauschen.\" href=\"https:\/\/www.brennerbasisdemokratie.eu\/?p=51028\">una risposta pi\u00f9 circostanziata<\/a>, affermando di <strong>avere intimato a RFI di riportare la situazione alla legalit\u00e0<\/strong> e riferendo che, il 3 settembre 2019, il gestore di rete si era impegnato <a title=\"Brief RFI.\" href=\"https:\/\/www.brennerbasisdemokratie.eu\/wp-content\/uploads\/2019\/09\/rfi_anh_anfrage_334-19.pdf\">per iscritto<\/a> a sostituire la segnaletica non conforme:<\/p>\n<blockquote><p>La Scrivente prende atto della difformit\u00e0 dei caratteri di alcuni cartelli in stazione di Fortezza tra le scritte in lingua italiana e quelle in lingua tedesca. Per quanto richiesto si conferma che sar\u00e0 nostra cura far sostituire i cartelli. Le nuove forniture avranno i caratteri dei cartelli bilingui tutti uguali e non vi saranno differenze.<\/p>\n<p><em><small>\u2013 RFI, 3 settembre 2019<\/small><\/em><\/p><\/blockquote>\n<p>A luglio 2020 tuttavia, <a title=\"Noch mehr gesetzwidrige Bahnhofsschilder.\" href=\"https:\/\/www.brennerbasisdemokratie.eu\/?p=58850\">come avevo documentato qui<\/a>, la situazione non solo <strong>non era stata risolta<\/strong>, ma risultava <strong>addirittura peggiorata<\/strong>, con l&#8217;aggiunta di <strong>nuove indicazioni monolingui italiane<\/strong>, in particolare legate all&#8217;emergenza pandemica. Gi\u00e0 allora era evidente che gli impegni assunti da RFI erano rimasti lettera morta.<\/p>\n<p>Ieri \u2014 pochi giorni dopo <a title=\"LPA: Bruneck-Franzensfeste: Der Zug ist wieder\u2026\" href=\"https:\/\/news.provinz.bz.it\/de\/news\/bruneck-franzensfeste-der-zug-ist-wieder-unterwegs\" target=\"_blank\" rel=\"noopener\">la visita in pompa magna del ministro dei trasporti italiano Matteo Salvini <em>(Lega)<\/em><\/a><em>,<\/em> accompagnato dall&#8217;assessore competente Daniel Alfreider (<abbr title=\"S\u00fcdtiroler Volkspartei\">SVP<\/abbr>) \u2014 casualmente mi sono dovuto recare nuovamente alla stazione di Franzensfeste. L\u00ec, come purtroppo presagivo, ho potuto constatare che RFI si \u00e8 <strong>completamente infischiata<\/strong> dell&#8217;intimazione formulata nel 2019 da Arno Kompatscher (SVP). I cartelli illegali \u2014 oltre che <strong>umilianti e minorizzanti<\/strong> \u2014 sono ancora tutti al loro posto, e allo stesso modo le informazioni sugli schermi continuano a essere <strong>prive dell&#8217;obbligatoria versione in lingua tedesca.<\/strong><\/p>\n<blockquote><div class=\"tiled-gallery type-square tiled-gallery-unresized\" data-original-width=\"900\" data-carousel-extra='null' itemscope itemtype=\"http:\/\/schema.org\/ImageGallery\" > <div class=\"gallery-row\" style=\"width: 900px; height: 225px;\" data-original-width=\"900\" data-original-height=\"225\" > <div class=\"gallery-group\" style=\"width: 225px; height: 225px;\" data-original-width=\"225\" data-original-height=\"225\" > <div class=\"tiled-gallery-item \" itemprop=\"associatedMedia\" itemscope itemtype=\"http:\/\/schema.org\/ImageObject\"> <a href=\"https:\/\/i0.wp.com\/www.brennerbasisdemokratie.eu\/wp-content\/uploads\/2026\/01\/rfi_aufzug2-2026.jpg?ssl=1\" border=\"0\" itemprop=\"url\"> <meta itemprop=\"width\" content=\"221\"> <meta itemprop=\"height\" content=\"221\"> <img decoding=\"async\" class=\"\" data-attachment-id=\"97735\" data-orig-file=\"https:\/\/www.brennerbasisdemokratie.eu\/wp-content\/uploads\/2026\/01\/rfi_aufzug2-2026.jpg\" data-orig-size=\"950,713\" data-comments-opened=\"1\" data-image-meta=\"{&quot;aperture&quot;:&quot;0&quot;,&quot;credit&quot;:&quot;&quot;,&quot;camera&quot;:&quot;&quot;,&quot;caption&quot;:&quot;&quot;,&quot;created_timestamp&quot;:&quot;0&quot;,&quot;copyright&quot;:&quot;&quot;,&quot;focal_length&quot;:&quot;0&quot;,&quot;iso&quot;:&quot;0&quot;,&quot;shutter_speed&quot;:&quot;0&quot;,&quot;title&quot;:&quot;&quot;,&quot;orientation&quot;:&quot;0&quot;}\" data-image-title=\"Indicazione ascensore\" data-image-description=\"\" data-medium-file=\"https:\/\/www.brennerbasisdemokratie.eu\/wp-content\/uploads\/2026\/01\/rfi_aufzug2-2026.jpg\" data-large-file=\"https:\/\/www.brennerbasisdemokratie.eu\/wp-content\/uploads\/2026\/01\/rfi_aufzug2-2026.jpg\" src=\"https:\/\/i0.wp.com\/www.brennerbasisdemokratie.eu\/wp-content\/uploads\/2026\/01\/rfi_aufzug2-2026.jpg?w=221&#038;h=221&#038;crop=1&#038;ssl=1\" width=\"221\" height=\"221\" loading=\"lazy\" data-original-width=\"221\" data-original-height=\"221\" itemprop=\"http:\/\/schema.org\/image\" title=\"Indicazione ascensore\" alt=\"Indicazione ascensore\" style=\"width: 221px; height: 221px;\" \/> <\/a> <\/div> <\/div> <div class=\"gallery-group\" style=\"width: 225px; height: 225px;\" data-original-width=\"225\" data-original-height=\"225\" > <div class=\"tiled-gallery-item \" itemprop=\"associatedMedia\" itemscope itemtype=\"http:\/\/schema.org\/ImageObject\"> <a href=\"https:\/\/i0.wp.com\/www.brennerbasisdemokratie.eu\/wp-content\/uploads\/2026\/01\/rfi_bildschirm-2026.jpg?ssl=1\" border=\"0\" itemprop=\"url\"> <meta itemprop=\"width\" content=\"221\"> <meta itemprop=\"height\" content=\"221\"> <img decoding=\"async\" class=\"\" data-attachment-id=\"97736\" data-orig-file=\"https:\/\/www.brennerbasisdemokratie.eu\/wp-content\/uploads\/2026\/01\/rfi_bildschirm-2026.jpg\" data-orig-size=\"950,713\" data-comments-opened=\"1\" data-image-meta=\"{&quot;aperture&quot;:&quot;0&quot;,&quot;credit&quot;:&quot;&quot;,&quot;camera&quot;:&quot;&quot;,&quot;caption&quot;:&quot;&quot;,&quot;created_timestamp&quot;:&quot;0&quot;,&quot;copyright&quot;:&quot;&quot;,&quot;focal_length&quot;:&quot;0&quot;,&quot;iso&quot;:&quot;0&quot;,&quot;shutter_speed&quot;:&quot;0&quot;,&quot;title&quot;:&quot;&quot;,&quot;orientation&quot;:&quot;0&quot;}\" data-image-title=\"Schermo partenze\" data-image-description=\"\" data-medium-file=\"https:\/\/www.brennerbasisdemokratie.eu\/wp-content\/uploads\/2026\/01\/rfi_bildschirm-2026.jpg\" data-large-file=\"https:\/\/www.brennerbasisdemokratie.eu\/wp-content\/uploads\/2026\/01\/rfi_bildschirm-2026.jpg\" src=\"https:\/\/i0.wp.com\/www.brennerbasisdemokratie.eu\/wp-content\/uploads\/2026\/01\/rfi_bildschirm-2026.jpg?w=221&#038;h=221&#038;crop=1&#038;ssl=1\" width=\"221\" height=\"221\" loading=\"lazy\" data-original-width=\"221\" data-original-height=\"221\" itemprop=\"http:\/\/schema.org\/image\" title=\"Schermo partenze\" alt=\"Schermo partenze\" style=\"width: 221px; height: 221px;\" \/> <\/a> <\/div> <\/div> <div class=\"gallery-group\" style=\"width: 225px; height: 225px;\" data-original-width=\"225\" data-original-height=\"225\" > <div class=\"tiled-gallery-item \" itemprop=\"associatedMedia\" itemscope itemtype=\"http:\/\/schema.org\/ImageObject\"> <a href=\"https:\/\/i0.wp.com\/www.brennerbasisdemokratie.eu\/wp-content\/uploads\/2026\/01\/rfi_schild2-2026.jpg?ssl=1\" border=\"0\" itemprop=\"url\"> <meta itemprop=\"width\" content=\"221\"> <meta itemprop=\"height\" content=\"221\"> <img decoding=\"async\" class=\"\" data-attachment-id=\"97738\" data-orig-file=\"https:\/\/www.brennerbasisdemokratie.eu\/wp-content\/uploads\/2026\/01\/rfi_schild2-2026.jpg\" data-orig-size=\"950,712\" data-comments-opened=\"1\" data-image-meta=\"{&quot;aperture&quot;:&quot;0&quot;,&quot;credit&quot;:&quot;&quot;,&quot;camera&quot;:&quot;&quot;,&quot;caption&quot;:&quot;&quot;,&quot;created_timestamp&quot;:&quot;0&quot;,&quot;copyright&quot;:&quot;&quot;,&quot;focal_length&quot;:&quot;0&quot;,&quot;iso&quot;:&quot;0&quot;,&quot;shutter_speed&quot;:&quot;0&quot;,&quot;title&quot;:&quot;&quot;,&quot;orientation&quot;:&quot;0&quot;}\" data-image-title=\"Cartello binari\/uscita\" data-image-description=\"\" data-medium-file=\"https:\/\/www.brennerbasisdemokratie.eu\/wp-content\/uploads\/2026\/01\/rfi_schild2-2026.jpg\" data-large-file=\"https:\/\/www.brennerbasisdemokratie.eu\/wp-content\/uploads\/2026\/01\/rfi_schild2-2026.jpg\" src=\"https:\/\/i0.wp.com\/www.brennerbasisdemokratie.eu\/wp-content\/uploads\/2026\/01\/rfi_schild2-2026.jpg?w=221&#038;h=221&#038;crop=1&#038;ssl=1\" width=\"221\" height=\"221\" loading=\"lazy\" data-original-width=\"221\" data-original-height=\"221\" itemprop=\"http:\/\/schema.org\/image\" title=\"Cartello binari\/uscita\" alt=\"Cartello binari\/uscita\" style=\"width: 221px; height: 221px;\" \/> <\/a> <\/div> <\/div> <div class=\"gallery-group\" style=\"width: 225px; height: 225px;\" data-original-width=\"225\" data-original-height=\"225\" > <div class=\"tiled-gallery-item \" itemprop=\"associatedMedia\" itemscope itemtype=\"http:\/\/schema.org\/ImageObject\"> <a href=\"https:\/\/i0.wp.com\/www.brennerbasisdemokratie.eu\/wp-content\/uploads\/2026\/01\/rfi_schild1-2026.jpg?ssl=1\" border=\"0\" itemprop=\"url\"> <meta itemprop=\"width\" content=\"221\"> <meta itemprop=\"height\" content=\"221\"> <img decoding=\"async\" class=\"\" data-attachment-id=\"97737\" data-orig-file=\"https:\/\/www.brennerbasisdemokratie.eu\/wp-content\/uploads\/2026\/01\/rfi_schild1-2026.jpg\" data-orig-size=\"950,713\" data-comments-opened=\"1\" data-image-meta=\"{&quot;aperture&quot;:&quot;0&quot;,&quot;credit&quot;:&quot;&quot;,&quot;camera&quot;:&quot;&quot;,&quot;caption&quot;:&quot;&quot;,&quot;created_timestamp&quot;:&quot;0&quot;,&quot;copyright&quot;:&quot;&quot;,&quot;focal_length&quot;:&quot;0&quot;,&quot;iso&quot;:&quot;0&quot;,&quot;shutter_speed&quot;:&quot;0&quot;,&quot;title&quot;:&quot;&quot;,&quot;orientation&quot;:&quot;0&quot;}\" data-image-title=\"Cartello binari\" data-image-description=\"\" data-medium-file=\"https:\/\/www.brennerbasisdemokratie.eu\/wp-content\/uploads\/2026\/01\/rfi_schild1-2026.jpg\" data-large-file=\"https:\/\/www.brennerbasisdemokratie.eu\/wp-content\/uploads\/2026\/01\/rfi_schild1-2026.jpg\" src=\"https:\/\/i0.wp.com\/www.brennerbasisdemokratie.eu\/wp-content\/uploads\/2026\/01\/rfi_schild1-2026.jpg?w=221&#038;h=221&#038;crop=1&#038;ssl=1\" width=\"221\" height=\"221\" loading=\"lazy\" data-original-width=\"221\" data-original-height=\"221\" itemprop=\"http:\/\/schema.org\/image\" title=\"Cartello binari\" alt=\"Cartello binari\" style=\"width: 221px; height: 221px;\" \/> <\/a> <\/div> <\/div> <\/div> <div class=\"gallery-row\" style=\"width: 900px; height: 225px;\" data-original-width=\"900\" data-original-height=\"225\" > <div class=\"gallery-group\" style=\"width: 225px; height: 225px;\" data-original-width=\"225\" data-original-height=\"225\" > <div class=\"tiled-gallery-item \" itemprop=\"associatedMedia\" itemscope itemtype=\"http:\/\/schema.org\/ImageObject\"> <a href=\"https:\/\/i0.wp.com\/www.brennerbasisdemokratie.eu\/wp-content\/uploads\/2026\/01\/rfi_schild5-2026.jpg?ssl=1\" border=\"0\" itemprop=\"url\"> <meta itemprop=\"width\" content=\"221\"> <meta itemprop=\"height\" content=\"221\"> <img decoding=\"async\" class=\"\" data-attachment-id=\"97741\" data-orig-file=\"https:\/\/www.brennerbasisdemokratie.eu\/wp-content\/uploads\/2026\/01\/rfi_schild5-2026.jpg\" data-orig-size=\"712,950\" data-comments-opened=\"1\" data-image-meta=\"{&quot;aperture&quot;:&quot;0&quot;,&quot;credit&quot;:&quot;&quot;,&quot;camera&quot;:&quot;&quot;,&quot;caption&quot;:&quot;&quot;,&quot;created_timestamp&quot;:&quot;0&quot;,&quot;copyright&quot;:&quot;&quot;,&quot;focal_length&quot;:&quot;0&quot;,&quot;iso&quot;:&quot;0&quot;,&quot;shutter_speed&quot;:&quot;0&quot;,&quot;title&quot;:&quot;&quot;,&quot;orientation&quot;:&quot;0&quot;}\" data-image-title=\"Cartello binari\/uscita\" data-image-description=\"\" data-medium-file=\"https:\/\/www.brennerbasisdemokratie.eu\/wp-content\/uploads\/2026\/01\/rfi_schild5-2026.jpg\" data-large-file=\"https:\/\/www.brennerbasisdemokratie.eu\/wp-content\/uploads\/2026\/01\/rfi_schild5-2026.jpg\" src=\"https:\/\/i0.wp.com\/www.brennerbasisdemokratie.eu\/wp-content\/uploads\/2026\/01\/rfi_schild5-2026.jpg?w=221&#038;h=221&#038;crop=1&#038;ssl=1\" width=\"221\" height=\"221\" loading=\"lazy\" data-original-width=\"221\" data-original-height=\"221\" itemprop=\"http:\/\/schema.org\/image\" title=\"Cartello binari\/uscita\" alt=\"Cartello binari\/uscita\" style=\"width: 221px; height: 221px;\" \/> <\/a> <\/div> <\/div> <div class=\"gallery-group\" style=\"width: 225px; height: 225px;\" data-original-width=\"225\" data-original-height=\"225\" > <div class=\"tiled-gallery-item \" itemprop=\"associatedMedia\" itemscope itemtype=\"http:\/\/schema.org\/ImageObject\"> <a href=\"https:\/\/i0.wp.com\/www.brennerbasisdemokratie.eu\/wp-content\/uploads\/2026\/01\/rfi_aufzug1-2026.jpg?ssl=1\" border=\"0\" itemprop=\"url\"> <meta itemprop=\"width\" content=\"221\"> <meta itemprop=\"height\" content=\"221\"> <img decoding=\"async\" class=\"\" data-attachment-id=\"97734\" data-orig-file=\"https:\/\/www.brennerbasisdemokratie.eu\/wp-content\/uploads\/2026\/01\/rfi_aufzug1-2026.jpg\" data-orig-size=\"950,1267\" data-comments-opened=\"1\" data-image-meta=\"{&quot;aperture&quot;:&quot;0&quot;,&quot;credit&quot;:&quot;&quot;,&quot;camera&quot;:&quot;&quot;,&quot;caption&quot;:&quot;&quot;,&quot;created_timestamp&quot;:&quot;0&quot;,&quot;copyright&quot;:&quot;&quot;,&quot;focal_length&quot;:&quot;0&quot;,&quot;iso&quot;:&quot;0&quot;,&quot;shutter_speed&quot;:&quot;0&quot;,&quot;title&quot;:&quot;&quot;,&quot;orientation&quot;:&quot;0&quot;}\" data-image-title=\"Istruzioni ascensore\" data-image-description=\"\" data-medium-file=\"https:\/\/www.brennerbasisdemokratie.eu\/wp-content\/uploads\/2026\/01\/rfi_aufzug1-2026.jpg\" data-large-file=\"https:\/\/www.brennerbasisdemokratie.eu\/wp-content\/uploads\/2026\/01\/rfi_aufzug1-2026.jpg\" src=\"https:\/\/i0.wp.com\/www.brennerbasisdemokratie.eu\/wp-content\/uploads\/2026\/01\/rfi_aufzug1-2026.jpg?w=221&#038;h=221&#038;crop=1&#038;ssl=1\" width=\"221\" height=\"221\" loading=\"lazy\" data-original-width=\"221\" data-original-height=\"221\" itemprop=\"http:\/\/schema.org\/image\" title=\"Istruzioni ascensore\" alt=\"Istruzioni ascensore\" style=\"width: 221px; height: 221px;\" \/> <\/a> <\/div> <\/div> <div class=\"gallery-group\" style=\"width: 225px; height: 225px;\" data-original-width=\"225\" data-original-height=\"225\" > <div class=\"tiled-gallery-item \" itemprop=\"associatedMedia\" itemscope itemtype=\"http:\/\/schema.org\/ImageObject\"> <a href=\"https:\/\/i0.wp.com\/www.brennerbasisdemokratie.eu\/wp-content\/uploads\/2026\/01\/rfi_schild4-2026.jpg?ssl=1\" border=\"0\" itemprop=\"url\"> <meta itemprop=\"width\" content=\"221\"> <meta itemprop=\"height\" content=\"221\"> <img decoding=\"async\" class=\"\" data-attachment-id=\"97740\" data-orig-file=\"https:\/\/www.brennerbasisdemokratie.eu\/wp-content\/uploads\/2026\/01\/rfi_schild4-2026.jpg\" data-orig-size=\"950,712\" data-comments-opened=\"1\" data-image-meta=\"{&quot;aperture&quot;:&quot;0&quot;,&quot;credit&quot;:&quot;&quot;,&quot;camera&quot;:&quot;&quot;,&quot;caption&quot;:&quot;&quot;,&quot;created_timestamp&quot;:&quot;0&quot;,&quot;copyright&quot;:&quot;&quot;,&quot;focal_length&quot;:&quot;0&quot;,&quot;iso&quot;:&quot;0&quot;,&quot;shutter_speed&quot;:&quot;0&quot;,&quot;title&quot;:&quot;&quot;,&quot;orientation&quot;:&quot;0&quot;}\" data-image-title=\"Cartello binari\/uscita\" data-image-description=\"\" data-medium-file=\"https:\/\/www.brennerbasisdemokratie.eu\/wp-content\/uploads\/2026\/01\/rfi_schild4-2026.jpg\" data-large-file=\"https:\/\/www.brennerbasisdemokratie.eu\/wp-content\/uploads\/2026\/01\/rfi_schild4-2026.jpg\" src=\"https:\/\/i0.wp.com\/www.brennerbasisdemokratie.eu\/wp-content\/uploads\/2026\/01\/rfi_schild4-2026.jpg?w=221&#038;h=221&#038;crop=1&#038;ssl=1\" width=\"221\" height=\"221\" loading=\"lazy\" data-original-width=\"221\" data-original-height=\"221\" itemprop=\"http:\/\/schema.org\/image\" title=\"Cartello binari\/uscita\" alt=\"Cartello binari\/uscita\" style=\"width: 221px; height: 221px;\" \/> <\/a> <\/div> <\/div> <div class=\"gallery-group\" style=\"width: 225px; height: 225px;\" data-original-width=\"225\" data-original-height=\"225\" > <div class=\"tiled-gallery-item \" itemprop=\"associatedMedia\" itemscope itemtype=\"http:\/\/schema.org\/ImageObject\"> <a href=\"https:\/\/i0.wp.com\/www.brennerbasisdemokratie.eu\/wp-content\/uploads\/2026\/01\/rfi_schild3-2026.jpg?ssl=1\" border=\"0\" itemprop=\"url\"> <meta itemprop=\"width\" content=\"221\"> <meta itemprop=\"height\" content=\"221\"> <img decoding=\"async\" class=\"\" data-attachment-id=\"97739\" data-orig-file=\"https:\/\/www.brennerbasisdemokratie.eu\/wp-content\/uploads\/2026\/01\/rfi_schild3-2026.jpg\" data-orig-size=\"950,713\" data-comments-opened=\"1\" data-image-meta=\"{&quot;aperture&quot;:&quot;0&quot;,&quot;credit&quot;:&quot;&quot;,&quot;camera&quot;:&quot;&quot;,&quot;caption&quot;:&quot;&quot;,&quot;created_timestamp&quot;:&quot;0&quot;,&quot;copyright&quot;:&quot;&quot;,&quot;focal_length&quot;:&quot;0&quot;,&quot;iso&quot;:&quot;0&quot;,&quot;shutter_speed&quot;:&quot;0&quot;,&quot;title&quot;:&quot;&quot;,&quot;orientation&quot;:&quot;0&quot;}\" data-image-title=\"Cartello ascensore\" data-image-description=\"\" data-medium-file=\"https:\/\/www.brennerbasisdemokratie.eu\/wp-content\/uploads\/2026\/01\/rfi_schild3-2026.jpg\" data-large-file=\"https:\/\/www.brennerbasisdemokratie.eu\/wp-content\/uploads\/2026\/01\/rfi_schild3-2026.jpg\" src=\"https:\/\/i0.wp.com\/www.brennerbasisdemokratie.eu\/wp-content\/uploads\/2026\/01\/rfi_schild3-2026.jpg?w=221&#038;h=221&#038;crop=1&#038;ssl=1\" width=\"221\" height=\"221\" loading=\"lazy\" data-original-width=\"221\" data-original-height=\"221\" itemprop=\"http:\/\/schema.org\/image\" title=\"Cartello ascensore\" alt=\"Cartello ascensore\" style=\"width: 221px; height: 221px;\" \/> <\/a> <\/div> <\/div> <\/div> <\/div><\/blockquote>\n<p><small><em>Cliccare per ingrandire<\/em><\/small><\/p>\n<p>Non siamo di fronte a un semplice caso di inefficienza, ma di una <strong>inadempienza reiterata<\/strong> da parte di <strong>un soggetto controllato dallo stato<\/strong>, che opera in Sudtirolo <strong>come se le norme di autonomia fossero carta straccia.<\/strong> In questo senso, RFI si \u00e8 presa gioco del <em>Landeshauptmann,<\/em> che a sua volta non \u00e8 stato in grado di far valere le prerogative autonome nei confronti di un ente statale, tradendo cos\u00ec la fiducia dei consiglieri provinciali e, per estensione, della popolazione.<\/p>\n<p>Il tutto mentre, tra pochi giorni, <strong>prenderanno il via le Olimpiadi invernali<\/strong> e la stazione di Franzensfeste funger\u00e0 da importante snodo della mobilit\u00e0. L&#8217;immagine che il Sudtirolo offrir\u00e0 anche grazie a RFI sar\u00e0 quella di una terra italiana, con qualche concessione cosmetica alla lingua tedesca: non come una lingua paritaria, ma <strong>subordinata, accessoria e a malapena tollerata.<\/strong><\/p>\n<p>In questo contesto risulta ancor pi\u00f9 grottesco che da natale a questa parte il dibattito pubblico sia stato dominato dal presunto <em>disagio<\/em> della maggioranza nazionale in Sudtirolo. Da un lato assistiamo a <strong>violazioni strutturali e persistenti dei pi\u00f9 fondamentali diritti linguistici<\/strong> garantiti dalla legge \u2014 dall&#8217;altro una narrazione ipervittimistica del gruppo che controlla gli apparati statali e la cui lingua gode di ogni tutela immaginabile in quanto prima lingua ufficiale. Un rovesciamento della realt\u00e0 che dice molto pi\u00f9 di quanto vorrebbe ammettere.<\/p>\n<p><strong><span style=\"font-family: Helvetica, Arial, sans-serif; text-transform: uppercase;\">C\u00ebla enghe:<\/span><\/strong> <a title=\"RFI-Zerm\u00fcrbungstaktik.\" href=\"https:\/\/www.brennerbasisdemokratie.eu\/?p=7747\"><code>01<\/code><\/a> <a title=\"Neue Beschilderung am Bahnhof Brenner.\" href=\"https:\/\/www.brennerbasisdemokratie.eu\/?p=52128\"><code>02<\/code><\/a> <a title=\"Benvenuti nella colonia.\" href=\"https:\/\/www.brennerbasisdemokratie.eu\/?p=81125\"><code>03<\/code><\/a> <a title=\"Benvenuti nella colonia (II).\" href=\"https:\/\/www.brennerbasisdemokratie.eu\/?p=97487\"><code>04<\/code><\/a> <span style=\"font-family: Helvetica, Arial, sans-serif; font-weight: normal;\">|<\/span> <a title=\"Cymru: So geht zweisprachige Bahn.\" href=\"https:\/\/www.brennerbasisdemokratie.eu\/?p=81299\"><code>05<\/code><\/a> <span style=\"font-family: Helvetica, Arial, sans-serif; font-weight: normal;\">||<\/span> <a title=\"Pustertalbahn: Er\u00f6ffnung als Akt der Minorisierung.\" href=\"https:\/\/www.brennerbasisdemokratie.eu\/?p=97880\"><span style=\"color: #ff8c00\"><code>01<\/code><\/span><\/a> <a title=\"RFI: Deutsche Durchsagen mit Tolomeis Ortsnamen.\" href=\"https:\/\/www.brennerbasisdemokratie.eu\/?p=98098\"><span style=\"color: #ff8c00\"><code>02<\/code><\/span><\/a> <a title=\"Fehlendes Deutsch: LH \u00fcbernimmt absurde Ausrede von Trenitalia.\" href=\"https:\/\/www.brennerbasisdemokratie.eu\/?p=98670\"><span style=\"color: #ff8c00\"><code>03<\/code><\/span><\/a><\/p>","protected":false},"excerpt":{"rendered":"<p>Che il gestore della rete ferroviaria italiana (RFI) qui in Sudtirolo agisce come se si trattasse di una colonia \u2014 e spesso come se il contesto giuridico particolare di questa terra non esistesse \u2014 lo abbiamo documentato pi\u00f9 volte, anche di recente. Un caso emblematico \u00e8 quello della stazione di Franzensfeste. Nel marzo del 2019 [&hellip;]<\/p>","protected":false},"author":1,"featured_media":0,"comment_status":"open","ping_status":"open","sticky":false,"template":"","format":"standard","meta":{"_crdt_document":"","ngg_post_thumbnail":0,"_jetpack_memberships_contains_paid_content":false,"footnotes":""},"categories":[1],"tags":[],"class_list":["post-97707","post","type-post","status-publish","format-standard","hentry","category-allgemein","entity-freiheitliche","entity-landesregierung","entity-lega","entity-rfi","entity-sudtiroler-landtag","entity-svp","issue-bilinguismo-negato","issue-disagio","issue-italianizzazione","issue-olympia-2026","issue-zitac","location-italy","location-sudtirolo","language-italiano","person-andreas-leiter-reber","person-arno-kompatscher","person-daniel-alfreider","person-matteo-salvini","person-ulli-mair","topic-aussendarstellung","topic-colonialismi","topic-minderheitenschutz","topic-minorisaziun","topic-ov","topic-plurilinguism","topic-politik","topic-recht","topic-servicepublic","topic-verbraucherinnen"],"jetpack_featured_media_url":"","jetpack_sharing_enabled":true,"_links":{"self":[{"href":"https:\/\/www.brennerbasisdemokratie.eu\/index.php?rest_route=\/wp\/v2\/posts\/97707","targetHints":{"allow":["GET"]}}],"collection":[{"href":"https:\/\/www.brennerbasisdemokratie.eu\/index.php?rest_route=\/wp\/v2\/posts"}],"about":[{"href":"https:\/\/www.brennerbasisdemokratie.eu\/index.php?rest_route=\/wp\/v2\/types\/post"}],"author":[{"embeddable":true,"href":"https:\/\/www.brennerbasisdemokratie.eu\/index.php?rest_route=\/wp\/v2\/users\/1"}],"replies":[{"embeddable":true,"href":"https:\/\/www.brennerbasisdemokratie.eu\/index.php?rest_route=%2Fwp%2Fv2%2Fcomments&post=97707"}],"version-history":[{"count":15,"href":"https:\/\/www.brennerbasisdemokratie.eu\/index.php?rest_route=\/wp\/v2\/posts\/97707\/revisions"}],"predecessor-version":[{"id":98681,"href":"https:\/\/www.brennerbasisdemokratie.eu\/index.php?rest_route=\/wp\/v2\/posts\/97707\/revisions\/98681"}],"wp:attachment":[{"href":"https:\/\/www.brennerbasisdemokratie.eu\/index.php?rest_route=%2Fwp%2Fv2%2Fmedia&parent=97707"}],"wp:term":[{"taxonomy":"category","embeddable":true,"href":"https:\/\/www.brennerbasisdemokratie.eu\/index.php?rest_route=%2Fwp%2Fv2%2Fcategories&post=97707"},{"taxonomy":"post_tag","embeddable":true,"href":"https:\/\/www.brennerbasisdemokratie.eu\/index.php?rest_route=%2Fwp%2Fv2%2Ftags&post=97707"}],"curies":[{"name":"wp","href":"https:\/\/api.w.org\/{rel}","templated":true}]}}