{"id":98323,"date":"2026-03-04T16:06:14","date_gmt":"2026-03-04T15:06:14","guid":{"rendered":"https:\/\/www.brennerbasisdemokratie.eu\/?p=98323"},"modified":"2026-03-04T16:06:14","modified_gmt":"2026-03-04T15:06:14","slug":"auch-bianchi-diffamiert-antifaschistische-kundgebung","status":"publish","type":"post","link":"https:\/\/www.brennerbasisdemokratie.eu\/?p=98323","title":{"rendered":"Auch Bianchi diffamiert antifaschistische Kundgebung."},"content":{"rendered":"<p>Nach <a title=\"Pro &amp; Contra Unmenschlichkeit.\" href=\"https:\/\/www.brennerbasisdemokratie.eu\/?p=98248\">Roland Stauder (<abbr title=\"Freiheitliche\">F<\/abbr>)<\/a>, <a title=\"Die verzichtbare Koh\u00e4renz von Corrarati und Galateo.\" href=\"https:\/\/www.brennerbasisdemokratie.eu\/?p=98307\">Marco Galateo (<abbr title=\"Fratelli d\u2019Italia\">FdI<\/abbr>) und dem Bozner B\u00fcrgermeister Claudio Corrarati<\/a> hat sich nun auch <abbr title=\"Landesrat\/-r\u00e4tin\">LR<\/abbr> Christian Bianchi (<abbr title=\"Forza Italia\">FI<\/abbr>) zur <a title=\"Remigrationsdemo: Flop und Erfolg nah beisammen.\" href=\"https:\/\/www.brennerbasisdemokratie.eu\/?p=98277\">Remigrationsdemo<\/a> und zur erfolgreichen <a title=\"Deg\u00f6na lerch por razism y fascism!\" href=\"https:\/\/www.brennerbasisdemokratie.eu\/?p=98151\">Gegenveranstaltung<\/a> ge\u00e4u\u00dfert. In einem Beitrag f\u00fcr den heutigen <em>A. Adige<\/em> stellt er beide \u2014 also eine faschistische und eine antifaschistische Kundgebung \u2014 auf eine Stufe, womit auch in seinem Fall gekl\u00e4rt w\u00e4re, wo er sich positioniert.<\/p>\n<p>Dass er die Teilnehmenden der Gegenkundgebung pauschal als \u00bbLinksradikale\u00ab und Populistinnen diffamiert, spricht ebenfalls B\u00e4nde. Schlie\u00dflich waren unter anderem auch \u00bbsein\u00ab Landeshauptmann Arno Kompatscher (<abbr title=\"S\u00fcdtiroler Volkspartei\">SVP<\/abbr>) oder der Generalvikar der Di\u00f6zese Bozen-Brixen, Eugen Runggaldier, unter den Demonstrierenden. Bianchis Etikettierung trifft auf sie \u2014 genauso wie auf viele andere Teilnehmende \u2014 ganz offensichtlich nicht zu.<\/p>\n<p>Die <em>Tageszeitung<\/em> <a title=\"TAZ: Populisten in die H\u00e4nde gespielt.\" href=\"https:\/\/www.tageszeitung.it\/2026\/03\/04\/populisten-in-die-haende-gespielt\/\" target=\"_blank\" rel=\"noopener\">zitiert<\/a> den Landesrat so:<\/p>\n<blockquote><p>Antifaschismus als pauschale Antwort auf jede Forderung nach mehr Kontrolle sei ebenso vereinfachend.<\/p>\n<p><small><em>\u2013 Christian Bianchi<\/em><\/small><\/p><\/blockquote>\n<p>Auch dem Landesrat d\u00fcrfte nicht entgangen sein, dass es hier nicht um \u00bbjede Forderung nach mehr Kontrolle\u00ab, sondern um einen Aufmarsch von Neonazis und Neofaschisten ging, deren <a title=\"Remigration: Keine Illusion, worum es geht.\" href=\"https:\/\/www.brennerbasisdemokratie.eu\/?p=98267\">gef\u00e4hrliches Remigrationskonzept<\/a> letztendlich auf die Wiedereinf\u00fchrung des Ahnenpasses und ethnische S\u00e4uberungen hinausl\u00e4uft. Dass nicht nur \u00bbirregul\u00e4re\u00ab Zuwanderer von den Ausschaffungen betroffen w\u00e4ren, hat <abbr title=\"CasaPound Italia\">CPI<\/abbr>-Chef Luca Marsella in Bozen sogar \u00f6ffentlich zu Protokoll gegeben.<\/p>\n<p><em>Darauf<\/em> ist Antifaschismus sehr wohl eine Antwort, wahrscheinlich sogar die einzig m\u00f6gliche. Bianchis Positionierung l\u00e4sst hingegen tief blicken. Sie ist eines Demokraten und Mitglieds der S\u00fcdtiroler Landesregierung unw\u00fcrdig.<\/p>\n<p><strong><span style=\"font-family: Helvetica, Arial, sans-serif; text-transform: uppercase;\">C\u00ebla enghe:<\/span><\/strong> <a title=\"Landesrat Bianchi disst \u203aOmas gegen Rechts\u2039.\" href=\"https:\/\/www.brennerbasisdemokratie.eu\/?p=95750\"><code>01<\/code><\/a> <a title=\"Aus CPI raus, bei Christian Bianchi rein.\" href=\"https:\/\/www.brennerbasisdemokratie.eu\/?p=59499\"><code>02<\/code><\/a> <a title=\"\u00abRespirare il sacro tricolore.\u00bb\" href=\"https:\/\/www.brennerbasisdemokratie.eu\/?p=81034\"><code>03<\/code><\/a> <a title=\"Die Respektlosigkeit von Bianchi und Messner.\" href=\"https:\/\/www.brennerbasisdemokratie.eu\/?p=82017\"><code>04<\/code><\/a><\/p>","protected":false},"excerpt":{"rendered":"<p>Nach Roland Stauder (F), Marco Galateo (FdI) und dem Bozner B\u00fcrgermeister Claudio Corrarati hat sich nun auch LR Christian Bianchi (FI) zur Remigrationsdemo und zur erfolgreichen Gegenveranstaltung ge\u00e4u\u00dfert. In einem Beitrag f\u00fcr den heutigen A. Adige stellt er beide \u2014 also eine faschistische und eine antifaschistische Kundgebung \u2014 auf eine Stufe, womit auch in seinem [&hellip;]<\/p>","protected":false},"author":1,"featured_media":0,"comment_status":"open","ping_status":"open","sticky":false,"template":"","format":"standard","meta":{"_crdt_document":"","ngg_post_thumbnail":0,"_jetpack_memberships_contains_paid_content":false,"footnotes":""},"categories":[1],"tags":[],"class_list":["post-98323","post","type-post","status-publish","format-standard","hentry","category-allgemein","entity-cpi","entity-fi","entity-landesregierung","entity-svp","issue-zitac","location-sudtirolo","language-deutsch","medium-aa","medium-taz","person-arno-kompatscher","person-christian-bianchi","topic-democrazia","topic-faschismen","topic-politik","topic-racism"],"jetpack_featured_media_url":"","jetpack_sharing_enabled":true,"_links":{"self":[{"href":"https:\/\/www.brennerbasisdemokratie.eu\/index.php?rest_route=\/wp\/v2\/posts\/98323","targetHints":{"allow":["GET"]}}],"collection":[{"href":"https:\/\/www.brennerbasisdemokratie.eu\/index.php?rest_route=\/wp\/v2\/posts"}],"about":[{"href":"https:\/\/www.brennerbasisdemokratie.eu\/index.php?rest_route=\/wp\/v2\/types\/post"}],"author":[{"embeddable":true,"href":"https:\/\/www.brennerbasisdemokratie.eu\/index.php?rest_route=\/wp\/v2\/users\/1"}],"replies":[{"embeddable":true,"href":"https:\/\/www.brennerbasisdemokratie.eu\/index.php?rest_route=%2Fwp%2Fv2%2Fcomments&post=98323"}],"version-history":[{"count":1,"href":"https:\/\/www.brennerbasisdemokratie.eu\/index.php?rest_route=\/wp\/v2\/posts\/98323\/revisions"}],"predecessor-version":[{"id":98324,"href":"https:\/\/www.brennerbasisdemokratie.eu\/index.php?rest_route=\/wp\/v2\/posts\/98323\/revisions\/98324"}],"wp:attachment":[{"href":"https:\/\/www.brennerbasisdemokratie.eu\/index.php?rest_route=%2Fwp%2Fv2%2Fmedia&parent=98323"}],"wp:term":[{"taxonomy":"category","embeddable":true,"href":"https:\/\/www.brennerbasisdemokratie.eu\/index.php?rest_route=%2Fwp%2Fv2%2Fcategories&post=98323"},{"taxonomy":"post_tag","embeddable":true,"href":"https:\/\/www.brennerbasisdemokratie.eu\/index.php?rest_route=%2Fwp%2Fv2%2Ftags&post=98323"}],"curies":[{"name":"wp","href":"https:\/\/api.w.org\/{rel}","templated":true}]}}