{"id":98340,"date":"2026-03-07T18:51:20","date_gmt":"2026-03-07T17:51:20","guid":{"rendered":"https:\/\/www.brennerbasisdemokratie.eu\/?p=98340"},"modified":"2026-03-07T20:48:19","modified_gmt":"2026-03-07T19:48:19","slug":"katalonien-in-unesco-und-un-tourism-eingebunden","status":"publish","type":"post","link":"https:\/\/www.brennerbasisdemokratie.eu\/?p=98340","title":{"rendered":"Katalonien in Unesco und UN Tourism eingebunden."},"content":{"rendered":"<p>Gemeinsam mit Euskadi (<abbr title=\"also known as\">aka<\/abbr> Baskenland) strebt Katalonien eine st\u00e4rkere Pr\u00e4senz in mehreren internationalen Organisationen an \u2014 <a title=\"Katalonien und Euskadi bald Unesco- und UNWTO-Mitglieder?\" href=\"https:\/\/www.brennerbasisdemokratie.eu\/?p=96910\">insbesondere bei der <em>Unesco<\/em> und bei <em>UN Tourism<\/em><\/a> (fr\u00fcher UNWTO). Die spanische Regierung von Pedro S\u00e1nchez (<abbr title=\"Partido Socialista Obrero Espa\u00f1ol\">PSOE<\/abbr>) unterst\u00fctzt dieses Ansinnen im Rahmen ihrer Vereinbarungen mit <em>Junts<\/em> sowie aufgrund eines Abkommens zwischen der katalanischen <abbr title=\"Partit dels Socialistes de Catalunya\">PSC<\/abbr>-Regierung und <abbr title=\"Esquerra Republicana de Catalunya\">ERC<\/abbr>. Entsprechende Schritte wurden bereits eingeleitet.<\/p>\n<p>Ende J\u00e4nner hat der katalanische EU- und Au\u00dfenminister Jaume Duch mit dem spanischen Au\u00dfenminister Jos\u00e9 Manuel Albares ein Abkommen unterzeichnet, das es Katalonien erm\u00f6glicht, eigene Vertreterinnen in die genannten Organisationen zu entsenden. Bis das Aufnahmeverfahren als eigenst\u00e4ndiges Mitglied abgeschlossen ist, soll Barcelona demnach Mitglieder der spanischen Delegationen bei der <em>Unesco<\/em> in Paris und <em>UN Tourism<\/em> in Madrid selbst benennen.<\/p>\n<p>Begr\u00fcndet wird dieser Schritt mit der besonderen kulturellen, sprachlichen und institutionellen Realit\u00e4t von Katalonien, die eine eigenst\u00e4ndige Rolle auf internationaler Ebene rechtfertige.<\/p>\n<p>Dabei orientiert man sich vorl\u00e4ufig am sogenannten \u00bbQu\u00e9bec-Modell\u00ab: Die frankophone Provinz ist bereits <a title=\"Qu\u00e9bec: R\u00e9presentation\u2026\" href=\"https:\/\/www.quebec.ca\/gouvernement\/ministeres-organismes\/relations-internationales\/representations\/representation-quebec-unesco\" target=\"_blank\" rel=\"noopener\">eigenst\u00e4ndiger Teil der kanadischen <em>Unesco<\/em>-Delegation<\/a> und verf\u00fcgt dort \u00fcber eine eigene Stimme in jenen Bereichen, die in ihre Zust\u00e4ndigkeit fallen. Bevor dazu etwa internationale Vereinbarungen getroffen werden, muss Qu\u00e9bec angeh\u00f6rt werden.<\/p>\n<p>Wie erw\u00e4hnt streben Katalonien und das Baskenland jedoch mittelfristig einen noch weitergehenden Status an: eine eigenst\u00e4ndige Mitgliedschaft in diesen Organisationen, wie sie etwa <a title=\"\u00c5land in der Unesco.\" href=\"https:\/\/www.brennerbasisdemokratie.eu\/?p=69249\">\u00c5land<\/a> oder die F\u00e4r\u00f6er bereits innehaben.<\/p>\n<p>Nach dem Abkommen mit Katalonien plant die spanische Regierung nun auch eine \u00e4hnliche Vereinbarung mit Euskadi abzuschlie\u00dfen.<\/p>\n<p><strong><span style=\"font-family: Helvetica, Arial, sans-serif; text-transform: uppercase;\">C\u00ebla enghe:<\/span><\/strong> <a title=\"OSZE-Mitgliedschaft eingeschlafen?\" href=\"https:\/\/www.brennerbasisdemokratie.eu\/?p=22107\"><code>01<\/code><\/a> <a title=\"F\u00e4r\u00f6er wollen in die Welthandelsorganisation eintreten.\" href=\"https:\/\/www.brennerbasisdemokratie.eu\/?p=96425\"><code>02<\/code><\/a> <a title=\"Katalonien in internationalen Organisationen.\" href=\"https:\/\/www.brennerbasisdemokratie.eu\/?p=542\"><code>03<\/code><\/a> <a title=\"Weiche regionale Au\u00dfenpolitik.\" href=\"https:\/\/www.brennerbasisdemokratie.eu\/?p=70201\"><code>04<\/code><\/a> <a title=\"F\u00e4r\u00f6er wollen in die Welthandelsorganisation eintreten.\" href=\"https:\/\/www.brennerbasisdemokratie.eu\/?p=96425\"><code>05<\/code><\/a><\/p>","protected":false},"excerpt":{"rendered":"<p>Gemeinsam mit Euskadi (aka Baskenland) strebt Katalonien eine st\u00e4rkere Pr\u00e4senz in mehreren internationalen Organisationen an \u2014 insbesondere bei der Unesco und bei UN Tourism (fr\u00fcher UNWTO). Die spanische Regierung von Pedro S\u00e1nchez (PSOE) unterst\u00fctzt dieses Ansinnen im Rahmen ihrer Vereinbarungen mit Junts sowie aufgrund eines Abkommens zwischen der katalanischen PSC-Regierung und ERC. Entsprechende Schritte wurden [&hellip;]<\/p>","protected":false},"author":1,"featured_media":0,"comment_status":"open","ping_status":"open","sticky":false,"template":"","format":"standard","meta":{"_crdt_document":"","ngg_post_thumbnail":0,"_jetpack_memberships_contains_paid_content":false,"footnotes":""},"categories":[1],"tags":[],"class_list":["post-98340","post","type-post","status-publish","format-standard","hentry","category-allgemein","entity-erc","entity-junts","entity-psc","entity-psoe","entity-unesco","entity-uno","issue-autonomievergleich","issue-good-news","issue-good-practices","location-aland","location-catalunya","location-euskadi","location-faroer","location-quebec","location-spania","language-deutsch","person-pedro-sanchez","topic-aussendarstellung","topic-autonomie","topic-comparatio","topic-kunstcultura","topic-tourismus"],"jetpack_featured_media_url":"","jetpack_sharing_enabled":true,"_links":{"self":[{"href":"https:\/\/www.brennerbasisdemokratie.eu\/index.php?rest_route=\/wp\/v2\/posts\/98340","targetHints":{"allow":["GET"]}}],"collection":[{"href":"https:\/\/www.brennerbasisdemokratie.eu\/index.php?rest_route=\/wp\/v2\/posts"}],"about":[{"href":"https:\/\/www.brennerbasisdemokratie.eu\/index.php?rest_route=\/wp\/v2\/types\/post"}],"author":[{"embeddable":true,"href":"https:\/\/www.brennerbasisdemokratie.eu\/index.php?rest_route=\/wp\/v2\/users\/1"}],"replies":[{"embeddable":true,"href":"https:\/\/www.brennerbasisdemokratie.eu\/index.php?rest_route=%2Fwp%2Fv2%2Fcomments&post=98340"}],"version-history":[{"count":4,"href":"https:\/\/www.brennerbasisdemokratie.eu\/index.php?rest_route=\/wp\/v2\/posts\/98340\/revisions"}],"predecessor-version":[{"id":98346,"href":"https:\/\/www.brennerbasisdemokratie.eu\/index.php?rest_route=\/wp\/v2\/posts\/98340\/revisions\/98346"}],"wp:attachment":[{"href":"https:\/\/www.brennerbasisdemokratie.eu\/index.php?rest_route=%2Fwp%2Fv2%2Fmedia&parent=98340"}],"wp:term":[{"taxonomy":"category","embeddable":true,"href":"https:\/\/www.brennerbasisdemokratie.eu\/index.php?rest_route=%2Fwp%2Fv2%2Fcategories&post=98340"},{"taxonomy":"post_tag","embeddable":true,"href":"https:\/\/www.brennerbasisdemokratie.eu\/index.php?rest_route=%2Fwp%2Fv2%2Ftags&post=98340"}],"curies":[{"name":"wp","href":"https:\/\/api.w.org\/{rel}","templated":true}]}}