{"id":98347,"date":"2026-03-08T13:31:56","date_gmt":"2026-03-08T12:31:56","guid":{"rendered":"https:\/\/www.brennerbasisdemokratie.eu\/?p=98347"},"modified":"2026-03-08T13:31:56","modified_gmt":"2026-03-08T12:31:56","slug":"british-columbia-bleibt-grosteils-bei-der-sommerzeit","status":"publish","type":"post","link":"https:\/\/www.brennerbasisdemokratie.eu\/?p=98347","title":{"rendered":"British Columbia bleibt gro\u00dfteils bei der Sommerzeit."},"content":{"rendered":"<p>Zwischen gestern und heute wurden die Uhren in British Columbia um eine Stunde nach vorn gestellt \u2014 und f\u00fcr die meisten Einwohnerinnen der kanadischen Provinz wird das auch das letzte Mal gewesen sein. Ihre Regierung hat n\u00e4mlich, auch auf der Grundlage von Umfragen, beschlossen, dass fortan permanent die Sommerzeit beibehalten wird. Im kommenden Herbst werden die Uhren also nicht mehr zur\u00fcckgestellt. Lediglich in einem kleiner Zipfel im S\u00fcdosten, dessen Zeitzone der der angrenzenden Provinz Alberta entspricht, bleibt alles beim Alten, solange Alberta selbst an der halbj\u00e4hrlichen Zeitumstellung festh\u00e4lt.<\/p>\n<p>In Yukon, einem n\u00f6rdlich an British Columbia angrenzenden Territorium, wird die Uhrzeit schon seit November 2020 nicht mehr umgestellt. Dort wurde stattdessen die sogenannte <em>Yukon Standard Time<\/em> eingef\u00fchrt, die das ganze Jahr \u00fcber sieben Stunden hinter der <a title=\"Wiki: Koordinierte Weltzeit.\" href=\"https:\/\/de.wikipedia.org\/wiki\/Koordinierte_Weltzeit\" target=\"_blank\" rel=\"noopener\">koordinierten Weltzeit<\/a> (UTC) zur\u00fcckliegt.<\/p>\n<p>Urspr\u00fcnglich hatte British Columbia geplant, den Schritt nur gemeinsam mit den US-Bundesstaaten Washington, Oregon und Kalifornien zu vollziehen. Diese bereits 2019 getroffene Grundsatzentscheidung wurde nun \u2014 wohl auch aufgrund der sich verschlechternden Beziehungen zu den USA \u2014 gekippt und die Umstellung im Alleingang umgesetzt. Der kanadische F\u00f6deralismus und die weitreichende Autonomie von <a title=\"Wiki: Provinzen und Territorien Kanadas.\" href=\"https:\/\/de.wikipedia.org\/wiki\/Provinzen_und_Territorien_Kanadas\" target=\"_blank\" rel=\"noopener\">Provinzen und Territorien<\/a> machen es m\u00f6glich.<\/p>\n<p>\u00dcbrigens haben in British Columbia auch St\u00e4dte und Regionen die M\u00f6glichkeit, eine abweichende Zeitzone festzulegen. Dies schlie\u00dft die Zust\u00e4ndigkeit ein, gegebenenfalls die Umstellung von Sommer- auf Winterzeit beizubehalten.<\/p>\n<p>Die Abschaffung der Zeitumstellung ist seit Jahren weltweit ein Thema \u2014 auch in Europa, wo sich schon Kommissionspr\u00e4sident Jean-Claude Juncker <a title=\"Zeitumstellung: Die Menschen wollen das.\" href=\"https:\/\/www.brennerbasisdemokratie.eu\/?p=42598\">dieses Ziel gesetzt<\/a> hatte.<\/p>\n<p><strong><span style=\"font-family: Helvetica, Arial, sans-serif; text-transform: uppercase;\">C\u00ebla enghe:<\/span><\/strong> <a title=\"Alberta bestimmt selbst.\" href=\"https:\/\/www.brennerbasisdemokratie.eu\/?p=97135\"><code>01<\/code><\/a><\/p>","protected":false},"excerpt":{"rendered":"<p>Zwischen gestern und heute wurden die Uhren in British Columbia um eine Stunde nach vorn gestellt \u2014 und f\u00fcr die meisten Einwohnerinnen der kanadischen Provinz wird das auch das letzte Mal gewesen sein. Ihre Regierung hat n\u00e4mlich, auch auf der Grundlage von Umfragen, beschlossen, dass fortan permanent die Sommerzeit beibehalten wird. Im kommenden Herbst werden [&hellip;]<\/p>","protected":false},"author":1,"featured_media":0,"comment_status":"open","ping_status":"open","sticky":false,"template":"","format":"standard","meta":{"_crdt_document":"","ngg_post_thumbnail":0,"_jetpack_memberships_contains_paid_content":false,"footnotes":""},"categories":[1],"tags":[],"class_list":["post-98347","post","type-post","status-publish","format-standard","hentry","category-allgemein","issue-autonomievergleich","location-canada","location-usa","language-deutsch","person-jean-claude-juncker","topic-autonomie","topic-comparatio","topic-foederalismus","topic-politik"],"jetpack_featured_media_url":"","jetpack_sharing_enabled":true,"_links":{"self":[{"href":"https:\/\/www.brennerbasisdemokratie.eu\/index.php?rest_route=\/wp\/v2\/posts\/98347","targetHints":{"allow":["GET"]}}],"collection":[{"href":"https:\/\/www.brennerbasisdemokratie.eu\/index.php?rest_route=\/wp\/v2\/posts"}],"about":[{"href":"https:\/\/www.brennerbasisdemokratie.eu\/index.php?rest_route=\/wp\/v2\/types\/post"}],"author":[{"embeddable":true,"href":"https:\/\/www.brennerbasisdemokratie.eu\/index.php?rest_route=\/wp\/v2\/users\/1"}],"replies":[{"embeddable":true,"href":"https:\/\/www.brennerbasisdemokratie.eu\/index.php?rest_route=%2Fwp%2Fv2%2Fcomments&post=98347"}],"version-history":[{"count":1,"href":"https:\/\/www.brennerbasisdemokratie.eu\/index.php?rest_route=\/wp\/v2\/posts\/98347\/revisions"}],"predecessor-version":[{"id":98349,"href":"https:\/\/www.brennerbasisdemokratie.eu\/index.php?rest_route=\/wp\/v2\/posts\/98347\/revisions\/98349"}],"wp:attachment":[{"href":"https:\/\/www.brennerbasisdemokratie.eu\/index.php?rest_route=%2Fwp%2Fv2%2Fmedia&parent=98347"}],"wp:term":[{"taxonomy":"category","embeddable":true,"href":"https:\/\/www.brennerbasisdemokratie.eu\/index.php?rest_route=%2Fwp%2Fv2%2Fcategories&post=98347"},{"taxonomy":"post_tag","embeddable":true,"href":"https:\/\/www.brennerbasisdemokratie.eu\/index.php?rest_route=%2Fwp%2Fv2%2Ftags&post=98347"}],"curies":[{"name":"wp","href":"https:\/\/api.w.org\/{rel}","templated":true}]}}