{"id":98359,"date":"2026-03-09T23:15:52","date_gmt":"2026-03-09T22:15:52","guid":{"rendered":"https:\/\/www.brennerbasisdemokratie.eu\/?p=98359"},"modified":"2026-03-09T23:30:08","modified_gmt":"2026-03-09T22:30:08","slug":"neues-altes-burgerinnennetz","status":"publish","type":"post","link":"https:\/\/www.brennerbasisdemokratie.eu\/?p=98359","title":{"rendered":"Neues altes B\u00fcrgerinnennetz."},"content":{"rendered":"<p>Das Land S\u00fcdtirol hat <a title=\"LPA: Das neue B\u00fcrgernetz myCIVIS\u2026\" href=\"https:\/\/news.provinz.bz.it\/de\/news\/das-neue-burgernetz-mycivis-burgernah-intelligent-und-proaktiv\" target=\"_blank\" rel=\"noopener\">bekanntlich<\/a> eine neue Version des <a title=\"myCivis.\" href=\"https:\/\/mycivis.civis.bz.it\/de\/\" target=\"_blank\" rel=\"noopener\">B\u00fcrgerinnennetzes<\/a> ver\u00f6ffentlicht, dessen moderne und alles ver\u00e4ndernde k\u00fcnstliche Intelligenz bei mir bislang haupts\u00e4chlich Fehlermeldungen produziert hat.<\/p>\n<p>Um die KI soll es hier jedoch nicht gehen. Vielmehr f\u00e4llt auf, dass auch mit dieser umfassenden Neugestaltung die Domain mit <em>.it<\/em>-Suffix <em>(mycivis.civis.bz.it)<\/em> beibehalten wurde, obschon die damals zust\u00e4ndige Landesr\u00e4tin Waltraud Deeg (<abbr title=\"S\u00fcdtiroler Volkspartei\">SVP<\/abbr>) <a title=\"myCivis.eu? Fehlanzeige.\" href=\"https:\/\/www.brennerbasisdemokratie.eu\/?p=58602\">schon 2014 versprochen hatte<\/a>, dass sich das bald \u00e4ndern w\u00fcrde. So sicher war sie sich der Angelegenheit, dass sie aus diesem Grund einen entsprechenden Antrag im Landtag versenken lie\u00df:<\/p>\n<blockquote><p>Wir sind also schon mitten im Geschehen drinnen. Ich w\u00fcrde sagen, dass dieser Beschlussantrag zu diesem Zeitpunkt ein bisschen versp\u00e4tet kommt. Deshalb w\u00fcrde ich ihn auch ablehnen.<\/p>\n<p><em><small>\u2013 Waltraud Deeg am 5. November 2014<\/small><\/em><\/p><\/blockquote>\n<p><em><small>Quelle: Wortprotokoll des Landtags<\/small><\/em><\/p>\n<p>Wenn der Antrag vor \u00fcber einem Jahrzehnt \u00bbversp\u00e4tet\u00ab war und man angeblich schon mitten in der Umsetzung stand \u2014 wie viele Jahrzehnte m\u00fcssen wir dann noch auf ein konkretes Ergebnis warten?<\/p>\n<blockquote><p><img loading=\"lazy\" decoding=\"async\" class=\"size-full wp-image-98360 aligncenter\" src=\"https:\/\/www.brennerbasisdemokratie.eu\/wp-content\/uploads\/2026\/03\/mycivis-gemeindenverband1.jpg\" alt=\"\" width=\"950\" height=\"530\" srcset=\"https:\/\/www.brennerbasisdemokratie.eu\/wp-content\/uploads\/2026\/03\/mycivis-gemeindenverband1.jpg 950w, https:\/\/www.brennerbasisdemokratie.eu\/wp-content\/uploads\/2026\/03\/mycivis-gemeindenverband1-768x428.jpg 768w\" sizes=\"auto, (max-width: 950px) 100vw, 950px\" \/><\/p><\/blockquote>\n<p><small><em>myCivis-Startseite (Ausschnitt)<\/em><\/small><\/p>\n<p>Dar\u00fcber hinaus ist mir aufgefallen, dass offenbar wieder einmal jemand mit einem gewissen Drang zur Italianisierung am Werk war. So wurde etwa das Logo des Gemeindenverbandes auf der Startseite des B\u00fcrgerinnennetzes so manipuliert, dass die Sprachreihung nun Italienisch-Deutsch ist.<\/p>\n<blockquote><p><img loading=\"lazy\" decoding=\"async\" class=\"size-full wp-image-98363 aligncenter\" src=\"https:\/\/www.brennerbasisdemokratie.eu\/wp-content\/uploads\/2026\/03\/mycivis-gemeindenverband2.jpg\" alt=\"\" width=\"950\" height=\"89\" srcset=\"https:\/\/www.brennerbasisdemokratie.eu\/wp-content\/uploads\/2026\/03\/mycivis-gemeindenverband2.jpg 950w, https:\/\/www.brennerbasisdemokratie.eu\/wp-content\/uploads\/2026\/03\/mycivis-gemeindenverband2-768x72.jpg 768w\" sizes=\"auto, (max-width: 950px) 100vw, 950px\" \/><\/p><\/blockquote>\n<p><small><em>myCivis-Startseite (Ausschnitt)<\/em><\/small><\/p>\n<p>Zumindest am Geb\u00e4ude, das den Gemeindenverbande beherbergt, <a title=\"Google Maps: Sitz des Gemeindenverbands.\" href=\"https:\/\/maps.app.goo.gl\/RGxHGLSv57XN6BgJ8\" target=\"_blank\" rel=\"noopener\">ist das Logo au\u00dferdem dreisprachig Deutsch-Italienisch-Ladinisch<\/a>, w\u00e4hrend es bei <em>myCivis<\/em> das einzige ist, bei dem Ladinisch fehlt. Die Logos des Gesundheitsbetriebs und des Landes ber\u00fccksichtigen hingegen alle drei Landessprachen.<\/p>\n<blockquote><p><img loading=\"lazy\" decoding=\"async\" class=\"size-full wp-image-98364 aligncenter\" src=\"https:\/\/www.brennerbasisdemokratie.eu\/wp-content\/uploads\/2026\/03\/mycivis-kontakte.jpg\" alt=\"\" width=\"950\" height=\"272\" srcset=\"https:\/\/www.brennerbasisdemokratie.eu\/wp-content\/uploads\/2026\/03\/mycivis-kontakte.jpg 950w, https:\/\/www.brennerbasisdemokratie.eu\/wp-content\/uploads\/2026\/03\/mycivis-kontakte-768x220.jpg 768w\" sizes=\"auto, (max-width: 950px) 100vw, 950px\" \/><\/p><\/blockquote>\n<p><small><em>myCivis-Startseite (Seitenfu\u00df)<\/em><\/small><\/p>\n<p>Der Eindruck, dass hier lieblos und unmotiviert-sparsam aus dem Italienischen \u00fcbersetzt wurde, setzt sich im gesamten Portal fort. Zum Beispiel im Abschnitt \u00bbKontakte\u00ab im Seitenfu\u00df: Dort ist statt einer St.-Nr. (Steuernummer) ein CF <em>(Codice fiscale)<\/em> angegeben, und anstatt der deutschen Adresse der Datenschutzbeauftragten <em>(dsb@provinz.bz.it)<\/em> erscheint nur die italienische Variante <em>(rpd@provincia.bz.it).<\/em><\/p>\n<p>Die neue Oberfl\u00e4che wirkt deutlich moderner, die nationalstaatlichen Reflexe sind aber die alten.<\/p>\n<p><strong><span style=\"font-family: Helvetica, Arial, sans-serif; text-transform: uppercase;\">C\u00ebla enghe:<\/span><\/strong> <a title=\"Neuerlicher Blick in die Gesundheitsakte.\" href=\"https:\/\/www.brennerbasisdemokratie.eu\/?p=89709\"><code>01<\/code><\/a> <a title=\"Richtpreisverzeichnis: BOL steht f\u00fcr S\u00fcdtirol.\" href=\"https:\/\/www.brennerbasisdemokratie.eu\/?p=95174\"><code>02<\/code><\/a> <a title=\"Briefmarke ohne \u203aCiadenac\u2039.\" href=\"https:\/\/www.brennerbasisdemokratie.eu\/?p=96974\"><code>03<\/code><\/a> <a title=\"Webadresse? Auch nicht zust\u00e4ndig!\" href=\"https:\/\/www.brennerbasisdemokratie.eu\/?p=21530\"><code>04<\/code><\/a> <a title=\"buergernetz.bz.it\" href=\"https:\/\/www.brennerbasisdemokratie.eu\/?p=23082\"><code>05<\/code><\/a> <a title=\"Ungenutzte digitale Spielr\u00e4ume.\" href=\"https:\/\/www.brennerbasisdemokratie.eu\/?p=88045\"><code>06<\/code><\/a> <a title=\"ESB: Die besonderes digitales Domizil.\" href=\"https:\/\/www.brennerbasisdemokratie.eu\/?p=90780\"><code>07<\/code><\/a><\/p>","protected":false},"excerpt":{"rendered":"<p>Das Land S\u00fcdtirol hat bekanntlich eine neue Version des B\u00fcrgerinnennetzes ver\u00f6ffentlicht, dessen moderne und alles ver\u00e4ndernde k\u00fcnstliche Intelligenz bei mir bislang haupts\u00e4chlich Fehlermeldungen produziert hat. Um die KI soll es hier jedoch nicht gehen. Vielmehr f\u00e4llt auf, dass auch mit dieser umfassenden Neugestaltung die Domain mit .it-Suffix (mycivis.civis.bz.it) beibehalten wurde, obschon die damals zust\u00e4ndige Landesr\u00e4tin [&hellip;]<\/p>","protected":false},"author":1,"featured_media":0,"comment_status":"open","ping_status":"open","sticky":false,"template":"","format":"standard","meta":{"_crdt_document":"","ngg_post_thumbnail":0,"_jetpack_memberships_contains_paid_content":false,"footnotes":""},"categories":[1],"tags":[],"class_list":["post-98359","post","type-post","status-publish","format-standard","hentry","category-allgemein","entity-land-sudtirol","entity-landesregierung","entity-sudtiroler-landtag","entity-svp","issue-banalnationalism","issue-italianizzazione","issue-zitac","location-ladinia","location-sudtirolo","language-deutsch","person-waltraud-deeg","topic-aussendarstellung","topic-minorisaziun","topic-plurilinguism","topic-servicepublic","topic-symbolik","topic-tech_com"],"jetpack_featured_media_url":"","jetpack_sharing_enabled":true,"_links":{"self":[{"href":"https:\/\/www.brennerbasisdemokratie.eu\/index.php?rest_route=\/wp\/v2\/posts\/98359","targetHints":{"allow":["GET"]}}],"collection":[{"href":"https:\/\/www.brennerbasisdemokratie.eu\/index.php?rest_route=\/wp\/v2\/posts"}],"about":[{"href":"https:\/\/www.brennerbasisdemokratie.eu\/index.php?rest_route=\/wp\/v2\/types\/post"}],"author":[{"embeddable":true,"href":"https:\/\/www.brennerbasisdemokratie.eu\/index.php?rest_route=\/wp\/v2\/users\/1"}],"replies":[{"embeddable":true,"href":"https:\/\/www.brennerbasisdemokratie.eu\/index.php?rest_route=%2Fwp%2Fv2%2Fcomments&post=98359"}],"version-history":[{"count":5,"href":"https:\/\/www.brennerbasisdemokratie.eu\/index.php?rest_route=\/wp\/v2\/posts\/98359\/revisions"}],"predecessor-version":[{"id":98370,"href":"https:\/\/www.brennerbasisdemokratie.eu\/index.php?rest_route=\/wp\/v2\/posts\/98359\/revisions\/98370"}],"wp:attachment":[{"href":"https:\/\/www.brennerbasisdemokratie.eu\/index.php?rest_route=%2Fwp%2Fv2%2Fmedia&parent=98359"}],"wp:term":[{"taxonomy":"category","embeddable":true,"href":"https:\/\/www.brennerbasisdemokratie.eu\/index.php?rest_route=%2Fwp%2Fv2%2Fcategories&post=98359"},{"taxonomy":"post_tag","embeddable":true,"href":"https:\/\/www.brennerbasisdemokratie.eu\/index.php?rest_route=%2Fwp%2Fv2%2Ftags&post=98359"}],"curies":[{"name":"wp","href":"https:\/\/api.w.org\/{rel}","templated":true}]}}