{"id":98377,"date":"2026-03-10T13:17:51","date_gmt":"2026-03-10T12:17:51","guid":{"rendered":"https:\/\/www.brennerbasisdemokratie.eu\/?p=98377"},"modified":"2026-03-30T20:45:56","modified_gmt":"2026-03-30T18:45:56","slug":"ewig-verzogerte-zweisprachigkeit","status":"publish","type":"post","link":"https:\/\/www.brennerbasisdemokratie.eu\/?p=98377","title":{"rendered":"Ewig verz\u00f6gerte Zweisprachigkeit."},"content":{"rendered":"<p>Auf zwei unterschiedliche Landtagsanfragen der <abbr title=\"S\u00fcd-Tiroler Freiheit\">STF<\/abbr> (Nr. 1275\/25 und 1277\/25), mit denen \u2014 wie so oft \u2014 die mangelnde Zweisprachigkeit (<abbr title=\"also known as\">aka<\/abbr> mangelnde <em>Deutsch<\/em>sprachigkeit) und damit die Missachtung des Rechts auf Gebrauch der Muttersprache bei <abbr title=\"Nationales Institut f\u00fcr Sozialf\u00fcrsorge\">NISF<\/abbr> und Einnahmenagentur thematisiert wurde, hat Landeshauptmann Arno Kompatscher (<abbr title=\"S\u00fcdtiroler Volkspartei\">SVP<\/abbr>) neulich folgenderma\u00dfen geantwortet:<\/p>\n<blockquote><p>Nach Auskunft des Nationalen Instituts f\u00fcr Sozialf\u00fcrsorge (NISF) werden den B\u00fcrgerinnen und B\u00fcrgern grunds\u00e4tzlich s\u00e4mtliche Mitteilungen in beiden [sic] Landessprachen bereitgestellt. Das aktuelle Angebot umfasst nahezu 2.000 verschiedene Mitteilungsarten. Bei neu \u00fcberarbeiteten Mitteilungen kann es jedoch zu Verz\u00f6gerungen bei der Bereitstellung der deutschen Version kommen, da diese zun\u00e4chst \u00fcbersetzt und anschlie\u00dfend in das EDV-System \u00fcbernommen werden m\u00fcssen.<\/p>\n<p><em><small>\u2013 <a title=\"Landtagsanfrage 1275\/25.\" href=\"https:\/\/api-idap.landtag-bz.org\/doc\/IDAP_786995.pdf\" target=\"_blank\" rel=\"noopener\">Antwort auf Anfrage 1275\/25<\/a> (Auszug)<\/small><\/em><\/p><\/blockquote>\n<blockquote><p>Laut Auskunft der Agentur der Einnahmen wird besonderer Wert daraufgelegt [sic], allen B\u00fcrgerinnen und B\u00fcrgern Mitteilungen und Formulare in beiden [sic] Landessprachen zur Verf\u00fcgung zu stellen. Bei neuen oder \u00fcberarbeiteten Dokumenten kann es jedoch infolge des erforderlichen \u00dcbersetzungsaufwands zu Verz\u00f6gerungen kommen.<\/p>\n<p><em><small>\u2013 <a title=\"Landtagsanfrage 1277\/25.\" href=\"https:\/\/api-idap.landtag-bz.org\/doc\/IDAP_786992.pdf\" target=\"_blank\" rel=\"noopener\">Antwort auf Anfrage 1277\/25<\/a> (Auszug)<\/small><\/em><\/p><\/blockquote>\n<p>Dass hier die Position der <a title=\"Minorisierte Sprachen.\" href=\"https:\/\/www.brennerbasisdemokratie.eu\/?p=72762\">minorisierenden<\/a> Stellen zitierend und unkritisch \u00fcbernehmend behauptet wird, dass \u00bbbesonderer Wert\u00ab auf die Ber\u00fccksichtigung der deutschen Sprache gelegt und \u00bbgrunds\u00e4tzlich s\u00e4mtliche Mitteilungen in beiden Landessprachen bereitgestellt\u00ab w\u00fcrden, halte ich schon an und f\u00fcr sich f\u00fcr eine Unverfrorenheit. Wir alle wissen \u2014 und auf <img class=\"bbdlogo\" src=\"https:\/\/www.brennerbasisdemokratie.eu\/wp-content\/uploads\/bbdsmileys\/bbde.png\"> wurde es immer wieder dokumentiert \u2014, wie systematisch die angeblich gleichgestellte deutsche Sprache insbesondere von staatlichen Stellen wie NISF (<a title=\"Indennit\u00e0 Covid? Monolingue.\" href=\"https:\/\/www.brennerbasisdemokratie.eu\/?p=56159\"><code>01<\/code><\/a> <a title=\"\u00d6ffentliche Dienste verweigern deutsche Sprache.\" href=\"https:\/\/www.brennerbasisdemokratie.eu\/?p=83630\"><code>02<\/code><\/a>) und Einnahmenagentur (<a title=\"Ein Agenturbesuch.\" href=\"https:\/\/www.brennerbasisdemokratie.eu\/?p=68157\"><code>01<\/code><\/a> <a title=\"Agentur der Stuerzahler.\" href=\"https:\/\/www.brennerbasisdemokratie.eu\/?p=68198\"><code>02<\/code><\/a> <a title=\"Appuntamento all\u2019Agenzia in tedesco? Mission impossible.\" href=\"https:\/\/www.brennerbasisdemokratie.eu\/?p=67450\"><code>03<\/code><\/a> <a title=\"Agentur der Unversch\u00e4mtheiten.\" href=\"https:\/\/www.brennerbasisdemokratie.eu\/?p=24780\"><code>04<\/code><\/a>) diskriminiert wird.<\/p>\n<p>Das ist sicher auch dem Landeshauptmann bekannt, zumal er nicht nur regelm\u00e4\u00dfig solche Anfragen beantworten muss, sondern auch offizielle Statistiken dazu existieren.<\/p>\n<p>Mindestens ebenso dreist ist jedoch der Versuch, die \u00bbVerz\u00f6gerungen\u00ab auf neu \u00fcberarbeitete Mitteilungen und Dokumente zur\u00fcckzuf\u00fchren. Als handle es sich erstens um einen Ausnahme- und nicht um den Normalzustand in all diesen \u00c4mtern \u2014 und als w\u00e4ren \u00dcbersetzungen Jahrzehnte nach Inkrafttreten des Zweiten Autonomiestatuts (1972) und nach Erlass der Zweisprachigkeitsbestimmungen (1988) noch immer etwas Au\u00dfergew\u00f6hnliches.<\/p>\n<p>W\u00fcrde das Recht auf Gebrauch der Muttersprache tats\u00e4chlich von irgendjemandem ernst genommen, g\u00e4be es l\u00e4ngst etablierte Verfahren und Abl\u00e4ufe, die sicherstellen, dass offizielle deutsche Fassungen zeitgleich mit den italienischen ver\u00f6ffentlicht werden. Daf\u00fcr w\u00e4ren nun wirklich keine \u00fcbernat\u00fcrlichen Kr\u00e4fte erforderlich, wie die t\u00e4gliche Praxis in mehrsprachigen Staaten beweist.<\/p>\n<p>So aber handelt es sich um das (von der Landesregierung implizit gedeckte) Eingest\u00e4ndnis einer permanenten Improvisation, die man sich erlauben kann, weil es ja \u00bbnur\u00ab um eine Minderheitensprache geht. Gleichstellung \u2014 und Vorzeigeautonomie \u2014 hin oder her.<\/p>\n<p><strong><span style=\"font-family: Helvetica, Arial, sans-serif; text-transform: uppercase;\">C\u00ebla enghe:<\/span><\/strong> <a title=\"\u00d6SDI kommt sofort, Zweisprachigkeit irgendwann.\" href=\"https:\/\/www.brennerbasisdemokratie.eu\/?p=39167\"><code>01<\/code><\/a> <a title=\"Post vielleicht bald zweisprachig.\" href=\"https:\/\/www.brennerbasisdemokratie.eu\/?p=40414\"><code>02<\/code><\/a> <a title=\"Zweisprachigkeit im Amt deutlich verschlechtert.\" href=\"https:\/\/www.brennerbasisdemokratie.eu\/?p=25426\"><code>03<\/code><\/a> <a title=\"Sprachrechte: LH leugnet Verschlechterung.\" href=\"https:\/\/www.brennerbasisdemokratie.eu\/?p=97432\"><code>04<\/code><\/a> <a title=\"\u203aSprachen sch\u00fctzen sich nicht selbst.\u2039\" href=\"https:\/\/www.brennerbasisdemokratie.eu\/?p=98123\"><code>05<\/code><\/a> <a title=\"Nicolas Levrat im makellosen S\u00fcdtirol.\" href=\"https:\/\/www.brennerbasisdemokratie.eu\/?p=86837\"><code>06<\/code><\/a> <span style=\"font-family: Helvetica, Arial, sans-serif; font-weight: normal;\">||<\/span> <a title=\"Regionaldirektion der Einnahmenagentur: Pr\u00e4sentation als Armutszeugnis f\u00fcr die Autonomie.\" href=\"https:\/\/www.brennerbasisdemokratie.eu\/?p=98393\"><span style=\"color: #ff8c00\"><code>01<\/code><\/span><\/a> <a title=\"Fehlendes Deutsch: LH \u00fcbernimmt absurde Ausrede von Trenitalia.\" href=\"https:\/\/www.brennerbasisdemokratie.eu\/?p=98670\"><span style=\"color: #ff8c00\"><code>02<\/code><\/span><\/a><\/p>","protected":false},"excerpt":{"rendered":"<p>Auf zwei unterschiedliche Landtagsanfragen der STF (Nr. 1275\/25 und 1277\/25), mit denen \u2014 wie so oft \u2014 die mangelnde Zweisprachigkeit (aka mangelnde Deutschsprachigkeit) und damit die Missachtung des Rechts auf Gebrauch der Muttersprache bei NISF und Einnahmenagentur thematisiert wurde, hat Landeshauptmann Arno Kompatscher (SVP) neulich folgenderma\u00dfen geantwortet: Nach Auskunft des Nationalen Instituts f\u00fcr Sozialf\u00fcrsorge (NISF) [&hellip;]<\/p>","protected":false},"author":1,"featured_media":0,"comment_status":"open","ping_status":"open","sticky":false,"template":"","format":"standard","meta":{"_crdt_document":"","ngg_post_thumbnail":0,"_jetpack_memberships_contains_paid_content":false,"footnotes":""},"categories":[1],"tags":[],"class_list":["post-98377","post","type-post","status-publish","format-standard","hentry","category-allgemein","entity-einnahmenagentur","entity-landesregierung","entity-nisf","entity-stf","entity-sudtiroler-landtag","entity-svp","issue-bilinguismo-negato","issue-italianizzazione","issue-zitac","location-italy","location-sudtirolo","language-deutsch","person-arno-kompatscher","topic-minderheitenschutz","topic-minorisaziun","topic-plurilinguism","topic-politik","topic-servicepublic","topic-vorzeigeautonomie"],"jetpack_featured_media_url":"","jetpack_sharing_enabled":true,"_links":{"self":[{"href":"https:\/\/www.brennerbasisdemokratie.eu\/index.php?rest_route=\/wp\/v2\/posts\/98377","targetHints":{"allow":["GET"]}}],"collection":[{"href":"https:\/\/www.brennerbasisdemokratie.eu\/index.php?rest_route=\/wp\/v2\/posts"}],"about":[{"href":"https:\/\/www.brennerbasisdemokratie.eu\/index.php?rest_route=\/wp\/v2\/types\/post"}],"author":[{"embeddable":true,"href":"https:\/\/www.brennerbasisdemokratie.eu\/index.php?rest_route=\/wp\/v2\/users\/1"}],"replies":[{"embeddable":true,"href":"https:\/\/www.brennerbasisdemokratie.eu\/index.php?rest_route=%2Fwp%2Fv2%2Fcomments&post=98377"}],"version-history":[{"count":5,"href":"https:\/\/www.brennerbasisdemokratie.eu\/index.php?rest_route=\/wp\/v2\/posts\/98377\/revisions"}],"predecessor-version":[{"id":98674,"href":"https:\/\/www.brennerbasisdemokratie.eu\/index.php?rest_route=\/wp\/v2\/posts\/98377\/revisions\/98674"}],"wp:attachment":[{"href":"https:\/\/www.brennerbasisdemokratie.eu\/index.php?rest_route=%2Fwp%2Fv2%2Fmedia&parent=98377"}],"wp:term":[{"taxonomy":"category","embeddable":true,"href":"https:\/\/www.brennerbasisdemokratie.eu\/index.php?rest_route=%2Fwp%2Fv2%2Fcategories&post=98377"},{"taxonomy":"post_tag","embeddable":true,"href":"https:\/\/www.brennerbasisdemokratie.eu\/index.php?rest_route=%2Fwp%2Fv2%2Ftags&post=98377"}],"curies":[{"name":"wp","href":"https:\/\/api.w.org\/{rel}","templated":true}]}}