{"id":98393,"date":"2026-03-11T21:55:38","date_gmt":"2026-03-11T20:55:38","guid":{"rendered":"https:\/\/www.brennerbasisdemokratie.eu\/?p=98393"},"modified":"2026-03-12T22:02:04","modified_gmt":"2026-03-12T21:02:04","slug":"regionaldirektion-der-einnahmenagentur-prasentation-als-armutszeugnis-fur-die-autonomie","status":"publish","type":"post","link":"https:\/\/www.brennerbasisdemokratie.eu\/?p=98393","title":{"rendered":"Regionaldirektion der Einnahmenagentur: Pr\u00e4sentation als Armutszeugnis f\u00fcr die Autonomie."},"content":{"rendered":"<p>Gestern wurde im Palais Widmann die neue Regionaldirektion der Einnahmenagentur f\u00fcr Trentino-S\u00fcdtirol vorgestellt, der fortan die zwei Landesdirektionen unterstellt sein werden.&nbsp;In einer <a title=\"LPA: Agentur der Einnahmen st\u00e4rkt\u2026\" href=\"https:\/\/news.provinz.bz.it\/de\/news\/agentur-der-einnahmen-starkt-ihre-prasenz-in-sudtirol\" target=\"_blank\" rel=\"noopener\">Pressemitteilung<\/a> des Landes wird das explizit als St\u00e4rkung der Pr\u00e4senz dieser staatlichen Beh\u00f6rde in S\u00fcdtirol gefeiert.<\/p>\n<p>Dabei h\u00e4tte die Einnahmenagentur in S\u00fcdtirol schon vor \u00fcber zehn Jahren in die autonome Zust\u00e4ndigkeit \u00fcbergehen sollen. Mit dem 30. Juni 2014 gab es daf\u00fcr sogar bereits einen genauen Termin. Doch obwohl alles in trockenen T\u00fcchern zu sein schien, verstrich dieses Datum, <a title=\"Agentur der misslungenen \u00dcbernahme.\" href=\"https:\/\/www.brennerbasisdemokratie.eu\/?p=33522\">ohne dass es jemals zu einer tats\u00e4chlichen Umsetzung des Vorhabens gekommen w\u00e4re.<\/a><\/p>\n<p>Dazu <a title=\"Einnahmen, versp\u00e4tete Halbzust\u00e4ndigkeit.\" href=\"https:\/\/www.brennerbasisdemokratie.eu\/?p=27344\">schrieb<\/a> die <abbr title=\"S\u00fcdtiroler Wirtschaftszeitung\">SWZ<\/abbr> im M\u00e4rz 2016:<\/p>\n<blockquote><p>Fakt ist, dass laut Absatz 515 des Stabilit\u00e4tsgesetzes 2014 [\u2026] die Delegierung der Zust\u00e4ndigkeit innerhalb (sic) 30. Juni 2014 h\u00e4tte erfolgen sollen. Doch Papier ist geduldig, zumal das Papier, auf dem italienische Gesetze geschrieben werden. Mit dem Stabilit\u00e4tsgesetz 2016 wurde die Frist auf 31. Dezember 2016 verl\u00e4ngert.<\/p>\n<p><em><small>\u2013 SWZ 09\/16<\/small><\/em><\/p><\/blockquote>\n<p>Auch das Jahresende 2016 ist aber unverrichteter Dinge verstrichen \u2014 und jetzt freut sich die Landesregierung sogar dar\u00fcber, dass der Zentralstaat hier noch m\u00e4chtiger wird.<\/p>\n<p>Maddalena Travaglini, die in der Pressemitteilung als \u00bbRegierungskommiss\u00e4rin des Landes S\u00fcdtirol\u00ab bezeichnet wird \u2014 als st\u00fcnde sie im Dienst der autonomen Verwaltung, anstatt <a title=\"Democrazia e prefetto si repugnano.\" href=\"https:\/\/www.brennerbasisdemokratie.eu\/?p=61517\">das genaue Gegenteil<\/a> zu sein, n\u00e4mlich eine Vertreterin der zentralstaatlichen Oberaufsicht \u2014, wird vielsagenderweise so zitiert:<\/p>\n<blockquote><p>Von einer St\u00e4rkung der staatlichen Verwaltungen im Gebiet (sic<sup class=\"modern-footnotes-footnote modern-footnotes-footnote--hover-on-desktop \" data-mfn=\"1\" data-mfn-post-scope=\"00000000000007e30000000000000000_98393\"><a href=\"javascript:void(0)\"  role=\"button\" aria-pressed=\"false\" aria-describedby=\"mfn-content-00000000000007e30000000000000000_98393-1\">1<\/a><\/sup><span id=\"mfn-content-00000000000007e30000000000000000_98393-1\" role=\"tooltip\" class=\"modern-footnotes-footnote__note\" tabindex=\"0\" data-mfn=\"1\">eine holprige \u00dcbersetzung von italienisch \u00bbterritorio\u00ab<\/span>) und von der Umsetzung von Funktionen, die eng mit dem Autonomiestatut verbunden sind, sprach in ihrem Beitrag auch Regierungskommiss\u00e4rin Maddalena Travaglini.<\/p>\n<p><em><small>\u2013 LPA-Pressemitteilung<\/small><\/em><\/p><\/blockquote>\n<p>Doch nicht nur die Freude \u00fcber den Ausbau zentralstaatlicher Pr\u00e4senz im Lande ist erstaunlich, sondern auch noch einige weitere Details.<\/p>\n<blockquote><p><img loading=\"lazy\" decoding=\"async\" class=\"size-full wp-image-98394 aligncenter\" src=\"https:\/\/www.brennerbasisdemokratie.eu\/wp-content\/uploads\/2026\/03\/einnahmenagentur_vorstellung-regionaldirektion.jpg\" alt=\"\" width=\"950\" height=\"560\" srcset=\"https:\/\/www.brennerbasisdemokratie.eu\/wp-content\/uploads\/2026\/03\/einnahmenagentur_vorstellung-regionaldirektion.jpg 950w, https:\/\/www.brennerbasisdemokratie.eu\/wp-content\/uploads\/2026\/03\/einnahmenagentur_vorstellung-regionaldirektion-768x453.jpg 768w\" sizes=\"auto, (max-width: 950px) 100vw, 950px\" \/><\/p><\/blockquote>\n<p><span style=\"color: #808080;\"><small><em>Foto: LPA\/Fabio Brucculeri \u2013 von mir zugeschnitten<\/em><\/small><\/span><\/p>\n<p>So hatte Landeshauptmann Arno Kompatscher (<abbr title=\"S\u00fcdtiroler Volkspartei\">SVP<\/abbr>) in Beantwortung einer Landtagsanfrage <a title=\"Ewig verz\u00f6gerte Zweisprachigkeit.\" href=\"https:\/\/www.brennerbasisdemokratie.eu\/?p=98377\">erst k\u00fcrzlich angegeben<\/a>, dass sich die mangelnde Zweisprachigkeit bei der Einnahmenagentur im Wesentlichen auf neue oder \u00fcberarbeitete Unterlagen beschr\u00e4nke, da es dort \u00bbinfolge des erforderlichen \u00dcbersetzungsaufwands\u00ab zu Verz\u00f6gerungen kommen k\u00f6nne. Gestern sa\u00df er aber&nbsp; \u2014 wie im obigen Bild ersichtlich \u2014 unweit eines Aufstellers mit der einsprachig italienischen Bezeichnung der Agentur, obwohl diese schon seit Jahren auch ein offizielles deutsches Logo (<a title=\"Agentur der Unversch\u00e4mtheiten.\" href=\"https:\/\/www.brennerbasisdemokratie.eu\/?p=24780\">vgl.<\/a>) besitzt.<\/p>\n<p>Diese Symbolik ist \u2014 \u00e4hnlich wie <a title=\"Pustertalbahn: Er\u00f6ffnung als Akt der Minorisierung.\" href=\"https:\/\/www.brennerbasisdemokratie.eu\/?p=97880\">beim k\u00fcrzlichen Auftritt von <abbr title=\"Landesrat\/-r\u00e4tin\">LR<\/abbr> Daniel Alfreider (SVP) mit <abbr title=\"Rete Ferroviaria Italiana\">RFI<\/abbr> in Schabs<\/a> \u2014 ein Unding, denn damit wird von h\u00f6chster Ebene signalisiert: Es ist in Ordnung, wenn ihr unsere (auf dem Papier eigentlich gleichgestellte) Sprache systematisch marginalisiert. Und wenn das der Landeshauptmann akzeptiert, warum sollten es denn nicht auch die B\u00fcrgerinnen dulden m\u00fcssen?<\/p>\n<p>Nicht zuletzt wurde sowohl im Titel der Veranstaltung (s. obiges Bild) als auch in der gesamten Pressemitteilung \u2014 selbst im deutschen Wortlaut \u2014 f\u00fcr S\u00fcdtirol in der Regionsbezeichnung der im Faschismus oktroyierte Landesname verwendet, und das auch noch in der Reihung Italienisch-Deutsch: Trentino-A. Adige\/S\u00fcdtirol. Ist das schon ein Vorbote der ach so tollen, aber noch gar nicht in Kraft getretenen Autonomiereform, die den Namen der Region <a title=\"Die Tabubr\u00fcche der SVP.\" href=\"https:\/\/www.brennerbasisdemokratie.eu\/?p=93029\">bekanntlich<\/a> auch in der deutschen Fassung des Autonomiestatuts \u00bbtolomeisch\u00ab italianisieren wird?<\/p>\n<p><strong><span style=\"font-family: Helvetica, Arial, sans-serif; text-transform: uppercase;\">C\u00ebla enghe:<\/span><\/strong> <a title=\"Autonomia finanziaria senza autonomia tributaria.\" href=\"https:\/\/www.brennerbasisdemokratie.eu\/?p=95223\"><code>01<\/code><\/a><\/p>\n<ul class=\"modern-footnotes-list modern-footnotes-list--show-only-for-print\"><li><span>1<\/span><div>eine holprige \u00dcbersetzung von italienisch \u00bbterritorio\u00ab<\/div><\/li><\/ul>","protected":false},"excerpt":{"rendered":"<p>Gestern wurde im Palais Widmann die neue Regionaldirektion der Einnahmenagentur f\u00fcr Trentino-S\u00fcdtirol vorgestellt, der fortan die zwei Landesdirektionen unterstellt sein werden.&nbsp;In einer Pressemitteilung des Landes wird das explizit als St\u00e4rkung der Pr\u00e4senz dieser staatlichen Beh\u00f6rde in S\u00fcdtirol gefeiert. Dabei h\u00e4tte die Einnahmenagentur in S\u00fcdtirol schon vor \u00fcber zehn Jahren in die autonome Zust\u00e4ndigkeit \u00fcbergehen sollen. [&hellip;]<\/p>","protected":false},"author":1,"featured_media":0,"comment_status":"open","ping_status":"open","sticky":false,"template":"","format":"standard","meta":{"_crdt_document":"","ngg_post_thumbnail":0,"_jetpack_memberships_contains_paid_content":false,"footnotes":""},"categories":[1],"tags":[],"class_list":["post-98393","post","type-post","status-publish","format-standard","hentry","category-allgemein","entity-einnahmenagentur","entity-land-sudtirol","entity-landesregierung","entity-regierungskommissariat","entity-region-sudtirol-trentino","entity-staat-italien","entity-svp","issue-autonomiereform","issue-bilinguismo-negato","issue-italianizzazione","issue-zitac","location-italy","location-sudtirolo","location-trentino","language-deutsch","medium-lpa","medium-swz","person-arno-kompatscher","person-daniel-alfreider","person-ettore-tolomei","topic-colonialismi","topic-minderheitenschutz","topic-minorisaziun","topic-ortsnamen","topic-plurilinguism","topic-politik","topic-servicepublic","topic-symbolik","topic-vorzeigeautonomie","topic-zentralismus"],"jetpack_featured_media_url":"","jetpack_sharing_enabled":true,"_links":{"self":[{"href":"https:\/\/www.brennerbasisdemokratie.eu\/index.php?rest_route=\/wp\/v2\/posts\/98393","targetHints":{"allow":["GET"]}}],"collection":[{"href":"https:\/\/www.brennerbasisdemokratie.eu\/index.php?rest_route=\/wp\/v2\/posts"}],"about":[{"href":"https:\/\/www.brennerbasisdemokratie.eu\/index.php?rest_route=\/wp\/v2\/types\/post"}],"author":[{"embeddable":true,"href":"https:\/\/www.brennerbasisdemokratie.eu\/index.php?rest_route=\/wp\/v2\/users\/1"}],"replies":[{"embeddable":true,"href":"https:\/\/www.brennerbasisdemokratie.eu\/index.php?rest_route=%2Fwp%2Fv2%2Fcomments&post=98393"}],"version-history":[{"count":10,"href":"https:\/\/www.brennerbasisdemokratie.eu\/index.php?rest_route=\/wp\/v2\/posts\/98393\/revisions"}],"predecessor-version":[{"id":98431,"href":"https:\/\/www.brennerbasisdemokratie.eu\/index.php?rest_route=\/wp\/v2\/posts\/98393\/revisions\/98431"}],"wp:attachment":[{"href":"https:\/\/www.brennerbasisdemokratie.eu\/index.php?rest_route=%2Fwp%2Fv2%2Fmedia&parent=98393"}],"wp:term":[{"taxonomy":"category","embeddable":true,"href":"https:\/\/www.brennerbasisdemokratie.eu\/index.php?rest_route=%2Fwp%2Fv2%2Fcategories&post=98393"},{"taxonomy":"post_tag","embeddable":true,"href":"https:\/\/www.brennerbasisdemokratie.eu\/index.php?rest_route=%2Fwp%2Fv2%2Ftags&post=98393"}],"curies":[{"name":"wp","href":"https:\/\/api.w.org\/{rel}","templated":true}]}}