{"id":98410,"date":"2026-03-12T15:45:28","date_gmt":"2026-03-12T14:45:28","guid":{"rendered":"https:\/\/www.brennerbasisdemokratie.eu\/?p=98410"},"modified":"2026-04-02T11:25:44","modified_gmt":"2026-04-02T09:25:44","slug":"mit-grun-weis-rot-alles-im-lot","status":"publish","type":"post","link":"https:\/\/www.brennerbasisdemokratie.eu\/?p=98410","title":{"rendered":"Mit Gr\u00fcn-Wei\u00df-Rot alles im Lot."},"content":{"rendered":"<p>In der <a title=\"Weinstra\u00dfe: Lieber tot als Gr\u00fcn-Wei\u00df-Rot.\" href=\"https:\/\/www.dieweinstrasse.bz\/fileadmin\/userdaten\/dokumente\/archiv\/2026\/26_03.pdf\" target=\"_blank\" rel=\"noopener\">M\u00e4rzausgabe<\/a> der <em>Weinstra\u00dfe,<\/em> \u00bberste unabh\u00e4ngige Zeitschrift f\u00fcrs \u00dcberetsch, Unterland und Etschtal\u00ab, ist unter dem Titel <em>Lieber tot als Gr\u00fcn-Wei\u00df-Rot<\/em> ein Beitrag erschienen, den man als Bilderbuchbeispiel f\u00fcr <a title=\"Banaler Nationalismus.\" href=\"https:\/\/www.brennerbasisdemokratie.eu\/?p=66863\">banalen Nationalismus<\/a> bezeichnen k\u00f6nnte. Daf\u00fcr ist kennzeichnend, dass der Nationalismus etablierter Staaten als nahezu gottgegeben hingenommen und normalisiert \u2014 wenn nicht gar ganz \u00fcbersehen \u2014 und jedenfalls kaum hinterfragt wird.<\/p>\n<p>Als Minderheit in einem fremden Nationalstaat h\u00e4tte man jedoch eigentlich das n\u00f6tige Instrumentarium zur Verf\u00fcgung, um dies zu durchschauen, was der anonymen Autorin des Beitrags aber ganz offensichtlich nicht gelingen mag.<\/p>\n<p>Ich greife hier mehrere Zitate aus dem Text heraus, um sie kurz zu kommentieren:<\/p>\n<blockquote><p>Es gibt Dinge, die sind in S\u00fcdtirol absolut verl\u00e4sslich: der G\u00e4steandrang am Pragser Wildsee, die einspurigen Fahrbahnen auf der A22 und die patriotische Hektik, sobald irgendwo ein sportliches Gro\u00dfereignis auf dem Programm steht. Da werden Athleten und Athletinnen binnen Sekunden vom Individuum zur wandelnden Litfa\u00dfs\u00e4ule f\u00fcr nationalistische Befindlichkeiten.<\/p>\n<p><em><small>\u2013 Die Weinstra\u00dfe, M\u00e4rz 2026 (anonymer Beitrag)<\/small><\/em><\/p><\/blockquote>\n<p>Das \u00bbkleine\u00ab Detail, das hier \u00fcbersehen wird, ist, dass Athletinnen bei solchen Gro\u00dfereignissen per se keine Individuen sind \u2014 <a title=\"Kollektiv gewinnen, individuell versagen.\" href=\"https:\/\/www.brennerbasisdemokratie.eu\/?p=18390\">es sei denn sie verlieren<\/a> \u2014, sondern ohnehin \u00bbwandelnde Litfa\u00dfs\u00e4ulen f\u00fcr nationalistische Befindlichkeiten\u00ab. Daf\u00fcr ist gar keine \u00bbpatriotische Hektik\u00ab in S\u00fcdtirol n\u00f6tig, daf\u00fcr sorgen der durch und durch politische Staatsnationalismus und die Logik der meisten gro\u00dfen Sportveranstaltungen bereits von sich aus. Minderheiten haben h\u00f6chstens die M\u00f6glichkeit, sich gegen diese Vereinnahmung zur Wehr (und damit einen schwachen Kontrapunkt) zu setzen.<\/p>\n<blockquote><p>Auch im Vorfeld der Olympischen Winterspiele wurde eines der Lieblingsthemen bem\u00fcht: die Sportautonomie. Ein Steckenpferd der 360\u00b0-Sezessionsfans, das noch immer nicht zu Tode geritten ist. Endlich Schluss damit, dass \u201eunsere\u201c Athleten und Athletinnen von einem fremden Staat vereinnahmt werden!<\/p>\n<p><em><small>\u2013 Die Weinstra\u00dfe, M\u00e4rz 2026 (anonymer Beitrag)<\/small><\/em><\/p><\/blockquote>\n<p>Die Sportautonomie, wie sie andere Minderheiten teilweise l\u00e4ngst haben, w\u00e4re tats\u00e4chlich eine gute M\u00f6glichkeit, dem banalen, kolonialisierenden und die Assimilierung f\u00f6rdernden Staatsnationalismus zu entkommen. Diese Wirkung zu leugnen oder gar nicht erst wahrzunehmen bringt niemanden weiter, wiewohl sich <a title=\"Sport ist nicht unpolitisch.\" href=\"https:\/\/www.brennerbasisdemokratie.eu\/?p=98142\">die M\u00e4r vom angeblich unpolitischen Sport<\/a> beharrlich h\u00e4lt.<\/p>\n<blockquote><p>Dass sie dort vielleicht bessere Trainingsm\u00f6glichkeiten und gr\u00f6\u00dfere F\u00f6rderung erhalten, ist genauso ein Nebenschauplatz wie die Meinung der Athleten und Athletinnen selbst.<\/p>\n<p><em><small>\u2013 Die Weinstra\u00dfe, M\u00e4rz 2026 (anonymer Beitrag)<\/small><\/em><\/p><\/blockquote>\n<p>Bessere Trainingsm\u00f6glichkeiten und gr\u00f6\u00dfere F\u00f6rderung erhalten S\u00fcdtiroler Athletinnen \u2014 wenn \u00fcberhaupt \u2014 in dem Ma\u00dfe, in dem sie sich nationalistisch unterordnen und eine politische Aufgabe erf\u00fcllen. Dies zu verkennen, w\u00e4re blau\u00e4ugig. Dass hier ausgerechnet \u00bbdie Meinung der Athleten und Athletinnen selbst\u00ab angesprochen wird, ist diesbez\u00fcglich wohl ein schlechter Witz: im jetzt und heute z\u00e4hlt die Meinung der Athletinnen null. Sie werden vom Staat, politischen Akteuren und Medien ungefragt f\u00fcr ihre Ziele vereinnahmt und abgestraft, wenn auch nur der leiseste Zweifel an ihrer bedingungslosen Loyalit\u00e4t entsteht \u2014 f\u00fcr oder gegen die sie sich nie frei entscheiden konnten. Mitunter reicht es, dass sie ihre Muttersprache sprechen, <a title=\"Shitstorm wegen ladinischem Interview.\" href=\"https:\/\/www.brennerbasisdemokratie.eu\/?p=97469\">um gesellschaftlich sanktioniert zu werden.<\/a><\/p>\n<p>Autonome Teams w\u00fcrden nicht nur schon <em>per se<\/em> S\u00fcdtirol mit all seinen Besonderheiten und der sprachlichen Vielfalt repr\u00e4sentieren (<a title=\"4 \u00d7 Mehrsprachigkeit.\" href=\"https:\/\/www.brennerbasisdemokratie.eu\/?p=35890\">vgl.<\/a>), sondern k\u00f6nnten Athletinnen im Idealfall sogar noch die freie Wahl zwischen einer Teilnahme unter gr\u00fcnwei\u00dfroter oder Landesflagge erlauben. Das sieht der j\u00fcngst im Landtag behandelte Vorschlag sogar ausdr\u00fccklich vor.<\/p>\n<p>Damit l\u00e4uft auch dieser Vorwurf total ins Leere:<\/p>\n<blockquote><p>Die Empfindungen der italienischsprachigen Athletenschar S\u00fcdtirols bez\u00fcglich der Flagge lassen sie vollkommen au\u00dfer Acht und damit sind sie nicht anders, als diejenigen, die sie kritisieren.<\/p>\n<p><em><small>\u2013 Die Weinstra\u00dfe, M\u00e4rz 2026 (anonymer Beitrag)<\/small><\/em><\/p><\/blockquote>\n<p>Auch sie h\u00e4tten dann Wahlfreiheit. Lustig finde ich aber, dass die Empfindungen der italienischsprachigen Athletinnen thematisiert werden, w\u00e4hrend die der deutsch- und ladinischsprachigen vom Tisch gefegt werden.<\/p>\n<p>Auf den Untertitel <em>Der neue De Coubertin: Nicht dabei sein ist alles<\/em> folgt dann unter anderem diese Perle:<\/p>\n<blockquote><p>Man stelle sich die M\u00f6glichkeiten der S\u00fcdtiroler Eigenst\u00e4ndigkeit vor: Ein eigenes WM- oder Olympiateam, bestehend aus zwei Skifahrern, einer Biathletin beziehungsweise \u2013 weil es ja nicht nur Wintersport gibt &#8211; einer Leichtathletin und dem Cousin der Landtagsabgeordneten, der irgendwas wie Fliegenfischen macht. Wenn man am Ende keine Medaille holt oder gar nicht teilnehmen kann, verk\u00fcndet man einfach stolz, dass man wenigstens in Vertretung S\u00fcdtirols erfolglos war.<\/p>\n<p><em><small>\u2013 Die Weinstra\u00dfe, M\u00e4rz 2026 (anonymer Beitrag)<\/small><\/em><\/p><\/blockquote>\n<p>Wenn man schon \u00bbdabei sein ist alles\u00ab zitiert, ist es absurd und widersinnig, auf zu kleine Teams oder auf entgehende Medaillen zu verweisen \u2014 das ohnehin ausgelutschte und an der Realit\u00e4t vorbeif\u00fchrende Motto will n\u00e4mlich gerade darauf hinweisen, dass Erfolge nicht alles seien. Der Meinung der Autorin folgend m\u00fcssen wir also auch noch froh sein, von einem gr\u00f6\u00dferen Staat erobert worden zu sein. Das ist nicht nur haneb\u00fcchen und unsportlich, sondern auch noch eine Herabw\u00fcrdigung von Athletinnen (Individuen!?) aus kleineren Staaten. Vielleicht sollte man ihnen empfehlen, die Staatsb\u00fcrgerinnenschaft von Staaten mit \u00bbbesseren Trainingsm\u00f6glichkeiten und gr\u00f6\u00dferer F\u00f6rderung\u00ab anzunehmen, um dem traurigen Schicksal ihrer Heimatstaaten zu entrinnen? Oder sollte man kleineren L\u00e4ndern wie Irland empfehlen, sich wieder kolonisieren zu lassen, wegen der sportlichen Synergieeffekte?<\/p>\n<blockquote><p>W\u00e4hrend die Athleten und Athletinnen versuchen, in einem globalisierten Hochleistungssystem zu bestehen und \u2013 wieso nicht \u2013 ihren Lebensunterhalt zu bestreiten, werden sie daheim in symbolische Dirndl und Lederhosen gezw\u00e4ngt. Ihre Erfolge sind dann kollektiver Besitz S\u00fcdtirols und ihre Niederlagen Schuld des \u201eBesatzerstaates\u201c.<\/p>\n<p><em><small>\u2013 Die Weinstra\u00dfe, M\u00e4rz 2026 (anonymer Beitrag)<\/small><\/em><\/p><\/blockquote>\n<p>Sport und Politik sind im Hier und Jetzt nicht blo\u00df nicht getrennt, sondern eine schwer entflechtbare Symbiose eingegangen. Zur\u00fcck also zur Definition von banalem Nationalismus: Hier wird verkannt oder vielleicht sogar bewusst versteckt, dass Athletinnen heute in reale und keineswegs nur symbolische Nationalflaggen geradezu eingepackt werden. Mir pers\u00f6nlich w\u00e4re <a title=\"Weg mit den Hymnen!\" href=\"https:\/\/www.brennerbasisdemokratie.eu\/?p=30431\">eine Abschaffung von Flaggen und Hymnen<\/a> am liebsten, doch als Minderheit <a title=\"Minderheiten und Identit\u00e4t.\" href=\"https:\/\/www.brennerbasisdemokratie.eu\/?p=48613\">muss man leider \u00f6fter in Kategorien denken und argumentieren, die von au\u00dfen aufgezw\u00e4ngt werden.<\/a><\/p>\n<p>Exkludierend und Vielfalt unterdr\u00fcckend sind \u00fcbrigens die heutigen Gro\u00dfveranstaltungen, wenn sie \u2014 wie bei Olympia \u2014 <a title=\"Olympia: Katalanische Flaggen beschlagnahmt.\" href=\"https:\/\/www.brennerbasisdemokratie.eu\/?p=98209\">das Schwenken von Regionalflaggen<\/a> verbieten oder <a title=\"Olympia und die Vielfalt.\" href=\"https:\/\/www.brennerbasisdemokratie.eu\/?p=63660\">Minderheitensprachen ausblenden und marginalisieren.<\/a><\/p>\n<blockquote><p>Viele erfolgreiche Sportler und Sportlerinnen S\u00fcdtirols, die einen Individualsport betreiben, profitieren davon bei der Sportgruppe der Carabinieri oder der Finanzpolizei zu sein. Die Einzahlung in den Rentenfond ist damit garantiert und sie haben alle Freiheiten ihrem Trainingsprogramm nachzugehen.<\/p>\n<p>Die S\u00fcdtiroler Sportautonomist:innen haben nat\u00fcrlich auch an das gedacht: Aufnahme in den Landesdienst. Ja klar, das ist ja so einfach. Stellenplan, Wettbewerb \u2013 pfeif drauf. Zweisprachigkeitsnachweis \u2013 \u00fcberbewertet. Dauernde Abwesenheit vom Dienst aufgrund der Trainings- und Wettkampft\u00e4tigkeit \u2013 da dr\u00fccken wir ein Auge zu. Mit dem olympischen Prinzip, dabei sein ist alles, w\u00fcrden sich aber weder Justitia noch der Rechnungshof beschwichtigen lassen.<\/p>\n<p><em><small>\u2013 Die Weinstra\u00dfe, M\u00e4rz 2026 (anonymer Beitrag)<\/small><\/em><\/p><\/blockquote>\n<p>Dieser Abschluss ist ein klassisches Angstargument, das aber keinerlei Fundament hat. Warum sollten Stellenplan, Wettbewerb, Zweisprachigkeitsnachweis und Abwesenheit vom Dienst beim Land ein un\u00fcberwindbares Problem darstellen, das Justitia und Rechnungshof besch\u00e4ftigen w\u00fcrde, w\u00e4hrend es bei Carabinieri und Finanzpolizei ohne mit der Wimper zu zucken m\u00f6glich ist? Das wird nicht erkl\u00e4rt und ist auch nicht erkl\u00e4rbar.<\/p>\n<p>Ein Neofaschist wie Alessandro Urz\u00ec (<abbr title=\"Fratelli d\u2019Italia\">FdI<\/abbr>) h\u00e4tte das alles nicht sch\u00f6ner schreiben k\u00f6nnen, aber vermutlich f\u00fchlt sich die Autorin des Textes auch noch besonders progressiv und alternativ.<\/p>\n<p><strong><span style=\"font-family: Helvetica, Arial, sans-serif; text-transform: uppercase;\">C\u00ebla enghe:<\/span><\/strong> <a title=\"Athletinnen in politischer Geiselhaft.\" href=\"https:\/\/www.brennerbasisdemokratie.eu\/?p=98230\"><code>01<\/code><\/a> <a title=\"Galateo und Bianchi f\u00fcr olympische Friedhofsruhe.\" href=\"https:\/\/www.brennerbasisdemokratie.eu\/?p=98165\"><code>02<\/code><\/a>&nbsp;<a title=\"L\u2019Italia chiam\u00f2! S\u00ec!\" href=\"https:\/\/www.brennerbasisdemokratie.eu\/?p=98120\"><code>03<\/code><\/a> <a title=\"Italianissimi malgrado.\" href=\"https:\/\/www.brennerbasisdemokratie.eu\/?p=18201\"><code>04<\/code><\/a> <a title=\"Olympiaprotest in Anpezo auf Erfolgskurs.\" href=\"https:\/\/www.brennerbasisdemokratie.eu\/?p=97463\"><code>05<\/code><\/a> <a title=\"Er und der Nationalismus.\" href=\"https:\/\/www.brennerbasisdemokratie.eu\/?p=95701\"><code>06<\/code><\/a> <a title=\"Aufgezwungene Identit\u00e4ten.\" href=\"https:\/\/www.brennerbasisdemokratie.eu\/?p=88122\"><code>07<\/code><\/a> <a title=\"Tsch\u00f6ggl.\" href=\"https:\/\/www.brennerbasisdemokratie.eu\/?p=9457\"><code>08<\/code><\/a> <span style=\"font-family: Helvetica, Arial, sans-serif; font-weight: normal;\">|<\/span> <a title=\"Folgenreiche nationalistische Sportberichterstattung.\" href=\"https:\/\/www.brennerbasisdemokratie.eu\/?p=84281\"><span style=\"text-decoration:underline; text-decoration-color:#4372a6; text-decoration-thickness:3px;\"><code>09<\/code><\/span><\/a> <span style=\"font-family: Helvetica, Arial, sans-serif; font-weight: normal;\">||<\/span> <a title=\"Fu\u00dfball: Italien raus, Politik rein.\" href=\"https:\/\/www.brennerbasisdemokratie.eu\/?p=98700\"><span style=\"color: #ff8c00\"><code>01<\/code><\/span><\/a><\/p>","protected":false},"excerpt":{"rendered":"<p>In der M\u00e4rzausgabe der Weinstra\u00dfe, \u00bberste unabh\u00e4ngige Zeitschrift f\u00fcrs \u00dcberetsch, Unterland und Etschtal\u00ab, ist unter dem Titel Lieber tot als Gr\u00fcn-Wei\u00df-Rot ein Beitrag erschienen, den man als Bilderbuchbeispiel f\u00fcr banalen Nationalismus bezeichnen k\u00f6nnte. Daf\u00fcr ist kennzeichnend, dass der Nationalismus etablierter Staaten als nahezu gottgegeben hingenommen und normalisiert \u2014 wenn nicht gar ganz \u00fcbersehen \u2014 und [&hellip;]<\/p>","protected":false},"author":1,"featured_media":0,"comment_status":"open","ping_status":"open","sticky":false,"template":"","format":"standard","meta":{"_crdt_document":"","ngg_post_thumbnail":0,"_jetpack_memberships_contains_paid_content":false,"footnotes":""},"categories":[1],"tags":[],"class_list":["post-98410","post","type-post","status-publish","format-standard","hentry","category-allgemein","entity-carabinieri","entity-finanzpolizei","entity-land-sudtirol","entity-staat-italien","issue-assimilierung","issue-banalnationalism","issue-medienkritik","issue-olympia-2026","issue-zitac","location-italy","location-sudtirolo","language-deutsch","topic-colonialismi","topic-minorisaziun","topic-nationalismus","topic-plurilinguism","topic-politik","topic-sport"],"jetpack_featured_media_url":"","jetpack_sharing_enabled":true,"_links":{"self":[{"href":"https:\/\/www.brennerbasisdemokratie.eu\/index.php?rest_route=\/wp\/v2\/posts\/98410","targetHints":{"allow":["GET"]}}],"collection":[{"href":"https:\/\/www.brennerbasisdemokratie.eu\/index.php?rest_route=\/wp\/v2\/posts"}],"about":[{"href":"https:\/\/www.brennerbasisdemokratie.eu\/index.php?rest_route=\/wp\/v2\/types\/post"}],"author":[{"embeddable":true,"href":"https:\/\/www.brennerbasisdemokratie.eu\/index.php?rest_route=\/wp\/v2\/users\/1"}],"replies":[{"embeddable":true,"href":"https:\/\/www.brennerbasisdemokratie.eu\/index.php?rest_route=%2Fwp%2Fv2%2Fcomments&post=98410"}],"version-history":[{"count":8,"href":"https:\/\/www.brennerbasisdemokratie.eu\/index.php?rest_route=\/wp\/v2\/posts\/98410\/revisions"}],"predecessor-version":[{"id":98703,"href":"https:\/\/www.brennerbasisdemokratie.eu\/index.php?rest_route=\/wp\/v2\/posts\/98410\/revisions\/98703"}],"wp:attachment":[{"href":"https:\/\/www.brennerbasisdemokratie.eu\/index.php?rest_route=%2Fwp%2Fv2%2Fmedia&parent=98410"}],"wp:term":[{"taxonomy":"category","embeddable":true,"href":"https:\/\/www.brennerbasisdemokratie.eu\/index.php?rest_route=%2Fwp%2Fv2%2Fcategories&post=98410"},{"taxonomy":"post_tag","embeddable":true,"href":"https:\/\/www.brennerbasisdemokratie.eu\/index.php?rest_route=%2Fwp%2Fv2%2Ftags&post=98410"}],"curies":[{"name":"wp","href":"https:\/\/api.w.org\/{rel}","templated":true}]}}