{"id":98432,"date":"2026-03-13T10:23:15","date_gmt":"2026-03-13T09:23:15","guid":{"rendered":"https:\/\/www.brennerbasisdemokratie.eu\/?p=98432"},"modified":"2026-03-14T07:37:16","modified_gmt":"2026-03-14T06:37:16","slug":"die-falsche-debatte-uber-schwere-sprachen","status":"publish","type":"post","link":"https:\/\/www.brennerbasisdemokratie.eu\/?p=98432","title":{"rendered":"Die falsche Debatte \u00fcber \u203aschwere\u2039 Sprachen."},"content":{"rendered":"<!-- Snippets by WebberZone Snippetz --><div class=\"ata_snippets\"><hr style=\"height: 20px; border: none; margin-top: 0em; background-color: darkred;\"\/><\/div><p><em>von Stefan Luther<\/em><\/p>\n<p>Der <a title=\"TAZ: Einseitige Integration.\" href=\"https:\/\/www.tageszeitung.it\/2026\/03\/14\/einseitige-integration\/\" target=\"_blank\" rel=\"noopener\">Artikel<\/a> in der heutigen <em>Tageszeitung<\/em> (Seite 8) \u00fcber die angeblich \u00bbeinseitige Integration\u00ab von Migrantinnen und Migranten in S\u00fcdtirol verfehlt aus meiner Sicht den Kern des Problems. Die These, Italienisch werde deshalb bevorzugt, weil Deutsch zu schwierig sei, ist schlicht nicht plausibel. Migration folgt in erster Linie pragmatischen Regeln \u2014 und eine der wichtigsten lautet: Menschen lernen jene Sprache, die in der jeweiligen Gesellschaft dominant ist und ihnen im Alltag, auf dem Arbeitsmarkt und im Kontakt mit Beh\u00f6rden am meisten n\u00fctzt.<\/p>\n<p>Genau das passiert auch in S\u00fcdtirol. Italienisch ist die Staatssprache, sie dominiert in vielen Bereichen der Verwaltung, in nationalen Institutionen und (immer \u00f6fter) im \u00f6ffentlichen Leben. Wer neu ins Land kommt, orientiert sich daher rational an jener Sprache, die ihm die gr\u00f6\u00dften Chancen er\u00f6ffnet. Das hat nichts mit der vermeintlichen \u00bbSchwierigkeit\u00ab des Deutschen zu tun.<\/p>\n<p>Man kann diese Logik \u00fcberall beobachten. In der Deutschschweiz etwa lernen viele Migrantinnen und Migranten im Alltag Schweizerdeutsch. Wer dort unterwegs ist, stellt dies sofort fest. Niemand k\u00e4me ernsthaft auf die Idee, daraus abzuleiten, Schweizerdeutsch sei eine \u00bbleichtere\u00ab Sprache als Standarddeutsch. Migranten im Bundesland Tirol lernen ebenfalls Deutsch, trotz der Dominanz des Tiroler Dialektes im Alltag. Oder sind die Migrantinnen und Migranten in der Schweiz und im Bundesland Tirol etwa sprachbegabter als unsere? Es ist schlicht die Sprache der Umgebung \u2014 also diejenige, die man braucht, um im Alltag zurechtzukommen. Und was lernen Zugewanderte in Istrien? Italienisch oder doch Kroatisch?<\/p>\n<p>Die Schlussfolgerung ist klar: Migranten w\u00e4hlen ihre Integrationssprache nicht nach grammatischer Eleganz oder vermeintlicher Einfachheit. Sie w\u00e4hlen jene Sprache, die gesellschaftlich und institutionell die gr\u00f6\u00dfte Reichweite hat. Und das ist in S\u00fcdtirol eben das Italienische.<\/p>\n<p>Umso erstaunlicher ist es, wenn gerade Vertreter einer Minderheit diese Realit\u00e4t mit dem Argument erkl\u00e4ren, ihre eigene Sprache sei \u00bbzu schwierig\u00ab. Damit reproduziert man unfreiwillig (?) ein altes Stereotyp \u2014 und schw\u00e4cht das Anliegen, Migrant:innen zur Integration in die deutschsprachige Gesellschaft zu bewegen.<\/p>\n<p>Wenn man m\u00f6chte, dass mehr Zugewanderte Deutsch lernen, muss man nicht \u00fcber die Schwierigkeit der Sprache diskutieren. Entscheidend sind vielmehr Anreize, Sichtbarkeit und reale Verwendungsm\u00f6glichkeiten im Alltag.<\/p>\n<p>Integration folgt der Logik des Alltags. Wer diese Logik ignoriert, erkl\u00e4rt ein strukturelles Ph\u00e4nomen sachlich nicht zutreffend zu einem sprachlichen Problem.<\/p>\n<p><strong><span style=\"font-family: Helvetica, Arial, sans-serif; text-transform: uppercase;\">C\u00ebla enghe:<\/span><\/strong> <a title=\"\u2026schwere Sprache?\" href=\"https:\/\/www.brennerbasisdemokratie.eu\/?p=33890\"><code>01<\/code><\/a> <a title=\"Ausschlie\u00dfende \u203aIntegration\u2039.\" href=\"https:\/\/www.brennerbasisdemokratie.eu\/?p=14757\"><code>02<\/code><\/a> <a title=\"F\u00fcnfundneunzig Prozent.\" href=\"https:\/\/www.brennerbasisdemokratie.eu\/?p=85747\"><code>03<\/code><\/a> <a title=\"Sprachwechsel erschwert Integration.\" href=\"https:\/\/www.brennerbasisdemokratie.eu\/?p=15408\"><code>04<\/code><\/a> <a title=\"Per lavorare in Qu\u00e9bec servir\u00e0 un esame di francese.\" href=\"https:\/\/www.brennerbasisdemokratie.eu\/?p=97455\"><code>05<\/code><\/a><\/p>\n<!-- Snippets by WebberZone Snippetz --><div class=\"ata_snippets\"><hr style=\"height: 10px;border: none;margin-top: 0px;background-color: darkred\" \/>\r\n\r\n<div style=\"background-color: none;padding: 0px;font-size: 14px;font-family: Helvetica,Arial;margin: 10px 0px 0px 0px\"><span style=\"color: darkred\"><strong><small>Autor:innen- und Gastbeitr\u00e4ge widerspiegeln nicht notwendigerweise die Meinung oder die Position von BBD, so wie die jeweiligen Verfasser:innen nicht notwendigerweise die Ziele von BBD unterst\u00fctzen.<\/small><\/strong><small>\u00b7 I contributi esterni non necessariamente riflettono le opinioni o la posizione di BBD, come a loro volta le autrici\/gli autori non necessariamente condividono gli obiettivi di BBD. \u2014 <a href=\"http:\/\/www.brennerbasisdemokratie.eu\/?page_id=11356#copyleft\"><strong>\u00a9<\/strong><\/a><\/small><\/span><\/div><\/div>","protected":false},"excerpt":{"rendered":"<p>von Stefan Luther Der Artikel in der heutigen Tageszeitung (Seite 8) \u00fcber die angeblich \u00bbeinseitige Integration\u00ab von Migrantinnen und Migranten in S\u00fcdtirol verfehlt aus meiner Sicht den Kern des Problems. Die These, Italienisch werde deshalb bevorzugt, weil Deutsch zu schwierig sei, ist schlicht nicht plausibel. Migration folgt in erster Linie pragmatischen Regeln \u2014 und eine [&hellip;]<\/p>","protected":false},"author":10,"featured_media":0,"comment_status":"open","ping_status":"open","sticky":false,"template":"","format":"standard","meta":{"_crdt_document":"","ngg_post_thumbnail":0,"_jetpack_memberships_contains_paid_content":false,"footnotes":""},"categories":[751],"tags":[],"class_list":["post-98432","post","type-post","status-publish","format-standard","hentry","category-autorinnen-neu","issue-italianizzazione","issue-medienkritik","location-nord-osttirol","location-sudtirolo","location-svizra","language-deutsch","medium-taz","topic-comparatio","topic-kohasion","topic-lingaz","topic-migraziun","topic-minorisaziun"],"jetpack_featured_media_url":"","jetpack_sharing_enabled":true,"_links":{"self":[{"href":"https:\/\/www.brennerbasisdemokratie.eu\/index.php?rest_route=\/wp\/v2\/posts\/98432","targetHints":{"allow":["GET"]}}],"collection":[{"href":"https:\/\/www.brennerbasisdemokratie.eu\/index.php?rest_route=\/wp\/v2\/posts"}],"about":[{"href":"https:\/\/www.brennerbasisdemokratie.eu\/index.php?rest_route=\/wp\/v2\/types\/post"}],"author":[{"embeddable":true,"href":"https:\/\/www.brennerbasisdemokratie.eu\/index.php?rest_route=\/wp\/v2\/users\/10"}],"replies":[{"embeddable":true,"href":"https:\/\/www.brennerbasisdemokratie.eu\/index.php?rest_route=%2Fwp%2Fv2%2Fcomments&post=98432"}],"version-history":[{"count":3,"href":"https:\/\/www.brennerbasisdemokratie.eu\/index.php?rest_route=\/wp\/v2\/posts\/98432\/revisions"}],"predecessor-version":[{"id":98442,"href":"https:\/\/www.brennerbasisdemokratie.eu\/index.php?rest_route=\/wp\/v2\/posts\/98432\/revisions\/98442"}],"wp:attachment":[{"href":"https:\/\/www.brennerbasisdemokratie.eu\/index.php?rest_route=%2Fwp%2Fv2%2Fmedia&parent=98432"}],"wp:term":[{"taxonomy":"category","embeddable":true,"href":"https:\/\/www.brennerbasisdemokratie.eu\/index.php?rest_route=%2Fwp%2Fv2%2Fcategories&post=98432"},{"taxonomy":"post_tag","embeddable":true,"href":"https:\/\/www.brennerbasisdemokratie.eu\/index.php?rest_route=%2Fwp%2Fv2%2Ftags&post=98432"}],"curies":[{"name":"wp","href":"https:\/\/api.w.org\/{rel}","templated":true}]}}