{"id":98464,"date":"2026-03-15T21:04:54","date_gmt":"2026-03-15T20:04:54","guid":{"rendered":"https:\/\/www.brennerbasisdemokratie.eu\/?p=98464"},"modified":"2026-04-02T11:30:39","modified_gmt":"2026-04-02T09:30:39","slug":"minorisierte-sprachen-und-fusball","status":"publish","type":"post","link":"https:\/\/www.brennerbasisdemokratie.eu\/?p=98464","title":{"rendered":"Minorisierte Sprachen und Fu\u00dfball."},"content":{"rendered":"<p>Morgen und \u00fcbermorgen findet in Barcelona das zweite internationale <a title=\"Cartell.\" href=\"https:\/\/www.brennerbasisdemokratie.eu\/wp-content\/uploads\/2026\/03\/sgor2026_cartell-scaled.jpg\" target=\"_blank\" rel=\"noopener\">Symposium<\/a> \u00fcber minorisierte Sprachen und Fu\u00dfball statt, das von der katalanischen Sprach-<abbr title=\"Nichtregierungsorganisation\">NRO<\/abbr> <em>Plataforma per la llengua<\/em> mit Unterst\u00fctzung der <em>Generalitat de Catalunya<\/em> organisiert wird. Die erste Ausgabe hatte im M\u00e4rz 2025 in Cymru (<abbr title=\"also known as\">aka<\/abbr> Wales) stattgefunden.<\/p>\n<blockquote><p><img loading=\"lazy\" decoding=\"async\" class=\"size-full wp-image-98466 aligncenter\" src=\"https:\/\/www.brennerbasisdemokratie.eu\/wp-content\/uploads\/2026\/03\/sgor_lallenguaensfaguanyar.jpg\" alt=\"\" width=\"950\" height=\"285\" srcset=\"https:\/\/www.brennerbasisdemokratie.eu\/wp-content\/uploads\/2026\/03\/sgor_lallenguaensfaguanyar.jpg 950w, https:\/\/www.brennerbasisdemokratie.eu\/wp-content\/uploads\/2026\/03\/sgor_lallenguaensfaguanyar-768x230.jpg 768w\" sizes=\"auto, (max-width: 950px) 100vw, 950px\" \/><\/p><\/blockquote>\n<p><small><em>Das Motto der Veranstaltung: Die Sprache f\u00fchrt uns zum Sieg (\u00dcbersetzung von mir)<\/em><\/small><\/p>\n<p>Geplant sind \u00fcber den Zeitraum von zwei Tagen Konferenzen und runde Tische mit internationalen Teilnehmenden zu folgenden Themen:<\/p>\n<ul>\n<li>Die katalanische Sprache in der ersten Fu\u00dfballliga<\/li>\n<li>Sprachpolitik und Kommunikationspraxis von Fu\u00dfballclubs<\/li>\n<li>Sprachverhalten der Fangemeinschaften<\/li>\n<li>Aktivierung von Sprachgebrauch und Sprachaktivismus: Projekte und Initiativen in der Fu\u00dfballwelt<\/li>\n<li>Graswurzelfu\u00dfball als Werkzeug der sprachlichen Normalisierung<\/li>\n<li>Die Rolle der Medien und die Sportkommunikation f\u00fcr minorisierte Sprachen<\/li>\n<\/ul>\n<p><a title=\"SG\u00d4R: Programa.\" href=\"https:\/\/www.brennerbasisdemokratie.eu\/wp-content\/uploads\/2026\/03\/sgor2026_programa.pdf\" target=\"_blank\" rel=\"noopener\">Programm<\/a><\/p>\n<h6>FC S\u00fcdtirol<\/h6>\n<p>Im Themenblock zum Sprachverhalten der Fangemeinschaften ist auch ein Vortrag von Craig Willis \u00fcber \u00bbLadinisch, Deutsch und Italienisch unter den Fans des FC S\u00fcdtirol\u00ab (<a title=\"FC S\u00fcdtirol: Unity under one roof?\" href=\"https:\/\/www.eurac.edu\/en\/blogs\/eureka\/unity-under-one-roof-identity-and-language-in-the-context-of-fc-sudtirol-and-thei\" target=\"_blank\" rel=\"noopener\">vgl.<\/a>) vorgesehen. Willis ist Forscher am <em>European Center for Minority Issues<\/em> (ECMI) in Flensburg.<\/p>\n<p>Vielleicht kann aus der \u00bbVorzeigeautonomie\u00ab auch berichtet werden, dass hierzulande im Fu\u00dfball Italienisch <a title=\"Sport einsprachig.\" href=\"https:\/\/www.brennerbasisdemokratie.eu\/?p=19458\">die einzige Amtssprache<\/a> und <a title=\"Deutsch im Sport geduldet.\" href=\"https:\/\/www.brennerbasisdemokratie.eu\/?p=14774\">Deutsch h\u00f6chstens geduldet<\/a> ist. Daf\u00fcr sind aber <a title=\"Faschistengru\u00df in Sportst\u00e4tten erlaubt.\" href=\"https:\/\/www.brennerbasisdemokratie.eu\/?p=23345\">Faschogr\u00fc\u00dfe in Sportst\u00e4tten erlaubt<\/a>. Das wird die anderen Minderheiten sicherlich beeindrucken \u2014 fragt sich nur, wie positiv.<\/p>\n<p><strong><span style=\"font-family: Helvetica, Arial, sans-serif; text-transform: uppercase;\">C\u00ebla enghe:<\/span><\/strong> <a title=\"Champions League auf Katalanisch.\" href=\"https:\/\/www.brennerbasisdemokratie.eu\/?p=2271\"><code>01<\/code><\/a> <a title=\"Spotify dank Bar\u00e7a auf Katalanisch.\" href=\"https:\/\/www.brennerbasisdemokratie.eu\/?p=74389\"><code>02<\/code><\/a> <a title=\"Sport als Engagement.\" href=\"https:\/\/www.brennerbasisdemokratie.eu\/?p=741\"><code>03<\/code><\/a> <a title=\"Eine engagierte Sportlerin: Aitana Bonmat\u00ed.\" href=\"https:\/\/www.brennerbasisdemokratie.eu\/?p=90253\"><code>04<\/code><\/a> <a title=\"Wales will Cymru sein.\" href=\"https:\/\/www.brennerbasisdemokratie.eu\/?p=74978\"><code>05<\/code><\/a> <a title=\"Sport und Intoleranz.\" href=\"https:\/\/www.brennerbasisdemokratie.eu\/?p=14239\"><code>06<\/code><\/a> <span style=\"font-family: Helvetica, Arial, sans-serif; font-weight: normal;\">|<\/span> <a title=\"Benvenuti beim FC S\u00fcdtirol.\" href=\"https:\/\/www.brennerbasisdemokratie.eu\/?p=50360\"><code>07<\/code><\/a> <a title=\"Freude \u00fcber Italianisierung des FC S\u00fcdtirol.\" href=\"https:\/\/www.brennerbasisdemokratie.eu\/?p=97609\"><code>08<\/code><\/a> <a title=\"Tag+Nacht: FC S\u00fcdtirol und Sprache.\" href=\"https:\/\/www.brennerbasisdemokratie.eu\/?p=54754\"><code>09<\/code><\/a> <a title=\"FCS: Halb- und Unwahrheiten im Landtag.\" href=\"https:\/\/www.brennerbasisdemokratie.eu\/?p=51137\"><code>10<\/code><\/a> <span style=\"font-family: Helvetica, Arial, sans-serif; font-weight: normal;\">||<\/span> <a title=\"Fu\u00dfball: Italien raus, Politik rein.\" href=\"https:\/\/www.brennerbasisdemokratie.eu\/?p=98700\"><span style=\"color: #ff8c00\"><code>01<\/code><\/span><\/a><\/p>","protected":false},"excerpt":{"rendered":"<p>Morgen und \u00fcbermorgen findet in Barcelona das zweite internationale Symposium \u00fcber minorisierte Sprachen und Fu\u00dfball statt, das von der katalanischen Sprach-NRO Plataforma per la llengua mit Unterst\u00fctzung der Generalitat de Catalunya organisiert wird. Die erste Ausgabe hatte im M\u00e4rz 2025 in Cymru (aka Wales) stattgefunden. Das Motto der Veranstaltung: Die Sprache f\u00fchrt uns zum Sieg [&hellip;]<\/p>","protected":false},"author":1,"featured_media":0,"comment_status":"open","ping_status":"open","sticky":false,"template":"","format":"standard","meta":{"_crdt_document":"","ngg_post_thumbnail":0,"_jetpack_memberships_contains_paid_content":false,"footnotes":""},"categories":[1],"tags":[],"class_list":["post-98464","post","type-post","status-publish","format-standard","hentry","category-allgemein","entity-fc-sudtirol","entity-gencat","entity-pxl","issue-bilinguismo-negato","issue-italianizzazione","location-catalunya","location-cymru","location-sudtirolo","language-deutsch","topic-faschismen","topic-lingaz","topic-minderheitenschutz","topic-minorisaziun","topic-sport","topic-sprachpolitik","topic-termin","topic-vorzeigeautonomie"],"jetpack_featured_media_url":"","jetpack_sharing_enabled":true,"_links":{"self":[{"href":"https:\/\/www.brennerbasisdemokratie.eu\/index.php?rest_route=\/wp\/v2\/posts\/98464","targetHints":{"allow":["GET"]}}],"collection":[{"href":"https:\/\/www.brennerbasisdemokratie.eu\/index.php?rest_route=\/wp\/v2\/posts"}],"about":[{"href":"https:\/\/www.brennerbasisdemokratie.eu\/index.php?rest_route=\/wp\/v2\/types\/post"}],"author":[{"embeddable":true,"href":"https:\/\/www.brennerbasisdemokratie.eu\/index.php?rest_route=\/wp\/v2\/users\/1"}],"replies":[{"embeddable":true,"href":"https:\/\/www.brennerbasisdemokratie.eu\/index.php?rest_route=%2Fwp%2Fv2%2Fcomments&post=98464"}],"version-history":[{"count":5,"href":"https:\/\/www.brennerbasisdemokratie.eu\/index.php?rest_route=\/wp\/v2\/posts\/98464\/revisions"}],"predecessor-version":[{"id":98716,"href":"https:\/\/www.brennerbasisdemokratie.eu\/index.php?rest_route=\/wp\/v2\/posts\/98464\/revisions\/98716"}],"wp:attachment":[{"href":"https:\/\/www.brennerbasisdemokratie.eu\/index.php?rest_route=%2Fwp%2Fv2%2Fmedia&parent=98464"}],"wp:term":[{"taxonomy":"category","embeddable":true,"href":"https:\/\/www.brennerbasisdemokratie.eu\/index.php?rest_route=%2Fwp%2Fv2%2Fcategories&post=98464"},{"taxonomy":"post_tag","embeddable":true,"href":"https:\/\/www.brennerbasisdemokratie.eu\/index.php?rest_route=%2Fwp%2Fv2%2Ftags&post=98464"}],"curies":[{"name":"wp","href":"https:\/\/api.w.org\/{rel}","templated":true}]}}