{"id":98606,"date":"2026-03-21T21:37:00","date_gmt":"2026-03-21T20:37:00","guid":{"rendered":"https:\/\/www.brennerbasisdemokratie.eu\/?p=98606"},"modified":"2026-04-15T12:38:10","modified_gmt":"2026-04-15T10:38:10","slug":"in-austria-i-rifugiati-impareranno-il-dialetto","status":"publish","type":"post","link":"https:\/\/www.brennerbasisdemokratie.eu\/?p=98606","title":{"rendered":"In Austria i rifugiati impareranno il dialetto."},"content":{"rendered":"<p>Il governo austriaco \u2014 composto da <abbr title=\"\u00d6sterreichische Volkspartei\">\u00d6VP<\/abbr>, <abbr title=\"Sozialdemokratische Partei \u00d6sterreichs\">SP\u00d6<\/abbr> e <em>Neos<\/em> \u2014 ha riformato i corsi di lingua obbligatori per i rifugiati, con nuove regole che entreranno in vigore a partire da aprile.<\/p>\n<p>Sostanzialmente, l&#8217;obbligo \u00e8 stato flessibilizzato per renderlo maggiormente compatibile sia con le esigenze familiari sia con quelle lavorative, aumentando le possibilit\u00e0 di apprendimento autonomo a casa o in appositi spazi pubblici, di accudimento dei bambini nonch\u00e9 di frequenza dei corsi in orario serale. Al contempo, tuttavia, l&#8217;obbligo sar\u00e0 reso anche pi\u00f9 severo mediante l&#8217;inasprimento di alcune sanzioni per chi non collabora o si sottrae alla partecipazione.<\/p>\n<p>La riforma prevede anche un maggior orientamento dei contenuti all&#8217;uso pratico e, in particolare, l&#8217;insegnamento dei dialetti regionali a partire dal livello linguistico B1.<\/p>\n<p>Tutto ci\u00f2, secondo la ministra all&#8217;integrazione Claudia Bauer (\u00d6VP), dovrebbe contribuire a rendere i corsi maggiormente vincolanti, pi\u00f9 aderenti alla realt\u00e0 e pi\u00f9 effettivi.<\/p>\n<p>La scelta di includere i dialetti \u00e8 interessante anche se rapportata al \u00abdibattito\u00bb <a title=\"Christian Bianchi gegen den Dialekt.\" href=\"https:\/\/www.brennerbasisdemokratie.eu\/?p=98445\">attualmente in corso in Sudtirolo<\/a>: mentre in Austria, a partire da un certo livello, le variet\u00e0 linguistiche regionali vengono incluse esplicitamente nel percorso di integrazione, qui da noi, secondo alcuni, dovrebbe valere il contrario. Il dialetto non viene visto n\u00e9 come un dato di fatto neutrale n\u00e9 tantomeno come una risorsa, bens\u00ec come un problema \u2014 qualcosa da escludere dalla sfera pubblica a favore di una presunta lingua standard \u00abpulita\u00bb.<\/p>\n<p>L&#8217;approccio austriaco, gi\u00e0 sperimentato in alcuni L\u00e4nder della vicina repubblica, riconosce che la convivenza e la comprensione non avvengono solo tramite lingue normate, ma fornendo gli strumenti per sapersi orientare nella realt\u00e0 linguistica concreta di un territorio dove \u2014 esattamente come in Sudtirolo \u2014 spesso prevale il dialetto.<\/p>\n<p>La partecipazione alla vita sociale difficilmente pu\u00f2 funzionare senza una certa familiarit\u00e0 con i dialetti, e non ha alcun senso esigere che la popolazione locale li abbandoni \u2014 se non da un punto di vista coloniale.<\/p>\n<p>Se in Austria i dialetti sono considerati una componente normale della vita quotidiana, perch\u00e9 dovrebbero essere trattati come un ostacolo proprio in un territorio di minoranza in cui sono altrettanto radicati e fanno parte dell&#8217;identit\u00e0 collettiva?<\/p>\n<p><strong><span style=\"font-family: Helvetica, Arial, sans-serif; text-transform: uppercase;\">C\u00ebla enghe:<\/span><\/strong> <a title=\"Wir waren niemals woke.\" href=\"https:\/\/www.brennerbasisdemokratie.eu\/?p=98894\"><span style=\"color: #ff8c00\"><code>01<\/code><\/span><\/a> <a title=\"Landtag, insensato vietare il dialetto.\" href=\"https:\/\/www.brennerbasisdemokratie.eu\/?p=98755\"><span style=\"color: #ff8c00\"><code>02<\/code><\/span><\/a><\/p>","protected":false},"excerpt":{"rendered":"<p>Il governo austriaco \u2014 composto da \u00d6VP, SP\u00d6 e Neos \u2014 ha riformato i corsi di lingua obbligatori per i rifugiati, con nuove regole che entreranno in vigore a partire da aprile. Sostanzialmente, l&#8217;obbligo \u00e8 stato flessibilizzato per renderlo maggiormente compatibile sia con le esigenze familiari sia con quelle lavorative, aumentando le possibilit\u00e0 di apprendimento [&hellip;]<\/p>","protected":false},"author":1,"featured_media":0,"comment_status":"open","ping_status":"open","sticky":false,"template":"","format":"standard","meta":{"_crdt_document":"","ngg_post_thumbnail":0,"_jetpack_memberships_contains_paid_content":false,"footnotes":""},"categories":[1],"tags":[],"class_list":["post-98606","post","type-post","status-publish","format-standard","hentry","category-allgemein","entity-neos","entity-ovp","entity-spo","location-osterreich","location-sudtirolo","language-italiano","topic-bildung","topic-comparatio","topic-dialekt","topic-kohasion","topic-lingaz","topic-migraziun","topic-minorisaziun","topic-politik","topic-soziales"],"jetpack_featured_media_url":"","jetpack_sharing_enabled":true,"_links":{"self":[{"href":"https:\/\/www.brennerbasisdemokratie.eu\/index.php?rest_route=\/wp\/v2\/posts\/98606","targetHints":{"allow":["GET"]}}],"collection":[{"href":"https:\/\/www.brennerbasisdemokratie.eu\/index.php?rest_route=\/wp\/v2\/posts"}],"about":[{"href":"https:\/\/www.brennerbasisdemokratie.eu\/index.php?rest_route=\/wp\/v2\/types\/post"}],"author":[{"embeddable":true,"href":"https:\/\/www.brennerbasisdemokratie.eu\/index.php?rest_route=\/wp\/v2\/users\/1"}],"replies":[{"embeddable":true,"href":"https:\/\/www.brennerbasisdemokratie.eu\/index.php?rest_route=%2Fwp%2Fv2%2Fcomments&post=98606"}],"version-history":[{"count":5,"href":"https:\/\/www.brennerbasisdemokratie.eu\/index.php?rest_route=\/wp\/v2\/posts\/98606\/revisions"}],"predecessor-version":[{"id":98903,"href":"https:\/\/www.brennerbasisdemokratie.eu\/index.php?rest_route=\/wp\/v2\/posts\/98606\/revisions\/98903"}],"wp:attachment":[{"href":"https:\/\/www.brennerbasisdemokratie.eu\/index.php?rest_route=%2Fwp%2Fv2%2Fmedia&parent=98606"}],"wp:term":[{"taxonomy":"category","embeddable":true,"href":"https:\/\/www.brennerbasisdemokratie.eu\/index.php?rest_route=%2Fwp%2Fv2%2Fcategories&post=98606"},{"taxonomy":"post_tag","embeddable":true,"href":"https:\/\/www.brennerbasisdemokratie.eu\/index.php?rest_route=%2Fwp%2Fv2%2Ftags&post=98606"}],"curies":[{"name":"wp","href":"https:\/\/api.w.org\/{rel}","templated":true}]}}