{"id":98613,"date":"2026-03-24T11:30:40","date_gmt":"2026-03-24T10:30:40","guid":{"rendered":"https:\/\/www.brennerbasisdemokratie.eu\/?p=98613"},"modified":"2026-03-24T12:51:23","modified_gmt":"2026-03-24T11:51:23","slug":"aflb-anche-nel-2025-segnalazioni-in-crescita","status":"publish","type":"post","link":"https:\/\/www.brennerbasisdemokratie.eu\/?p=98613","title":{"rendered":"AfLB \u2013 Anche nel 2025 segnalazioni in crescita."},"content":{"rendered":"<p>In rapporto agli anni precedenti, il numero di segnalazioni ricevute dall&#8217;<em>Amt f\u00fcr Landessprachen und B\u00fcrgerrechte \/ Ufficio per le lingue ufficiali e i diritti civici<\/em> (AfLB) \u00e8 aumentato notevolmente anche nel 2025.<\/p>\n<p>Per portare alla luce i dati \u00e8 stata nuovamente necessaria un&#8217;interrogazione (n. 1371\/26) in <em>Landtag,<\/em> poich\u00e9 l&#8217;AfLB non pubblica statistiche di sua iniziativa. Un po&#8217; pi\u00f9 di trasparenza certamente non guasterebbe.<\/p>\n<blockquote><p><img loading=\"lazy\" decoding=\"async\" class=\"size-full wp-image-98614 aligncenter\" src=\"https:\/\/www.brennerbasisdemokratie.eu\/wp-content\/uploads\/2026\/03\/aflb_beschwerden-jahre20-25.jpg\" alt=\"\" width=\"950\" height=\"541\" srcset=\"https:\/\/www.brennerbasisdemokratie.eu\/wp-content\/uploads\/2026\/03\/aflb_beschwerden-jahre20-25.jpg 950w, https:\/\/www.brennerbasisdemokratie.eu\/wp-content\/uploads\/2026\/03\/aflb_beschwerden-jahre20-25-768x437.jpg 768w\" sizes=\"auto, (max-width: 950px) 100vw, 950px\" \/><\/p><\/blockquote>\n<p>Anche nel 2025, secondo la <a title=\"Antwort auf Landtagsanfrage 1371\/26.\" href=\"https:\/\/www.brennerbasisdemokratie.eu\/wp-content\/uploads\/2026\/03\/antwort_landtagsanfrage1371-26.pdf\">risposta<\/a> del <em>Landeshauptmann,<\/em> ci sono state segnalazioni relative alla lingua tedesca (118) e italiana (4), mentre non \u00e8 stato registrato alcun caso legato al ladino \u2014 nonostante dalle statistiche ufficiali emerga che \u00e8 proprio questa lingua a subire la maggiore discriminazione. Sarebbe molto interessante capire se ci\u00f2 sia dovuto a rassegnazione o ad altri fattori.<\/p>\n<p>I casi di cui l&#8217;ufficio si \u00e8 occupato sono aumentati continuamente di anno in anno: le 122 segnalazioni dell&#8217;anno scorso rappresentano infatti un aumento consistente (del 61%) rispetto alle 76 dell&#8217;anno precedente e addirittura del 578% rispetto ai 18 casi del primo anno di attivit\u00e0 (2020).<\/p>\n<p>Il fatto che pressoch\u00e9 la totalit\u00e0 (ossia il 97%) delle segnalazioni riguardi la lingua tedesca, mentre quelle per infrazioni a danno della lingua italiana si attestano a poco pi\u00f9 del 3%, conferma ancora una volta in modo inconfutabile che tra le due lingue ufficialmente parificate, quella maggiormente negata \u00e8 il tedesco. Questo dato \u00e8 in linea con le <a title=\"\u00d6ffentliche Dienste verweigern deutsche Sprache.\" href=\"https:\/\/www.brennerbasisdemokratie.eu\/?p=83630\">statistiche<\/a> ufficiali pubblicate da ASTAT e conferma lo <a title=\"Minorisierte Sprachen.\" href=\"https:\/\/www.brennerbasisdemokratie.eu\/?p=72762\">stato di minorizzazione<\/a> della lingua tedesca.<\/p>\n<p>Ciononostante, va comunque sottolineato come, nel rendere noti i dati, l&#8217;AfLB continui a non distinguere tra denunce ricevibili e irricevibili, rendendo impossibile stabilire quante riguardino situazioni effettivamente illegali.<\/p>\n<p>A titolo di esempio, la reclamazione n. 98 (cfr. <a title=\"Anhang zu Antw. Landtagsanfrage 1371\/26.\" href=\"https:\/\/www.brennerbasisdemokratie.eu\/wp-content\/uploads\/2026\/03\/antwort_landtagsanfrage1371-26_anhang.pdf\">tabella<\/a>) riguarda la mancata disponibilit\u00e0 di modulistica e informazioni in lingua italiana sul sito di un&#8217;associazione privata di lingua tedesca come l&#8217;<abbr title=\"Alpenverein S\u00fcdtirol\">AVS<\/abbr>.<\/p>\n<p>In ogni caso, secondo la risposta ufficiale del <em>Landeshauptmann,<\/em> dei 122 casi presi in carico solo 14 sarebbero ancora in attesa di una risposta da parte degli enti coinvolti, mentre tutti gli altri sarebbero gi\u00e0 stati trattati. Tuttavia, ci\u00f2 non significa necessariamente che il caso sia stato risolto in senso positivo e soddisfacente. Anche a tal proposito sarebbe necessaria una maggiore trasparenza.<\/p>\n<p>Rimane invece senza risposta, almeno per ora, la domanda relativa alle sanzioni comminate per il mancato rispetto della normativa sul bilinguismo, <a title=\"Zweisprachigkeit: Weiterhin unzust\u00e4ndig.\" href=\"https:\/\/www.brennerbasisdemokratie.eu\/?p=30531\">che \u2014 in maniera del tutto anomala \u2014 rimangono competenza esclusiva dello stato centrale.<\/a><\/p>\n<p style=\"text-align: center;\"><hr class=\"dotted-hr\" style=\"height: 4px; width: 100%; border: none; margin-top: 0em; margin-bottom: 0em; background-color: black;\"\/><\/p>\n<p>Per chi ne avesse bisogno, i contatti dell&#8217;AfLB sono: <strong>landessprachen.buergerrechte[at]provinz.bz.it<\/strong> per quanto riguarda l\u2019e-mail ordinaria e <strong>lb-ld[at]pec.prov.bz.it<\/strong> per quella certificata.<\/p>\n<p><strong><span style=\"font-family: Helvetica, Arial, sans-serif; text-transform: uppercase;\">C\u00ebla enghe:<\/span><\/strong> <a title=\"AfLB \u2013 Segnalazioni ancora in aumento.\" href=\"https:\/\/www.brennerbasisdemokratie.eu\/?p=91048\"><span style=\"text-decoration:underline; text-decoration-color:#4372a6; text-decoration-thickness:3px;\"><code>01<\/code><\/span><\/a> <a title=\"AfLB \u2013 Il 100% delle denunce riguarda il tedesco.\" href=\"https:\/\/www.brennerbasisdemokratie.eu\/?p=85018\"><span style=\"text-decoration:underline; text-decoration-color:#4372a6; text-decoration-thickness:3px;\"><code>02<\/code><\/span><\/a> <a title=\"Amt f\u00fcr Landessprachen und B\u00fcrgerrechte wird gest\u00e4rkt.\" href=\"https:\/\/www.brennerbasisdemokratie.eu\/?p=88188\"><code>03<\/code><\/a> <a title=\"Lob des Amts f\u00fcr Landessprachen.\" href=\"https:\/\/www.brennerbasisdemokratie.eu\/?p=71847\"><code>04<\/code><\/a> <a title=\"Offizieller Bericht zur neuen Sprachstelle.\" href=\"https:\/\/www.brennerbasisdemokratie.eu\/?p=64349\"><code>05<\/code><\/a> <span style=\"font-family: Helvetica, Arial, sans-serif; font-weight: normal;\">|<\/span> <a title=\"Sprachrechte: LH leugnet Verschlechterung.\" href=\"https:\/\/www.brennerbasisdemokratie.eu\/?p=97432\"><code>06<\/code><\/a> <a title=\"Christian Bianchi nega la minorizzazione.\" href=\"https:\/\/www.brennerbasisdemokratie.eu\/?p=96481\"><code>07<\/code><\/a> <a title=\"Zweisprachigkeit im Amt deutlich verschlechtert.\" href=\"https:\/\/www.brennerbasisdemokratie.eu\/?p=25426\"><code>08<\/code><\/a><\/p>","protected":false},"excerpt":{"rendered":"<p>In rapporto agli anni precedenti, il numero di segnalazioni ricevute dall&#8217;Amt f\u00fcr Landessprachen und B\u00fcrgerrechte \/ Ufficio per le lingue ufficiali e i diritti civici (AfLB) \u00e8 aumentato notevolmente anche nel 2025. Per portare alla luce i dati \u00e8 stata nuovamente necessaria un&#8217;interrogazione (n. 1371\/26) in Landtag, poich\u00e9 l&#8217;AfLB non pubblica statistiche di sua iniziativa. [&hellip;]<\/p>","protected":false},"author":1,"featured_media":0,"comment_status":"open","ping_status":"open","sticky":false,"template":"","format":"standard","meta":{"_crdt_document":"","ngg_post_thumbnail":0,"_jetpack_memberships_contains_paid_content":false,"footnotes":""},"categories":[1],"tags":[],"class_list":["post-98613","post","type-post","status-publish","format-standard","hentry","category-allgemein","entity-aflb","entity-astat","entity-avs","entity-landesregierung","entity-stf","entity-sudtiroler-landtag","issue-bilinguismo-negato","issue-italianizzazione","location-ladinia","location-sudtirolo","language-italiano","person-arno-kompatscher","topic-minderheitenschutz","topic-minorisaziun","topic-plurilinguism","topic-politik","topic-recht","topic-servicepublic","topic-statistik","topic-transparenz","topic-vorzeigeautonomie","topic-zentralismus"],"jetpack_featured_media_url":"","jetpack_sharing_enabled":true,"_links":{"self":[{"href":"https:\/\/www.brennerbasisdemokratie.eu\/index.php?rest_route=\/wp\/v2\/posts\/98613","targetHints":{"allow":["GET"]}}],"collection":[{"href":"https:\/\/www.brennerbasisdemokratie.eu\/index.php?rest_route=\/wp\/v2\/posts"}],"about":[{"href":"https:\/\/www.brennerbasisdemokratie.eu\/index.php?rest_route=\/wp\/v2\/types\/post"}],"author":[{"embeddable":true,"href":"https:\/\/www.brennerbasisdemokratie.eu\/index.php?rest_route=\/wp\/v2\/users\/1"}],"replies":[{"embeddable":true,"href":"https:\/\/www.brennerbasisdemokratie.eu\/index.php?rest_route=%2Fwp%2Fv2%2Fcomments&post=98613"}],"version-history":[{"count":6,"href":"https:\/\/www.brennerbasisdemokratie.eu\/index.php?rest_route=\/wp\/v2\/posts\/98613\/revisions"}],"predecessor-version":[{"id":98626,"href":"https:\/\/www.brennerbasisdemokratie.eu\/index.php?rest_route=\/wp\/v2\/posts\/98613\/revisions\/98626"}],"wp:attachment":[{"href":"https:\/\/www.brennerbasisdemokratie.eu\/index.php?rest_route=%2Fwp%2Fv2%2Fmedia&parent=98613"}],"wp:term":[{"taxonomy":"category","embeddable":true,"href":"https:\/\/www.brennerbasisdemokratie.eu\/index.php?rest_route=%2Fwp%2Fv2%2Fcategories&post=98613"},{"taxonomy":"post_tag","embeddable":true,"href":"https:\/\/www.brennerbasisdemokratie.eu\/index.php?rest_route=%2Fwp%2Fv2%2Ftags&post=98613"}],"curies":[{"name":"wp","href":"https:\/\/api.w.org\/{rel}","templated":true}]}}