{"id":98670,"date":"2026-03-30T20:41:35","date_gmt":"2026-03-30T18:41:35","guid":{"rendered":"https:\/\/www.brennerbasisdemokratie.eu\/?p=98670"},"modified":"2026-03-30T20:56:00","modified_gmt":"2026-03-30T18:56:00","slug":"fehlendes-deutsch-lh-ubernimmt-absurde-ausrede-von-trenitalia","status":"publish","type":"post","link":"https:\/\/www.brennerbasisdemokratie.eu\/?p=98670","title":{"rendered":"Fehlendes Deutsch: LH \u00fcbernimmt absurde Ausrede von Trenitalia."},"content":{"rendered":"<p>In einer Landtagsanfrage (Nr. 1368\/26 vom 21. J\u00e4nner) z\u00e4hlt die <abbr title=\"S\u00fcd-Tiroler Freiheit\">STF<\/abbr> vier F\u00e4lle von Missachtung der Zweisprachigkeitspflicht bei der Bahn auf. Unter anderem seien die Anzeigen an der Au\u00dfenseite von <em>Trenitalias<\/em> sogenannten <em>Jazz<\/em>-Garnituren, die zwischen Meran und Brenner verkehren, einsprachig italienisch.<\/p>\n<p>Landeshauptmann Arno Kompatscher (<abbr title=\"S\u00fcdtiroler Volkspartei\">SVP<\/abbr>) scheint das ziemlich egal zu sein, denn er gibt in seiner <a title=\"Antwort auf Landtagsanfrage 1368\/26.\" href=\"https:\/\/www.brennerbasisdemokratie.eu\/wp-content\/uploads\/2026\/03\/antwort_landtagsanfrage1368-26.pdf\">Antwort<\/a> einfach kommentarlos folgende Erkl\u00e4rung von <em>Trenitalia<\/em> wieder:<\/p>\n<blockquote><p>[D]ie Beschriftung der au\u00dfen angebrachten Displays erfolgt aus technischen Gr\u00fcnden (begrenzte Zeichenanzahl) einsprachig. Eine Abschaltung dieser Displays w\u00e4re zwar m\u00f6glich, w\u00fcrde jedoch den Kundenservice erheblich beeintr\u00e4chtigen.<\/p>\n<p><em><small>\u2013 Arno Kompatscher<\/small><\/em><\/p><\/blockquote>\n<p>Gesetze d\u00fcrfen also \u00bbaus technischen Gr\u00fcnden\u00ab missachtet werden. Das gilt aber wohl nur, wenn sie den Minderheitenschutz betreffen \u2014 aus anderen Bereichen kenne ich so etwas nicht. Technische Einschr\u00e4nkungen k\u00f6nnen kein legitimer Grund sein, geltendes Recht zu ignorieren: Wenn ein System die Anforderungen nicht erf\u00fcllt, ist es anzupassen.<\/p>\n<p>Minderheitenschutzrechte werden aber offenbar grunds\u00e4tzlich als weichende Rechte betrachtet, die nur dann Geltung haben, wenn alle Beteiligten gerade Lust haben und die technischen Voraussetzungen zuf\u00e4llig bereits gegeben sind. Mit der von Kompatscher unkritisch \u00fcbernommenen Begr\u00fcndung lie\u00dfen sich die Sprachrechte in sehr vielen Bereichen aushebeln \u2014 was ja leider ohnehin bereits der Fall ist.<\/p>\n<p>Als Erstes dr\u00e4ngt sich folgende Frage auf: Warum k\u00f6nnen die \u00bbDisplays mit begrenzter Zeichenanzahl\u00ab nicht einsprachig Deutsch bespielt werden? Oder aber: Warum sind sie nicht an einigen Z\u00fcgen auf Deutsch und an anderen auf Italienisch eingestellt? Vielleicht ja doch einfach, weil keinerlei Sensibilit\u00e4t vorhanden ist und nicht einmal der Landeshauptmann etwas dagegen zu haben scheint. Anstatt die Einhaltung der Autonomiebestimmungen einzufordern, \u00fcbernimmt er einfach die Argumentation des Bahnunternehmens.<\/p>\n<p>Wenn wir aber noch einen Schritt zur\u00fcck machen, wird eines deutlich: Displays mit begrenzter Zeichenanzahl \u2014 was soll das eigentlich sein? Das m\u00fcssen wohl weltweit die einzigen Displays sein, die nicht imstande sind, Informationen abwechselnd in verschiedenen Sprachen (oder meinetwegen als Laufschrift) anzuzeigen. Sind sie vielleicht aus Stein gefertigt und werden mit einem Mei\u00dfel \u00bbprogrammiert\u00ab?<\/p>\n<p>Dem Landeshauptmann kann man so einen Schwachsinn offenbar erz\u00e4hlen \u2014 und er macht ihn sich auch noch zueigen.<\/p>\n<p><strong><span style=\"font-family: Helvetica, Arial, sans-serif; text-transform: uppercase;\">C\u00ebla enghe:<\/span><\/strong> <a title=\"Ewig verz\u00f6gerte Zweisprachigkeit.\" href=\"https:\/\/www.brennerbasisdemokratie.eu\/?p=98377\"><code>01<\/code><\/a> <a title=\"Frecciarossa: tedesco no, cinese s\u00ec.\" href=\"https:\/\/www.brennerbasisdemokratie.eu\/?p=78183\"><code>02<\/code><\/a> <a title=\"Sisyphos-Schiefer und die Bahn.\" href=\"https:\/\/www.brennerbasisdemokratie.eu\/?p=55215\"><code>03<\/code><\/a> <a title=\"RFI: Sicherheitshinweise nicht auf Deutsch.\" href=\"https:\/\/www.brennerbasisdemokratie.eu\/?p=57360\"><code>04<\/code><\/a> <a title=\"RFI: Deutsche Durchsagen mit Tolomeis Ortsnamen.\" href=\"https:\/\/www.brennerbasisdemokratie.eu\/?p=98098\"><code>05<\/code><\/a> <a title=\"Franzensfeste: i reiterati soprusi di RFI.\" href=\"https:\/\/www.brennerbasisdemokratie.eu\/?p=97707\"><code>06<\/code><\/a> <a title=\"Benvenuti nella colonia (II).\" href=\"https:\/\/www.brennerbasisdemokratie.eu\/?p=97487\"><code>07<\/code><\/a><\/p>","protected":false},"excerpt":{"rendered":"<p>In einer Landtagsanfrage (Nr. 1368\/26 vom 21. J\u00e4nner) z\u00e4hlt die STF vier F\u00e4lle von Missachtung der Zweisprachigkeitspflicht bei der Bahn auf. Unter anderem seien die Anzeigen an der Au\u00dfenseite von Trenitalias sogenannten Jazz-Garnituren, die zwischen Meran und Brenner verkehren, einsprachig italienisch. Landeshauptmann Arno Kompatscher (SVP) scheint das ziemlich egal zu sein, denn er gibt in [&hellip;]<\/p>","protected":false},"author":1,"featured_media":0,"comment_status":"open","ping_status":"open","sticky":false,"template":"","format":"standard","meta":{"_crdt_document":"","ngg_post_thumbnail":0,"_jetpack_memberships_contains_paid_content":false,"footnotes":""},"categories":[1],"tags":[],"class_list":["post-98670","post","type-post","status-publish","format-standard","hentry","category-allgemein","entity-landesregierung","entity-sudtiroler-landtag","entity-svp","entity-trenitalia","issue-bilinguismo-negato","issue-italianizzazione","issue-zitac","location-italy","location-sudtirolo","language-deutsch","person-arno-kompatscher","topic-minderheitenschutz","topic-minorisaziun","topic-ov","topic-plurilinguism","topic-politik","topic-recht","topic-servicepublic","topic-tech_com","topic-vorzeigeautonomie"],"jetpack_featured_media_url":"","jetpack_sharing_enabled":true,"_links":{"self":[{"href":"https:\/\/www.brennerbasisdemokratie.eu\/index.php?rest_route=\/wp\/v2\/posts\/98670","targetHints":{"allow":["GET"]}}],"collection":[{"href":"https:\/\/www.brennerbasisdemokratie.eu\/index.php?rest_route=\/wp\/v2\/posts"}],"about":[{"href":"https:\/\/www.brennerbasisdemokratie.eu\/index.php?rest_route=\/wp\/v2\/types\/post"}],"author":[{"embeddable":true,"href":"https:\/\/www.brennerbasisdemokratie.eu\/index.php?rest_route=\/wp\/v2\/users\/1"}],"replies":[{"embeddable":true,"href":"https:\/\/www.brennerbasisdemokratie.eu\/index.php?rest_route=%2Fwp%2Fv2%2Fcomments&post=98670"}],"version-history":[{"count":3,"href":"https:\/\/www.brennerbasisdemokratie.eu\/index.php?rest_route=\/wp\/v2\/posts\/98670\/revisions"}],"predecessor-version":[{"id":98683,"href":"https:\/\/www.brennerbasisdemokratie.eu\/index.php?rest_route=\/wp\/v2\/posts\/98670\/revisions\/98683"}],"wp:attachment":[{"href":"https:\/\/www.brennerbasisdemokratie.eu\/index.php?rest_route=%2Fwp%2Fv2%2Fmedia&parent=98670"}],"wp:term":[{"taxonomy":"category","embeddable":true,"href":"https:\/\/www.brennerbasisdemokratie.eu\/index.php?rest_route=%2Fwp%2Fv2%2Fcategories&post=98670"},{"taxonomy":"post_tag","embeddable":true,"href":"https:\/\/www.brennerbasisdemokratie.eu\/index.php?rest_route=%2Fwp%2Fv2%2Ftags&post=98670"}],"curies":[{"name":"wp","href":"https:\/\/api.w.org\/{rel}","templated":true}]}}