{"id":98684,"date":"2026-03-31T16:39:55","date_gmt":"2026-03-31T14:39:55","guid":{"rendered":"https:\/\/www.brennerbasisdemokratie.eu\/?p=98684"},"modified":"2026-04-29T09:29:09","modified_gmt":"2026-04-29T07:29:09","slug":"macht-teilen-vielfalt-sichern","status":"publish","type":"post","link":"https:\/\/www.brennerbasisdemokratie.eu\/?p=98684","title":{"rendered":"Macht teilen, Vielfalt sichern?"},"content":{"rendered":"<!-- Snippets by WebberZone Snippetz --><div class=\"ata_snippets\">\t<\/div><p>Am <strong>22. April<\/strong> organisiert das <em>Center for Autonomy Experience<\/em> der <em>Eurac<\/em> eine Tagung zum Thema<\/p>\n<p style=\"text-align: center;\"><strong>Macht teilen, Vielfalt sichern?<\/strong><br \/>\n50 Jahre ethnischer Proporz<br \/>\nim Spiegel pluraler Gesellschaften<\/p>\n<div class=\"page\" title=\"Page 2\">\n<div class=\"section\">\n<div class=\"layoutArea\">\n<div class=\"column\">\n<blockquote><p>Vor fu\u0308nfzig Jahren wurde mit einer Durchfu\u0308hrungsbestimmung ein Regelwerk geschaffen, das weit mehr war als eine verwaltungstechnische Lo\u0308sung. Der ethnische Proporz wurde zu einem zentralen Instrument, um das Zusammenleben der drei Sprachgruppen in Su\u0308dtirol auf eine neue, institutionell abgesicherte Grundlage zu stellen. Mit der Durchfu\u0308hrungsbestimmung zum Proporz sollte Vertrauen geschaffen, Teilhabe garantiert und ein ausgewogenes Kra\u0308fteverha\u0308ltnis in der o\u0308ffentlichen Verwaltung sichergestellt werden.<\/p>\n<p>Gemeinsam mit der Sprachgruppenzugeho\u0308rigkeitserkla\u0308rung sowie der Verpflichtung zur Zwei- bzw. Dreisprachigkeit im o\u0308ffentlichen Dienst bildet der Proporz ein System, das u\u0308ber Jahrzehnte hinweg wesentlich zum Minderheitenschutz und zur Stabilita\u0308t des friedlichen Zusammenlebens in Su\u0308dtirol beigetragen hat.<\/p>\n<p>Das 50-ja\u0308hrige Jubila\u0308um in diesem Jahr bietet Anlass, Bilanz zu ziehen. Die gesellschaftlichen Rahmenbedingungen haben sich vera\u0308ndert: Demografie, Mobilita\u0308t und Mehrsprachigkeit haben neue Formen angenommen, und auch die Herausforderungen fu\u0308r eine funktionierende Verwaltung sind andere geworden. Die Tagung la\u0308dt daher dazu ein, die historischen und rechtlichen Grundlagen des Proporzsystems ebenso zu reflektieren wie seine praktische Anwendung, seine Spannungsfelder und seine aktuellen Herausforderungen. Im Mittelpunkt steht die Frage, welche Rolle der Proporz heute spielt und wie er sich weiterentwickeln kann, um auch in Zukunft Ausgleich, Gerechtigkeit und Zusammenhalt in einer vielfa\u0308ltigen Gesellschaft zu gewa\u0308hrleisten.<\/p>\n<p><em>\u2013 aus dem <a title=\"Tagungsprogramm.\" href=\"https:\/\/www.brennerbasisdemokratie.eu\/wp-content\/uploads\/2026\/03\/eurac_machtteilen-programm.pdf\" target=\"_blank\" rel=\"noopener\">Programm<\/a><\/em><\/p><\/blockquote>\n<\/div>\n<\/div>\n<\/div>\n<\/div>\n<p>Die Teilnahme ist kostenlos. Aus organisatorischen Gr\u00fcnden wird um eine Anmeldung unter <span style=\"text-decoration: underline;\">info[at]autonomyexperience.org<\/span> bis sp\u00e4testens 10. April gebeten. Die Sprachen der Veranstaltung sind Deutsch, Italienisch und Englisch (ohne Simultan\u00fcbersetzung).<\/p>\n<h6>Programm:<\/h6>\n<ul>\n<li>9.00 Uhr: <strong>Begr\u00fc\u00dfung und Einf\u00fchrung<\/strong> (Roland Psenner, Pr\u00e4sident von <em>Eurac Research;<\/em> Marc R\u00f6ggla, Leiter des <em>Center for Autonomy Experience)<\/em><\/li>\n<li>9.15-10.45 Uhr: <span style=\"text-decoration: underline;\"><strong>Panel 1 \u2013 Ethnischer Proporz: Ideengeschichte und Umsetzung<\/strong><\/span>\n<ul>\n<li><strong>Divide et impera oder Einheit durch Vielfalt? Europ\u00e4ische Konkordanzdemokratien im Vergleich<\/strong> (Joseph Marko, Univ. Prof. i. R. am <em>Institut f\u00fcr \u00d6ffentliches Recht und Politikwissenschaften<\/em> der <em>Universit\u00e4t Graz)<\/em><\/li>\n<li><strong>Der ethnische Proporz in S\u00fcdtirol: Ausgangslage, Spannungen und Kritiken, Entwicklung und internationale Vergleiche<\/strong> (Oskar Peterlini, <em>Freie Universit\u00e4t Bozen)<\/em><\/li>\n<li><strong>Wie wird der sprachliche Proporz berechnet? Die Sprachgruppenz\u00e4hlung aus methodischer Sicht<\/strong> (Timon G\u00e4rtner, Direktor des <em>Landesinstituts f\u00fcr Statistik<\/em> ASTAT)<\/li>\n<\/ul>\n<\/li>\n<li>10.45-11.00 Uhr: <strong>Diskussion<\/strong><\/li>\n<li>11.00-11.30 Uhr: <strong>Kaffeepause<\/strong><\/li>\n<li>11.30-13.00 Uhr: <span style=\"text-decoration: underline;\"><strong>Panel 2 \u2013 Kontinuit\u00e4ten und Konflikte<\/strong><\/span>\n<ul>\n<li><strong>Jenseits der \u00bbethnischen K\u00e4fige\u00ab? Widerstand gegen den ethnischen Proporz im R\u00fcckblick<\/strong> (Guido Denicol\u00f2, Jurist, Staatsadvokat i. R.)<\/li>\n<li><strong>Il \u00abdisagio\u00bb per la proporzionale?<\/strong> (Andrea Carl\u00e0, <em>Eurac Research)<\/em><\/li>\n<li><strong>Der ethnische Proporz aus ladinischer Sicht: Licht- und Schattenseiten<\/strong> (Sophie Mangutsch, <em>Freie Universit\u00e4t Bozen;<\/em> Paul Videsott, <em>Freie Universit\u00e4t Bozen \/ S\u00fcdtiroler Volksgruppen-Institut)<\/em><\/li>\n<\/ul>\n<\/li>\n<li>13.00-13.15 Uhr: <strong>Diskussion<\/strong><\/li>\n<li>13.15-14.30 Uhr: <strong>Mittagspause<\/strong><\/li>\n<li>14.30-16.30 Uhr: <span style=\"text-decoration: underline;\"><strong>Panel 3 \u2013 Minderheitenschutz, gesellschaftliche Diversit\u00e4t und Proporz<\/strong><\/span>\n<ul>\n<li><strong>Beyond Quota Systems: The Case of the Basque Autonomous Community<\/strong> (Maddi Dorronsoro Olamusu, Visiting Researcher, <em>Eurac Research)<\/em><\/li>\n<li><strong>Mind the gap: Die Vertretung der Sprachgruppen und Geschlechter in S\u00fcdtirols Gemeinder\u00e4ten<\/strong> (Katharina Crepaz und Jakob Volgger, <em>Eurac Research)<\/em><\/li>\n<li><strong>Migration und gesellschaftlicher Wandel: Wahrnehmungen des ethnischen Proporzsystems in S\u00fcdtirol<\/strong> (Verena Wisthaler, <em>Eurac Research)<\/em><\/li>\n<li><strong>Wahrung der Zwei- und Dreisprachigkeit: Herausforderungen im Umgang mit Verletzungen des Rechts auf Gebrauch der Muttersprache in S\u00fcdtirol<\/strong> (Karin Ranzi, Direktorin des <em>Amts f\u00fcr Landessprachen und B\u00fcrgerrechte)<\/em><\/li>\n<\/ul>\n<\/li>\n<li>16.30-16.45 Uhr: <strong>Diskussion<\/strong><\/li>\n<li>16.45-17.45 Uhr: <strong>Runder Tisch: Quo vadis, Proporz?<\/strong> (Andrea Carl\u00e0 und Marc R\u00f6ggla, <em>Eurac Research;<\/em> Sofia Stufflesser, Presid\u00ebnta dla <em>Union di Ladins de Gherd\u00ebina;<\/em> Tony Tschenett, <abbr title=\"Autonomer S\u00fcdtiroler Gewerkschaftsbund\">ASGB<\/abbr>-Vorsitzender; Moderation: Anna Wolf, <em>Eurac Research)<\/em><\/li>\n<li>17.45 Uhr: <strong>Aperitif<\/strong><\/li>\n<\/ul>\n<p>Veranstaltungsort ist die <em>Conference Hall<\/em> von <em>Eurac Research.<\/em><\/p>\n<p><strong><span style=\"font-family: Helvetica, Arial, sans-serif; text-transform: uppercase;\">C\u00ebla enghe:<\/span><\/strong> <a title=\"Le solite critiche al censimento linguistico.\" href=\"https:\/\/www.brennerbasisdemokratie.eu\/?p=82274\"><code>01<\/code><\/a> <a title=\"La scadenza della proporzionale.\" href=\"https:\/\/www.brennerbasisdemokratie.eu\/?p=86900\"><code>02<\/code><\/a> <a title=\"Der Proporz und die armen Zugewanderten.\" href=\"https:\/\/www.brennerbasisdemokratie.eu\/?p=89509\"><code>03<\/code><\/a> <a title=\"Proporzregelung als Vorbild.\" href=\"https:\/\/www.brennerbasisdemokratie.eu\/?p=70112\"><code>04<\/code><\/a> <span style=\"font-family: Helvetica, Arial, sans-serif; font-weight: normal;\">||<\/span> <a title=\"50 Jahre Proporz \u2013&nbsp;zur Veranstaltung der Eurac.\" href=\"https:\/\/www.brennerbasisdemokratie.eu\/?p=98997\"><span style=\"color:#ff8c00; text-decoration:underline; text-decoration-color:#ff8c00; text-decoration-thickness:3px;\"><code>01<\/code><\/span><\/a> <a title=\"Immer mehr Italienerinnen gegen Zweisprachigkeitsnachweis.\" href=\"https:\/\/www.brennerbasisdemokratie.eu\/?p=99044\"><span style=\"color:#ff8c00; text-decoration:underline; text-decoration-color:#ff8c00; text-decoration-thickness:3px;\"><code>02<\/code><\/span><\/a><\/p>","protected":false},"excerpt":{"rendered":"<p>Am 22. April organisiert das Center for Autonomy Experience der Eurac eine Tagung zum Thema Macht teilen, Vielfalt sichern? 50 Jahre ethnischer Proporz im Spiegel pluraler Gesellschaften Vor fu\u0308nfzig Jahren wurde mit einer Durchfu\u0308hrungsbestimmung ein Regelwerk geschaffen, das weit mehr war als eine verwaltungstechnische Lo\u0308sung. Der ethnische Proporz wurde zu einem zentralen Instrument, um das [&hellip;]<\/p>","protected":false},"author":10,"featured_media":0,"comment_status":"open","ping_status":"open","sticky":false,"template":"","format":"standard","meta":{"_crdt_document":"","ngg_post_thumbnail":0,"_jetpack_memberships_contains_paid_content":false,"footnotes":""},"categories":[1],"tags":[],"class_list":["post-98684","post","type-post","status-publish","format-standard","hentry","category-allgemein","entity-aflb","entity-asgb","entity-astat","entity-autonomy-experience","entity-eurac","entity-fub","entity-ugld","issue-cumpedada","issue-disagio","issue-proporz","location-euskadi","location-ladinia","location-sudtirolo","language-deutsch","person-andrea-carla","person-oskar-peterlini","person-paul-videsott","person-tony-tschenett","topic-autonomie","topic-comparatio","topic-feminae","topic-kohasion","topic-minderheitenschutz","topic-plurilinguism","topic-politik","topic-recht","topic-servicepublic","topic-termin","topic-wissenschaft"],"jetpack_featured_media_url":"","jetpack_sharing_enabled":true,"_links":{"self":[{"href":"https:\/\/www.brennerbasisdemokratie.eu\/index.php?rest_route=\/wp\/v2\/posts\/98684","targetHints":{"allow":["GET"]}}],"collection":[{"href":"https:\/\/www.brennerbasisdemokratie.eu\/index.php?rest_route=\/wp\/v2\/posts"}],"about":[{"href":"https:\/\/www.brennerbasisdemokratie.eu\/index.php?rest_route=\/wp\/v2\/types\/post"}],"author":[{"embeddable":true,"href":"https:\/\/www.brennerbasisdemokratie.eu\/index.php?rest_route=\/wp\/v2\/users\/10"}],"replies":[{"embeddable":true,"href":"https:\/\/www.brennerbasisdemokratie.eu\/index.php?rest_route=%2Fwp%2Fv2%2Fcomments&post=98684"}],"version-history":[{"count":7,"href":"https:\/\/www.brennerbasisdemokratie.eu\/index.php?rest_route=\/wp\/v2\/posts\/98684\/revisions"}],"predecessor-version":[{"id":99048,"href":"https:\/\/www.brennerbasisdemokratie.eu\/index.php?rest_route=\/wp\/v2\/posts\/98684\/revisions\/99048"}],"wp:attachment":[{"href":"https:\/\/www.brennerbasisdemokratie.eu\/index.php?rest_route=%2Fwp%2Fv2%2Fmedia&parent=98684"}],"wp:term":[{"taxonomy":"category","embeddable":true,"href":"https:\/\/www.brennerbasisdemokratie.eu\/index.php?rest_route=%2Fwp%2Fv2%2Fcategories&post=98684"},{"taxonomy":"post_tag","embeddable":true,"href":"https:\/\/www.brennerbasisdemokratie.eu\/index.php?rest_route=%2Fwp%2Fv2%2Ftags&post=98684"}],"curies":[{"name":"wp","href":"https:\/\/api.w.org\/{rel}","templated":true}]}}