{"id":98691,"date":"2026-04-01T19:17:06","date_gmt":"2026-04-01T17:17:06","guid":{"rendered":"https:\/\/www.brennerbasisdemokratie.eu\/?p=98691"},"modified":"2026-04-02T09:11:22","modified_gmt":"2026-04-02T07:11:22","slug":"einsprachigkeit-air-canada-chef-nimmt-den-hut","status":"publish","type":"post","link":"https:\/\/www.brennerbasisdemokratie.eu\/?p=98691","title":{"rendered":"Einsprachigkeit: Air-Canada-Chef nimmt den Hut."},"content":{"rendered":"<p>Am New Yorker Flughafen <em>LaGuardia<\/em> war am 22. M\u00e4rz eine Maschine der privaten Fluggesellschaft <em>Air Canada<\/em> <a title=\"Wiki: Air Canada Express Flight 8646.\" href=\"https:\/\/en.wikipedia.org\/wiki\/Air_Canada_Express_Flight_8646\" target=\"_blank\" rel=\"noopener\">mit einem Feuerwehrfahrzeug kollidiert<\/a>, wobei beide Piloten das Leben verloren. Der CEO des Unternehmens, Michael Rousseau, ver\u00f6ffentlichte daraufhin in den sozialen Medien <a title=\"Tweet: Air Canada.\" href=\"https:\/\/x.com\/AirCanada\/status\/2036129949317255493\" target=\"_blank\" rel=\"noopener\">ein Video<\/a>, in dem er den Angeh\u00f6rigen \u00f6ffentlich sein Beileid aussprach. Doch obwohl der Kapit\u00e4n der Maschine aus Qu\u00e9bec stammte und franz\u00f6sischer Muttersprache war, hielt Rousseau seine kurze Rede weitgehend auf Englisch. Nur ein <em>Bonjour<\/em> am Anfang und ein <em>Merci<\/em> am Ende des Statements waren in Franz\u00f6sisch.<\/p>\n<p>Dies stie\u00df in Kanada auf breite und heftige Kritik: So sprach Premierminister Mark Carney <em>(Liberale)<\/em> im Zusammenhang mit dem Vorfall von einem Mangel an Urteilsverm\u00f6gen und Mitgef\u00fchl. Das Parlament von Qu\u00e9bec, die <em>Assembl\u00e9e nationale,<\/em> forderte Rousseau sogar einstimmig zum R\u00fccktritt auf. Und beim Sprachkommissariat gingen binnen weniger Stunden nahezu 2.400 Beschwerden \u00fcber die einsprachige Botschaft ein.<\/p>\n<p>Dass das Video mit franz\u00f6sischen Untertiteln versehen war und dass sich Rousseau anschlie\u00dfend schriftlich entschuldigt hatte, \u00e4nderte nichts an den Vorw\u00fcrfen.<\/p>\n<p>Auch nach der Privatisierung unterliegt <em>Air Canada<\/em> mit Sitz in Montr\u00e9al den Zweisprachigkeitsbestimmungen. Dass der CEO der gr\u00f6\u00dften kanadischen Fluggesellschaft des Franz\u00f6sischen kaum m\u00e4chtig ist, <a title=\"Chef von Air Canada emp\u00f6rt Qu\u00e9bec.\" href=\"https:\/\/www.brennerbasisdemokratie.eu\/?p=69179\">hatte schon fr\u00fcher zu Kritik und Irritationen gef\u00fchrt.<\/a><\/p>\n<p>Nun gab Rousseau dem massiven \u00f6ffentlichen Druck nach und k\u00fcndigte an, noch in diesem Jahr in den vorzeitigen Ruhestand treten zu wollen. Sowohl Carney als auch der Regierungschef von Qu\u00e9bec, Fran\u00e7ois Legault (<abbr title=\"Coalition Avenir Qu\u00e9bec\">CAQ<\/abbr>), begr\u00fc\u00dften die Entscheidung. Gleichzeitig forderten sie von <em>Air Canada,<\/em> bei der Bestellung einer Nachfolgerin unbedingt auf deren Sprachkenntnisse zu achten \u2014 wozu sich das Unternehmen in einer ersten Stellungnahme bereit erkl\u00e4rte.<\/p>\n<p>In Kanada ist Sprache nicht nur ein Kommunikationsmittel, sondern auch eine Frage des Respekts und der Sensibilit\u00e4t. In einem Moment, in dem es um Anteilnahme geht, wird sie selbst Teil der Botschaft.<\/p>\n<p><strong><span style=\"font-family: Helvetica, Arial, sans-serif; text-transform: uppercase;\">C\u00ebla enghe:<\/span><\/strong> <a title=\"Kanada: Olympia in 13 Sprachen.\" href=\"https:\/\/www.brennerbasisdemokratie.eu\/?p=67157\"><code>01<\/code><\/a> <a title=\"Monolinguismo, Trudeau chiede scusa.\" href=\"https:\/\/www.brennerbasisdemokratie.eu\/?p=56963\"><code>02<\/code><\/a> <a title=\"Offre active: Niederschwelliges Sprachangebot.\" href=\"https:\/\/www.brennerbasisdemokratie.eu\/?p=74827\"><code>03<\/code><\/a> <a title=\"Il Canada ha un ministro alle lingue ufficiali.\" href=\"https:\/\/www.brennerbasisdemokratie.eu\/?p=91972\"><code>04<\/code><\/a><\/p>","protected":false},"excerpt":{"rendered":"<p>Am New Yorker Flughafen LaGuardia war am 22. M\u00e4rz eine Maschine der privaten Fluggesellschaft Air Canada mit einem Feuerwehrfahrzeug kollidiert, wobei beide Piloten das Leben verloren. Der CEO des Unternehmens, Michael Rousseau, ver\u00f6ffentlichte daraufhin in den sozialen Medien ein Video, in dem er den Angeh\u00f6rigen \u00f6ffentlich sein Beileid aussprach. Doch obwohl der Kapit\u00e4n der Maschine [&hellip;]<\/p>","protected":false},"author":1,"featured_media":0,"comment_status":"open","ping_status":"open","sticky":false,"template":"","format":"standard","meta":{"_crdt_document":"","ngg_post_thumbnail":0,"_jetpack_memberships_contains_paid_content":false,"footnotes":""},"categories":[1],"tags":[],"class_list":["post-98691","post","type-post","status-publish","format-standard","hentry","category-allgemein","issue-bilinguismo-negato","location-canada","location-quebec","location-usa","language-deutsch","medium-socialmedia","topic-arbeit","topic-comparatio","topic-lingaz","topic-minorisaziun","topic-mobilitaet","topic-politik","topic-sprachpolitik","topic-wirtschaft"],"jetpack_featured_media_url":"","jetpack_sharing_enabled":true,"_links":{"self":[{"href":"https:\/\/www.brennerbasisdemokratie.eu\/index.php?rest_route=\/wp\/v2\/posts\/98691","targetHints":{"allow":["GET"]}}],"collection":[{"href":"https:\/\/www.brennerbasisdemokratie.eu\/index.php?rest_route=\/wp\/v2\/posts"}],"about":[{"href":"https:\/\/www.brennerbasisdemokratie.eu\/index.php?rest_route=\/wp\/v2\/types\/post"}],"author":[{"embeddable":true,"href":"https:\/\/www.brennerbasisdemokratie.eu\/index.php?rest_route=\/wp\/v2\/users\/1"}],"replies":[{"embeddable":true,"href":"https:\/\/www.brennerbasisdemokratie.eu\/index.php?rest_route=%2Fwp%2Fv2%2Fcomments&post=98691"}],"version-history":[{"count":5,"href":"https:\/\/www.brennerbasisdemokratie.eu\/index.php?rest_route=\/wp\/v2\/posts\/98691\/revisions"}],"predecessor-version":[{"id":98697,"href":"https:\/\/www.brennerbasisdemokratie.eu\/index.php?rest_route=\/wp\/v2\/posts\/98691\/revisions\/98697"}],"wp:attachment":[{"href":"https:\/\/www.brennerbasisdemokratie.eu\/index.php?rest_route=%2Fwp%2Fv2%2Fmedia&parent=98691"}],"wp:term":[{"taxonomy":"category","embeddable":true,"href":"https:\/\/www.brennerbasisdemokratie.eu\/index.php?rest_route=%2Fwp%2Fv2%2Fcategories&post=98691"},{"taxonomy":"post_tag","embeddable":true,"href":"https:\/\/www.brennerbasisdemokratie.eu\/index.php?rest_route=%2Fwp%2Fv2%2Ftags&post=98691"}],"curies":[{"name":"wp","href":"https:\/\/api.w.org\/{rel}","templated":true}]}}