{"id":98700,"date":"2026-04-02T11:19:36","date_gmt":"2026-04-02T09:19:36","guid":{"rendered":"https:\/\/www.brennerbasisdemokratie.eu\/?p=98700"},"modified":"2026-04-02T11:27:39","modified_gmt":"2026-04-02T09:27:39","slug":"fusball-italien-raus-politik-rein","status":"publish","type":"post","link":"https:\/\/www.brennerbasisdemokratie.eu\/?p=98700","title":{"rendered":"Fu\u00dfball: Italien raus, Politik rein."},"content":{"rendered":"<p>Lasst den Sport in Ruhe, vermischt ihn nicht mit der Politik! <a title=\"Mit Gr\u00fcn-Wei\u00df-Rot alles im Lot.\" href=\"https:\/\/www.brennerbasisdemokratie.eu\/?p=98410\">So oder \u00e4hnlich<\/a> t\u00f6nt es h\u00e4ufig, wenn es zum Beispiel um die Einrichtung eigenst\u00e4ndiger S\u00fcdtiroler Sportteams geht \u2014 oder wenn Kritik an \u00fcberm\u00e4\u00dfigem Nationalismus ge\u00fcbt wird.<\/p>\n<p>Nun ist die italienische Fu\u00dfballnationalelf der M\u00e4nner im Spiel gegen Bosnien-Herzegowina zum dritten Mal in Folge an der Qualifikation f\u00fcr die Weltmeisterschaft gescheitert. Dass die blutr\u00fcnstige Hymne abgesungen (und ein Vers daraus sogar <a title=\"Fu\u00dfball: Nationalistischer Vollrausch.\" href=\"https:\/\/www.brennerbasisdemokratie.eu\/?p=84408\">auf die Mannschaftstrikots gedruckt<\/a>) wurde, hat diesmal auch nicht mehr geholfen.<\/p>\n<p>Im ach so unpolitischen Sport ist interessant, wie das politische Italien reagiert: Vierzig Senatorinnen <em>aus allen politischen<\/em> Lagern richteten eine parlamentarische Anfrage an die Regierung und verlangten den R\u00fccktritt von Verbandschef Gabriele Gravina. Matteo Salvini, Minister und <em>Lega<\/em>-Chef, forderte dies schon wenige Minuten nach Spielende am Dienstag. Der ehemalige <abbr title=\"Partito Democratico\">PD<\/abbr>-Regierungschef Matteo Renzi <em>(Italia Viva<\/em>) \u00fcbte scharfe Kritik an der Nationalmannschaft und bezeichnete es als groben Fehler, zu \u00fcbersehen, dass Fu\u00dfball nicht nur Spa\u00df, sondern Teil der Identit\u00e4t und Kultur des Landes sei.<\/p>\n<p>Solche Aussagen machen deutlich, wie unhaltbar die Erz\u00e4hlung vom unpolitischen Sport ist. Nationalteams sind keine neutralen Gebilde, sondern Ausdruck des Staates \u2014 mit Hymnen, Flaggen und symbolischer Aufladung.<\/p>\n<p>Den R\u00fccktritt von Gravina und eine \u00bbNeugr\u00fcndung des italienischen Fu\u00dfballs\u00ab forderten auch <abbr title=\"Fratelli d\u2019Italia\">FdI<\/abbr>-Fraktionschef im Abgeordnetenhaus Galeazzo Bignami und \u2014 etwas verklausulierter \u2014 Senatspr\u00e4sident Ignazio Benito La Russa (FdI), der das zweith\u00f6chste Amt im Staat innehat.<\/p>\n<p>Und Sportminister Andrea Abodi, der angab, sich diesbez\u00fcglich mit Regierungschefin Giorgia Meloni (FdI) abgestimmt zu haben, bringt sogar ein Einschreiten des <em>Nationalen Olympischen Komitees<\/em> (NOK) ins Spiel, um den Verbandschef durch einen Kommiss\u00e4r zu ersetzen, falls er nicht von sich aus zur\u00fccktritt.<\/p>\n<p>F\u00fcrwahr: Sport und Politik sind (nicht nur) in diesem Staat zwei strikt voneinander \u00bbgetrennte\u00ab Sph\u00e4ren. Bleibt der sportliche Erfolg aus, wird der Fu\u00dfball zur Staatsangelegenheit.<\/p>\n<p><strong><span style=\"font-family: Helvetica, Arial, sans-serif; text-transform: uppercase;\">C\u00ebla enghe:<\/span><\/strong> <a title=\"Italien st\u00e4rkt den (banalen) Sportnationalismus.\" href=\"https:\/\/www.brennerbasisdemokratie.eu\/?p=96545\"><code>01<\/code><\/a> <a title=\"Napolitano und Fu\u00dfballsiege.\" href=\"https:\/\/www.brennerbasisdemokratie.eu\/?p=11700\"><code>02<\/code><\/a> <a title=\"Galateo und Bianchi f\u00fcr olympische Friedhofsruhe.\" href=\"https:\/\/www.brennerbasisdemokratie.eu\/?p=98165\"><code>03<\/code><\/a> <a title=\"Minorisierte Sprachen und Fu\u00dfball.\" href=\"https:\/\/www.brennerbasisdemokratie.eu\/?p=98464\"><code>04<\/code><\/a> <a title=\"Athletinnen in politischer Geiselhaft.\" href=\"https:\/\/www.brennerbasisdemokratie.eu\/?p=98230\"><code>05<\/code><\/a> <a title=\"Sport ist nicht unpolitisch.\" href=\"https:\/\/www.brennerbasisdemokratie.eu\/?p=98142\"><code>06<\/code><\/a> <a title=\"Folgenreiche nationalistische Sportberichterstattung.\" href=\"https:\/\/www.brennerbasisdemokratie.eu\/?p=84281\"><code>07<\/code><\/a> <a title=\"L\u2019Italia chiam\u00f2! S\u00ec!\" href=\"https:\/\/www.brennerbasisdemokratie.eu\/?p=98120\"><code>08<\/code><\/a><\/p>","protected":false},"excerpt":{"rendered":"<p>Lasst den Sport in Ruhe, vermischt ihn nicht mit der Politik! So oder \u00e4hnlich t\u00f6nt es h\u00e4ufig, wenn es zum Beispiel um die Einrichtung eigenst\u00e4ndiger S\u00fcdtiroler Sportteams geht \u2014 oder wenn Kritik an \u00fcberm\u00e4\u00dfigem Nationalismus ge\u00fcbt wird. Nun ist die italienische Fu\u00dfballnationalelf der M\u00e4nner im Spiel gegen Bosnien-Herzegowina zum dritten Mal in Folge an der [&hellip;]<\/p>","protected":false},"author":1,"featured_media":0,"comment_status":"open","ping_status":"open","sticky":false,"template":"","format":"standard","meta":{"_crdt_document":"","ngg_post_thumbnail":0,"_jetpack_memberships_contains_paid_content":false,"footnotes":""},"categories":[1],"tags":[],"class_list":["post-98700","post","type-post","status-publish","format-standard","hentry","category-allgemein","entity-fdi","entity-pd","issue-banalnationalism","location-italy","language-deutsch","person-giorgia-meloni","person-ignazio-benito-la-russa","person-matteo-renzi","topic-nationalismus","topic-politik","topic-sport","topic-symbolik"],"jetpack_featured_media_url":"","jetpack_sharing_enabled":true,"_links":{"self":[{"href":"https:\/\/www.brennerbasisdemokratie.eu\/index.php?rest_route=\/wp\/v2\/posts\/98700","targetHints":{"allow":["GET"]}}],"collection":[{"href":"https:\/\/www.brennerbasisdemokratie.eu\/index.php?rest_route=\/wp\/v2\/posts"}],"about":[{"href":"https:\/\/www.brennerbasisdemokratie.eu\/index.php?rest_route=\/wp\/v2\/types\/post"}],"author":[{"embeddable":true,"href":"https:\/\/www.brennerbasisdemokratie.eu\/index.php?rest_route=\/wp\/v2\/users\/1"}],"replies":[{"embeddable":true,"href":"https:\/\/www.brennerbasisdemokratie.eu\/index.php?rest_route=%2Fwp%2Fv2%2Fcomments&post=98700"}],"version-history":[{"count":3,"href":"https:\/\/www.brennerbasisdemokratie.eu\/index.php?rest_route=\/wp\/v2\/posts\/98700\/revisions"}],"predecessor-version":[{"id":98706,"href":"https:\/\/www.brennerbasisdemokratie.eu\/index.php?rest_route=\/wp\/v2\/posts\/98700\/revisions\/98706"}],"wp:attachment":[{"href":"https:\/\/www.brennerbasisdemokratie.eu\/index.php?rest_route=%2Fwp%2Fv2%2Fmedia&parent=98700"}],"wp:term":[{"taxonomy":"category","embeddable":true,"href":"https:\/\/www.brennerbasisdemokratie.eu\/index.php?rest_route=%2Fwp%2Fv2%2Fcategories&post=98700"},{"taxonomy":"post_tag","embeddable":true,"href":"https:\/\/www.brennerbasisdemokratie.eu\/index.php?rest_route=%2Fwp%2Fv2%2Ftags&post=98700"}],"curies":[{"name":"wp","href":"https:\/\/api.w.org\/{rel}","templated":true}]}}