{"id":98719,"date":"2026-04-03T13:08:23","date_gmt":"2026-04-03T11:08:23","guid":{"rendered":"https:\/\/www.brennerbasisdemokratie.eu\/?p=98719"},"modified":"2026-04-03T21:38:16","modified_gmt":"2026-04-03T19:38:16","slug":"kammer-bestraft-antifaschistischen-widerstand","status":"publish","type":"post","link":"https:\/\/www.brennerbasisdemokratie.eu\/?p=98719","title":{"rendered":"Kammer bestraft antifaschistischen Widerstand."},"content":{"rendered":"<p>Am 30. J\u00e4nner hatten mehrere Abgeordnete der Opposition die Vorstellung eines <a title=\"Remigration: Keine Illusion, worum es geht.\" href=\"https:\/\/www.brennerbasisdemokratie.eu\/?p=98267\">sogenannten<\/a> Remigrationsvolksbegehrens durch Vertreter neofaschistischer und neonazistischer Organisationen in R\u00e4umlichkeiten des italienischen Parlaments verhindert. Dazu waren sie in den f\u00fcr die unerh\u00f6rte Veranstaltung vorgesehenen Saal eingedrungen und hatten ihn besetzt.<\/p>\n<p>Der Sprecher von <em>CasaPound,<\/em> Luca Marsella, ein f\u00fchrendes Mitglied des <em>Veneto Fronte Skinheads,<\/em> Ivan Sogari, der vormalige <em>Forza-Nuova<\/em>-Mann Jacopo Massetti sowie Salvatore Ferrara von der <em>Rete dei Patrioti<\/em> \u2014 die sich zur rechtsextremistischen <em>Remigrazione e Riconquista<\/em> zusammengeschlossen haben \u2014 mussten auf ihren symboltr\u00e4chtigen Auftritt verzichten.<\/p>\n<p>Organisiert hatte diese Sch\u00e4ndung des Parlaments der <em>Lega<\/em>-Abgeordnete Domenico Furgiuele, der inzwischen zur ebenfalls neofaschistischen Bewegung <em>Futuro Nazionale<\/em> von Ex-Generalmajor Roberto Vannacci \u00fcbergelaufen ist.<\/p>\n<p>Dass eine solche Veranstaltung \u00fcberhaupt genehmigt worden war, wirft einen Schatten auf das italienische Parlament. Es ging schlie\u00dflich nicht nur um eine Pr\u00e4sentation, sondern um den bewussten Versuch, im wahrsten Sinn politische R\u00e4ume zu besetzen, um menschenfeindliche Inhalte zu normalisieren.<\/p>\n<p>Daf\u00fcr, dass sie diesen Missbrauch parlamentarischer R\u00e4ume durch Demokratiefeinde vereitelt haben, die einen rassistischen Gesetzentwurf pr\u00e4sentieren wollten, wurden nun 22 Abgeordnete von <abbr title=\"Partito Democratico\">PD<\/abbr>, <abbr title=\"F\u00fcnfsternebewegung\">5SB<\/abbr> und der linksgr\u00fcnen Allianz AVS f\u00fcr f\u00fcnf Tage und zehn weitere f\u00fcr vier Tage suspendiert. Die Entscheidung wurde vom Pr\u00e4sidium <a title=\"Italien: Fontana ist Kammerpr\u00e4sident.\" href=\"https:\/\/www.brennerbasisdemokratie.eu\/?p=74471\">des von Lorenzo Fontana <em>(Lega)<\/em> gef\u00fchrten r\u00f6mischen Abgeordnetenhauses<\/a> gef\u00e4llt.<\/p>\n<p>W\u00e4hrend also extremistische Akteure Zugang zum Hort der Demokratie erhalten, werden ausgerechnet jene sanktioniert, die sich dem entgegenstellen.<\/p>\n<p><strong><span style=\"font-family: Helvetica, Arial, sans-serif; text-transform: uppercase;\">C\u00ebla enghe:<\/span><\/strong> <a title=\"Remigrationsdemo: Flop und Erfolg nah beisammen.\" href=\"https:\/\/www.brennerbasisdemokratie.eu\/?p=98277\"><code>01<\/code><\/a> <a title=\"Corrarati und die SVP mit \u203aRemigrazione e Riconquista\u2039.\" href=\"https:\/\/www.brennerbasisdemokratie.eu\/?p=96177\"><code>02<\/code><\/a> <a title=\"Corrarati fand Fascho-Aktion \u203adurchaus sch\u00f6n\u2039.\" href=\"https:\/\/www.brennerbasisdemokratie.eu\/?p=96198\"><code>03<\/code><\/a> <a title=\"Remigration: Unglaubw\u00fcrdige Abgrenzung.\" href=\"https:\/\/www.brennerbasisdemokratie.eu\/?p=98042\"><code>04<\/code><\/a> <a title=\"Internationaler Deportationsgipfel in Italien.\" href=\"https:\/\/www.brennerbasisdemokratie.eu\/?p=92015\"><code>05<\/code><\/a> <a title=\"Ungebremste Radikalisierung.\" href=\"https:\/\/www.brennerbasisdemokratie.eu\/?p=84450\"><code>06<\/code><\/a><\/p>","protected":false},"excerpt":{"rendered":"<p>Am 30. J\u00e4nner hatten mehrere Abgeordnete der Opposition die Vorstellung eines sogenannten Remigrationsvolksbegehrens durch Vertreter neofaschistischer und neonazistischer Organisationen in R\u00e4umlichkeiten des italienischen Parlaments verhindert. Dazu waren sie in den f\u00fcr die unerh\u00f6rte Veranstaltung vorgesehenen Saal eingedrungen und hatten ihn besetzt. Der Sprecher von CasaPound, Luca Marsella, ein f\u00fchrendes Mitglied des Veneto Fronte Skinheads, Ivan [&hellip;]<\/p>","protected":false},"author":1,"featured_media":0,"comment_status":"open","ping_status":"open","sticky":false,"template":"","format":"standard","meta":{"_crdt_document":"","ngg_post_thumbnail":0,"_jetpack_memberships_contains_paid_content":false,"footnotes":""},"categories":[1],"tags":[],"class_list":["post-98719","post","type-post","status-publish","format-standard","hentry","category-allgemein","entity-5sb","entity-cpi","entity-lega","entity-pd","entity-staat-italien","entity-svp","location-italy","language-deutsch","topic-democrazia","topic-faschismen","topic-grundrechte","topic-politik","topic-racism","topic-ungehorsam"],"jetpack_featured_media_url":"","jetpack_sharing_enabled":true,"_links":{"self":[{"href":"https:\/\/www.brennerbasisdemokratie.eu\/index.php?rest_route=\/wp\/v2\/posts\/98719","targetHints":{"allow":["GET"]}}],"collection":[{"href":"https:\/\/www.brennerbasisdemokratie.eu\/index.php?rest_route=\/wp\/v2\/posts"}],"about":[{"href":"https:\/\/www.brennerbasisdemokratie.eu\/index.php?rest_route=\/wp\/v2\/types\/post"}],"author":[{"embeddable":true,"href":"https:\/\/www.brennerbasisdemokratie.eu\/index.php?rest_route=\/wp\/v2\/users\/1"}],"replies":[{"embeddable":true,"href":"https:\/\/www.brennerbasisdemokratie.eu\/index.php?rest_route=%2Fwp%2Fv2%2Fcomments&post=98719"}],"version-history":[{"count":2,"href":"https:\/\/www.brennerbasisdemokratie.eu\/index.php?rest_route=\/wp\/v2\/posts\/98719\/revisions"}],"predecessor-version":[{"id":98730,"href":"https:\/\/www.brennerbasisdemokratie.eu\/index.php?rest_route=\/wp\/v2\/posts\/98719\/revisions\/98730"}],"wp:attachment":[{"href":"https:\/\/www.brennerbasisdemokratie.eu\/index.php?rest_route=%2Fwp%2Fv2%2Fmedia&parent=98719"}],"wp:term":[{"taxonomy":"category","embeddable":true,"href":"https:\/\/www.brennerbasisdemokratie.eu\/index.php?rest_route=%2Fwp%2Fv2%2Fcategories&post=98719"},{"taxonomy":"post_tag","embeddable":true,"href":"https:\/\/www.brennerbasisdemokratie.eu\/index.php?rest_route=%2Fwp%2Fv2%2Ftags&post=98719"}],"curies":[{"name":"wp","href":"https:\/\/api.w.org\/{rel}","templated":true}]}}