{"id":98726,"date":"2026-04-03T21:30:56","date_gmt":"2026-04-03T19:30:56","guid":{"rendered":"https:\/\/www.brennerbasisdemokratie.eu\/?p=98726"},"modified":"2026-04-04T05:50:17","modified_gmt":"2026-04-04T03:50:17","slug":"usa-italienischer-kulturminister-huldigt-kolumbus","status":"publish","type":"post","link":"https:\/\/www.brennerbasisdemokratie.eu\/?p=98726","title":{"rendered":"USA: Italienischer Kulturminister huldigt Kolumbus."},"content":{"rendered":"<p>Am 23. M\u00e4rz legte der italienische Kulturminister Alessandro Giuli im Rahmen eines USA-Besuchs in New York einen Kranz zu Ehren von Christoph Kolumbus nieder. Er w\u00e4hlte daf\u00fcr die Statue des \u00bbEntdeckers\u00ab am <em>Columbus Circle.<\/em><\/p>\n<p>Dabei <a title=\"MiC: Pressemitteilung.\" href=\"https:\/\/cultura.gov.it\/comunicato\/28839\" target=\"_blank\" rel=\"noopener\">erkl\u00e4rte<\/a> er, das amerikanische Volk sehe in Kolumbus und in den Italienerinnen in Amerika eine Pr\u00e4senz, die seine Identit\u00e4t seit Jahrhunderten bereichert habe. Dies erf\u00fclle, so der Minister, \u00bbuns alle\u00ab mit Stolz.<\/p>\n<p>Unklar bleibt, wie in dieser Aussage das \u00bbamerikanische Volk\u00ab definiert ist. Die Ureinwohnerinnen d\u00fcrften jedenfalls nicht gemeint sein. Und auch, wen der Minister mit \u00bbuns alle\u00ab meint, die angeblich stolz sein sollen, f\u00fchrte er nicht n\u00e4her aus. Klar ist aber, dass er historisches Unrecht einfach ausblendet und mit einem harmonischen \u00bbWir\u00ab ummantelt.<\/p>\n<p>Nur wenige Tage zuvor hatte US-Pr\u00e4sident Donald Trump f\u00fcr Aufsehen gesorgt, indem er in der N\u00e4he des Wei\u00dfen Hauses eine Kolumbusstatue aufstellen lie\u00df. Es handelt sich um die Replik eines Denkmals, das 2020 \u2014 w\u00e4hrend seiner ersten Amtszeit \u2014 im Zuge antirassistischer Proteste in den Hafen von Baltimore gesto\u00dfen worden war.<\/p>\n<p>W\u00e4hrend Kolumbus in den USA zunehmend kritisch betrachtet und hinterfragt wird, propagieren Trump und die MAGA-Bewegung auch in diesem Zusammenhang ein r\u00fcckw\u00e4rtsgewandtes Weltbild, das nichtwei\u00dfe Geschichte und Perspektiven systematisch ausblendet und koloniale Gewalt verharmlost.<\/p>\n<p>Beim Auftritt des italienischen Kulturministers war von einem kritischen Umgang mit der kolonialen Vergangenheit ebenfalls keine Spur. Statt diese und das damit zusammenh\u00e4ngende Leid zumindest anzuerkennen, ging es ihm offenbar nur um identit\u00e4r-nationalistische Selbstvergewisserung.<\/p>\n<p><strong><span style=\"font-family: Helvetica, Arial, sans-serif; text-transform: uppercase;\">C\u00ebla enghe:<\/span><\/strong> <a title=\"Cann\u00e6 statt Bologna.\" href=\"https:\/\/www.brennerbasisdemokratie.eu\/?p=93796\"><code>01<\/code><\/a> <span style=\"font-family: Helvetica, Arial, sans-serif; font-weight: normal;\">|<\/span> <a title=\"Meloni f\u00fcr den Columbus Day.\" href=\"https:\/\/www.brennerbasisdemokratie.eu\/?p=95497\"><code>02<\/code><\/a> <a title=\"Kolumbus f\u00e4llt vom Sockel.\" href=\"https:\/\/www.brennerbasisdemokratie.eu\/?p=36078\"><code>03<\/code><\/a> <a title=\"Los Angeles schickt Kolumbus aufs Altenteil.\" href=\"https:\/\/www.brennerbasisdemokratie.eu\/?p=44028\"><code>04<\/code><\/a> <a title=\"CUP fordert Schleifung von Kolumbusstatue.\" href=\"https:\/\/www.brennerbasisdemokratie.eu\/?p=31801\"><code>05<\/code><\/a> <a title=\"Badalona gegen den \u203aColumbus Day\u2039.\" href=\"https:\/\/www.brennerbasisdemokratie.eu\/?p=31964\"><code>06<\/code><\/a><\/p>","protected":false},"excerpt":{"rendered":"<p>Am 23. M\u00e4rz legte der italienische Kulturminister Alessandro Giuli im Rahmen eines USA-Besuchs in New York einen Kranz zu Ehren von Christoph Kolumbus nieder. Er w\u00e4hlte daf\u00fcr die Statue des \u00bbEntdeckers\u00ab am Columbus Circle. Dabei erkl\u00e4rte er, das amerikanische Volk sehe in Kolumbus und in den Italienerinnen in Amerika eine Pr\u00e4senz, die seine Identit\u00e4t seit [&hellip;]<\/p>","protected":false},"author":1,"featured_media":0,"comment_status":"open","ping_status":"open","sticky":false,"template":"","format":"standard","meta":{"_crdt_document":"","ngg_post_thumbnail":0,"_jetpack_memberships_contains_paid_content":false,"footnotes":""},"categories":[1],"tags":[],"class_list":["post-98726","post","type-post","status-publish","format-standard","hentry","category-allgemein","entity-staat-italien","issue-geschichtsaufarbeitung","location-italy","location-usa","language-deutsch","person-donald-trump","topic-arch","topic-colonialismi","topic-geschichte","topic-nationalismus","topic-politik","topic-symbolik"],"jetpack_featured_media_url":"","jetpack_sharing_enabled":true,"_links":{"self":[{"href":"https:\/\/www.brennerbasisdemokratie.eu\/index.php?rest_route=\/wp\/v2\/posts\/98726","targetHints":{"allow":["GET"]}}],"collection":[{"href":"https:\/\/www.brennerbasisdemokratie.eu\/index.php?rest_route=\/wp\/v2\/posts"}],"about":[{"href":"https:\/\/www.brennerbasisdemokratie.eu\/index.php?rest_route=\/wp\/v2\/types\/post"}],"author":[{"embeddable":true,"href":"https:\/\/www.brennerbasisdemokratie.eu\/index.php?rest_route=\/wp\/v2\/users\/1"}],"replies":[{"embeddable":true,"href":"https:\/\/www.brennerbasisdemokratie.eu\/index.php?rest_route=%2Fwp%2Fv2%2Fcomments&post=98726"}],"version-history":[{"count":11,"href":"https:\/\/www.brennerbasisdemokratie.eu\/index.php?rest_route=\/wp\/v2\/posts\/98726\/revisions"}],"predecessor-version":[{"id":98740,"href":"https:\/\/www.brennerbasisdemokratie.eu\/index.php?rest_route=\/wp\/v2\/posts\/98726\/revisions\/98740"}],"wp:attachment":[{"href":"https:\/\/www.brennerbasisdemokratie.eu\/index.php?rest_route=%2Fwp%2Fv2%2Fmedia&parent=98726"}],"wp:term":[{"taxonomy":"category","embeddable":true,"href":"https:\/\/www.brennerbasisdemokratie.eu\/index.php?rest_route=%2Fwp%2Fv2%2Fcategories&post=98726"},{"taxonomy":"post_tag","embeddable":true,"href":"https:\/\/www.brennerbasisdemokratie.eu\/index.php?rest_route=%2Fwp%2Fv2%2Ftags&post=98726"}],"curies":[{"name":"wp","href":"https:\/\/api.w.org\/{rel}","templated":true}]}}