{"id":98768,"date":"2026-04-07T10:39:25","date_gmt":"2026-04-07T08:39:25","guid":{"rendered":"https:\/\/www.brennerbasisdemokratie.eu\/?p=98768"},"modified":"2026-04-08T17:43:20","modified_gmt":"2026-04-08T15:43:20","slug":"wahlbroschure-senedd-statt-parliament","status":"publish","type":"post","link":"https:\/\/www.brennerbasisdemokratie.eu\/?p=98768","title":{"rendered":"Wahlbrosch\u00fcre: Senedd statt Parliament."},"content":{"rendered":"<p>In genau einem Monat finden in Cymru (<abbr title=\"also known as\">aka<\/abbr> Wales) Wahlen zum <em>Senedd,<\/em> dem Landesparlament statt. Im Vorfeld hat die zust\u00e4ndige Wahlkommission eine Brosch\u00fcre mit Informationen f\u00fcr die W\u00e4hlenden ver\u00f6ffentlicht, die es nat\u00fcrlich in einer <a title=\"Senedd Guide cymreag.\" href=\"https:\/\/www.brennerbasisdemokratie.eu\/wp-content\/uploads\/2026\/04\/senedd_guide2026-cy.pdf\">walisischen<\/a> und einer <a title=\"Senedd Guide englisch.\" href=\"https:\/\/www.brennerbasisdemokratie.eu\/wp-content\/uploads\/2026\/04\/senedd_guide2026-en.pdf\">englischen<\/a> Sprachversion gibt.<\/p>\n<blockquote><p><a href=\"https:\/\/www.brennerbasisdemokratie.eu\/wp-content\/uploads\/2026\/04\/senedd_guide2026-en.pdf\"><img loading=\"lazy\" decoding=\"async\" class=\"aligncenter wp-image-98769 size-full\" src=\"https:\/\/www.brennerbasisdemokratie.eu\/wp-content\/uploads\/2026\/04\/senedd_guide2026-en.jpg\" alt=\"\" width=\"950\" height=\"300\" srcset=\"https:\/\/www.brennerbasisdemokratie.eu\/wp-content\/uploads\/2026\/04\/senedd_guide2026-en.jpg 950w, https:\/\/www.brennerbasisdemokratie.eu\/wp-content\/uploads\/2026\/04\/senedd_guide2026-en-768x243.jpg 768w\" sizes=\"auto, (max-width: 950px) 100vw, 950px\" \/><\/a><\/p><\/blockquote>\n<p><em><small>Wahlbrosch\u00fcre: Titelseite (Ausschnitt)<\/small><\/em><\/p>\n<p>Interessant finde ich hierbei, dass auch in der englischen Sprachversion der walisische Name des Parlaments, <em>Senedd,<\/em> benutzt wird \u2014 und das, obschon der offizielle englische Name der Institution <em>Welsh Parliament<\/em> lautet, wie nicht zuletzt die offizielle Website zeigt:<\/p>\n<blockquote><p><a href=\"https:\/\/senedd.cymru\/\"><img loading=\"lazy\" decoding=\"async\" class=\"size-full wp-image-98777 aligncenter\" src=\"https:\/\/www.brennerbasisdemokratie.eu\/wp-content\/uploads\/2026\/04\/senedd_web-header.jpg\" alt=\"\" width=\"950\" height=\"220\" srcset=\"https:\/\/www.brennerbasisdemokratie.eu\/wp-content\/uploads\/2026\/04\/senedd_web-header.jpg 950w, https:\/\/www.brennerbasisdemokratie.eu\/wp-content\/uploads\/2026\/04\/senedd_web-header-768x178.jpg 768w\" sizes=\"auto, (max-width: 950px) 100vw, 950px\" \/><\/a><\/p><\/blockquote>\n<p><em><small>Senedd-Website (Ausschnitt)<\/small><\/em><\/p>\n<p>Das ist in etwa so, als w\u00fcrde man in S\u00fcdtirol zur Landtagswahl eine amtliche italienische Brosch\u00fcre herausgeben, in der das Landesparlament nicht <em>Consiglio provinciale,<\/em> sondern <em>Landtag<\/em> genannt w\u00fcrde. Ein solcher Schritt im Sinne der sogenannten <em>Affirmative action<\/em> (positive Diskriminierung) ist hierzulande leider schwer vorstellbar.<\/p>\n<p>Vor wenigen Jahren <a title=\"Senedd, D\u00e1il e Bundestag.\" href=\"https:\/\/www.brennerbasisdemokratie.eu\/?p=52807\">war in Cymru auch dar\u00fcber diskutiert worden, die englische Bezeichnung der Institution ganz fallen zu lassen<\/a>, doch dazu konnte man sich letztendlich (noch) nicht durchringen.<\/p>\n<p style=\"text-align: center;\"><hr class=\"dotted-hr\" style=\"height: 4px; width: 100%; border: none; margin-top: 0em; margin-bottom: 0em; background-color: black;\"\/><\/p>\n<p><strong>Nachtrag<\/strong> vom 8. April 2026: Auch die Webadresse des walisischen Parlaments lautet <em>www.senedd.cymru<\/em> (f\u00fchrt direkt zur walisischen Sprachversion) und <em>www.senedd.wales<\/em> (f\u00fchrt direkt zur englischen Sprachversion).<\/p>\n<p><strong><span style=\"font-family: Helvetica, Arial, sans-serif; text-transform: uppercase;\">C\u00ebla enghe:<\/span><\/strong> <a title=\"Regierungsvertretungen in Cymru und S\u00fcdtirol.\" href=\"https:\/\/www.brennerbasisdemokratie.eu\/?p=84219\"><code>01<\/code><\/a> <a title=\"Ambitionierte Sprachpolitik in Cymru.\" href=\"https:\/\/www.brennerbasisdemokratie.eu\/?p=88854\"><code>02<\/code><\/a> <a title=\"Cymru: Diskussion \u00fcber Unabh\u00e4ngigkeit erw\u00fcnscht.\" href=\"https:\/\/www.brennerbasisdemokratie.eu\/?p=92826\"><code>03<\/code><\/a> <span style=\"font-family: Helvetica, Arial, sans-serif; font-weight: normal;\">|<\/span> <a title=\"Die \u203aUnit\u00e9s des Communes Vald\u00f4taines\u2039.\" href=\"https:\/\/www.brennerbasisdemokratie.eu\/?p=95734\"><code>04<\/code><\/a><\/p>","protected":false},"excerpt":{"rendered":"<p>In genau einem Monat finden in Cymru (aka Wales) Wahlen zum Senedd, dem Landesparlament statt. Im Vorfeld hat die zust\u00e4ndige Wahlkommission eine Brosch\u00fcre mit Informationen f\u00fcr die W\u00e4hlenden ver\u00f6ffentlicht, die es nat\u00fcrlich in einer walisischen und einer englischen Sprachversion gibt. Wahlbrosch\u00fcre: Titelseite (Ausschnitt) Interessant finde ich hierbei, dass auch in der englischen Sprachversion der walisische [&hellip;]<\/p>","protected":false},"author":1,"featured_media":0,"comment_status":"open","ping_status":"open","sticky":false,"template":"","format":"standard","meta":{"_crdt_document":"","ngg_post_thumbnail":0,"_jetpack_memberships_contains_paid_content":false,"footnotes":""},"categories":[1],"tags":[],"class_list":["post-98768","post","type-post","status-publish","format-standard","hentry","category-allgemein","entity-sudtiroler-landtag","issue-affirmative-action","issue-good-practices","location-cymru","location-sudtirolo","language-deutsch","topic-comparatio","topic-democrazia","topic-lingaz","topic-politik","topic-servicepublic"],"jetpack_featured_media_url":"","jetpack_sharing_enabled":true,"_links":{"self":[{"href":"https:\/\/www.brennerbasisdemokratie.eu\/index.php?rest_route=\/wp\/v2\/posts\/98768","targetHints":{"allow":["GET"]}}],"collection":[{"href":"https:\/\/www.brennerbasisdemokratie.eu\/index.php?rest_route=\/wp\/v2\/posts"}],"about":[{"href":"https:\/\/www.brennerbasisdemokratie.eu\/index.php?rest_route=\/wp\/v2\/types\/post"}],"author":[{"embeddable":true,"href":"https:\/\/www.brennerbasisdemokratie.eu\/index.php?rest_route=\/wp\/v2\/users\/1"}],"replies":[{"embeddable":true,"href":"https:\/\/www.brennerbasisdemokratie.eu\/index.php?rest_route=%2Fwp%2Fv2%2Fcomments&post=98768"}],"version-history":[{"count":7,"href":"https:\/\/www.brennerbasisdemokratie.eu\/index.php?rest_route=\/wp\/v2\/posts\/98768\/revisions"}],"predecessor-version":[{"id":98790,"href":"https:\/\/www.brennerbasisdemokratie.eu\/index.php?rest_route=\/wp\/v2\/posts\/98768\/revisions\/98790"}],"wp:attachment":[{"href":"https:\/\/www.brennerbasisdemokratie.eu\/index.php?rest_route=%2Fwp%2Fv2%2Fmedia&parent=98768"}],"wp:term":[{"taxonomy":"category","embeddable":true,"href":"https:\/\/www.brennerbasisdemokratie.eu\/index.php?rest_route=%2Fwp%2Fv2%2Fcategories&post=98768"},{"taxonomy":"post_tag","embeddable":true,"href":"https:\/\/www.brennerbasisdemokratie.eu\/index.php?rest_route=%2Fwp%2Fv2%2Ftags&post=98768"}],"curies":[{"name":"wp","href":"https:\/\/api.w.org\/{rel}","templated":true}]}}