{"id":9888,"date":"2011-12-22T15:39:44","date_gmt":"2011-12-22T14:39:44","guid":{"rendered":"http:\/\/www.brennerbasisdemokratie.eu\/?p=9888"},"modified":"2024-04-28T15:38:33","modified_gmt":"2024-04-28T13:38:33","slug":"eu-parlament-fur-steuerhoheit","status":"publish","type":"post","link":"https:\/\/www.brennerbasisdemokratie.eu\/?p=9888","title":{"rendered":"EU-Parlament f\u00fcr regionale Steuerhoheit."},"content":{"rendered":"<p>Die katalanischen Europaabgeordneten Ramon Tremosa (CiU, mitte), Oriol Junqueras (<abbr title=\"Esquerra Republicana de Catalunya\">ERC<\/abbr>, links) und Ra\u00fcl Romeva (ICV, gr\u00fcn) machen im Stra\u00dfburger Parlament meist gemeinsame Sache, wenn es darum geht, die Eigenst\u00e4ndigkeit ihres Landes auszubauen oder abzusichern. Vor rund einem Monat hatten sie in der Wirtschafts- und Finanzkommission einen Antrag eingebracht, mit dem das Parlament grunds\u00e4tzlich die Steuerhoheit f\u00fcr autonome Regionen anmahnen sollte. Mitunterzeichner waren unter anderem die Fl\u00e4min Frieda Brepoels (NVA), die Baskin Izaskun Bilbao (<abbr title=\"Eusko Alderdi Jeltzalea\">EAJ<\/abbr>) und der Schotte Alyn Smith (<abbr title=\"Scottish National Party\">SNP<\/abbr>). Den <abbr title=\"S\u00fcdtiroler Volkspartei\">SVP<\/abbr>-Abgeordneten sucht man unter den Unterst\u00fctzerinnen wie so oft vergeblich.<\/p>\n<p>Mit dem Hinweis auf gr\u00f6\u00dferen Handlungsspielraum, aber auch h\u00f6here wirtschaftliche Effizienz, stimmte das Parlament nun \u2014 mit den Stimmen von EVP, <em>Gr\u00fcnen<\/em> und <em>Liberalen<\/em> \u2014 mehrheitlich f\u00fcr den Antrag.<\/p>\n<p>Dies geschieht, w\u00e4hrend Rom widerrechtlich den S\u00fcdtiroler Landeshaushalt k\u00fcrzt, um die L\u00f6cher des Staatshaushalts zu stopfen.<\/p>\n<p><small><em>Quelle: Rac\u00f3 Catal\u00e0<\/em><\/small><\/p>","protected":false},"excerpt":{"rendered":"<p>Die katalanischen Europaabgeordneten Ramon Tremosa (CiU, mitte), Oriol Junqueras (ERC, links) und Ra\u00fcl Romeva (ICV, gr\u00fcn) machen im Stra\u00dfburger Parlament meist gemeinsame Sache, wenn es darum geht, die Eigenst\u00e4ndigkeit ihres Landes auszubauen oder abzusichern. Vor rund einem Monat hatten sie in der Wirtschafts- und Finanzkommission einen Antrag eingebracht, mit dem das Parlament grunds\u00e4tzlich die Steuerhoheit [&hellip;]<\/p>","protected":false},"author":1,"featured_media":0,"comment_status":"open","ping_status":"open","sticky":false,"template":"","format":"standard","meta":{"_crdt_document":"","ngg_post_thumbnail":0,"_jetpack_memberships_contains_paid_content":false,"footnotes":""},"categories":[1],"tags":[],"class_list":["post-9888","post","type-post","status-publish","format-standard","hentry","category-allgemein","entity-alde","entity-eaj","entity-erc","entity-eu","entity-evp","entity-snp","entity-svp","entity-verc","issue-good-news","location-catalunya","location-euskadi","location-schottland","location-sudtirolo","language-deutsch","medium-raco-catala","person-herbert-dorfmann","person-oriol-junqueras","person-raul-romeva","topic-wirtschaft","topic-zentralismus"],"jetpack_featured_media_url":"","jetpack_sharing_enabled":true,"_links":{"self":[{"href":"https:\/\/www.brennerbasisdemokratie.eu\/index.php?rest_route=\/wp\/v2\/posts\/9888","targetHints":{"allow":["GET"]}}],"collection":[{"href":"https:\/\/www.brennerbasisdemokratie.eu\/index.php?rest_route=\/wp\/v2\/posts"}],"about":[{"href":"https:\/\/www.brennerbasisdemokratie.eu\/index.php?rest_route=\/wp\/v2\/types\/post"}],"author":[{"embeddable":true,"href":"https:\/\/www.brennerbasisdemokratie.eu\/index.php?rest_route=\/wp\/v2\/users\/1"}],"replies":[{"embeddable":true,"href":"https:\/\/www.brennerbasisdemokratie.eu\/index.php?rest_route=%2Fwp%2Fv2%2Fcomments&post=9888"}],"version-history":[{"count":8,"href":"https:\/\/www.brennerbasisdemokratie.eu\/index.php?rest_route=\/wp\/v2\/posts\/9888\/revisions"}],"predecessor-version":[{"id":85293,"href":"https:\/\/www.brennerbasisdemokratie.eu\/index.php?rest_route=\/wp\/v2\/posts\/9888\/revisions\/85293"}],"wp:attachment":[{"href":"https:\/\/www.brennerbasisdemokratie.eu\/index.php?rest_route=%2Fwp%2Fv2%2Fmedia&parent=9888"}],"wp:term":[{"taxonomy":"category","embeddable":true,"href":"https:\/\/www.brennerbasisdemokratie.eu\/index.php?rest_route=%2Fwp%2Fv2%2Fcategories&post=9888"},{"taxonomy":"post_tag","embeddable":true,"href":"https:\/\/www.brennerbasisdemokratie.eu\/index.php?rest_route=%2Fwp%2Fv2%2Ftags&post=9888"}],"curies":[{"name":"wp","href":"https:\/\/api.w.org\/{rel}","templated":true}]}}