{"id":98990,"date":"2026-04-26T14:11:30","date_gmt":"2026-04-26T12:11:30","guid":{"rendered":"https:\/\/www.brennerbasisdemokratie.eu\/?p=98990"},"modified":"2026-04-26T14:51:53","modified_gmt":"2026-04-26T12:51:53","slug":"kontinuum-zwischen-dialekt-und-standard","status":"publish","type":"post","link":"https:\/\/www.brennerbasisdemokratie.eu\/?p=98990","title":{"rendered":"Kontinuum zwischen Dialekt und Standard."},"content":{"rendered":"<blockquote><p>Laut Gesch\u00e4ftsordnung des S\u00fcdtiroler Landtags kann man Deutsch und Italienisch ja gleicherma\u00dfen verwenden. Inwiefern der Dialekt eingeschlossen ist, wird nicht expliziert. Nun ist die deutsche Sprache aber ein wunderbar variationsreiches Gebilde und man muss sich nicht einmal entweder f\u00fcr das Standarddeutsche \u2013 oft auch synonym als Hochdeutsch bezeichnet \u2013 oder den Dialekt entscheiden. Man kann sich n\u00e4mlich zwischen den beiden Polen ein Kontinuum vorstellen und z. B. ein mehr oder weniger umgangssprachlich bzw. dialektal gef\u00e4rbtes Standarddeutsch w\u00e4hlen.<\/p><\/blockquote>\n<p><em>Andrea Abel, Germanistin und Soziolinguistin, im <a title=\"TAZ: Soll Dialekt tabu sein?\" href=\"https:\/\/www.tageszeitung.it\/2026\/04\/24\/soll-dialekt-im-landtag-tabu-sein\/\" target=\"_blank\" rel=\"noopener\">Gespr\u00e4ch<\/a><\/em><em>, das Heinrich Schwazer f\u00fcr die <abbr title=\"Tageszeitung\">TAZ<\/abbr> (18.\/19. April) mit ihr und dem Minderheitenexperten G\u00fcnther Rautz gef\u00fchrt hat. Beide arbeiten an der Eurac.<\/em><\/p>\n<p><strong><span style=\"font-family: Helvetica, Arial, sans-serif; text-transform: uppercase;\">C\u00ebla enghe:<\/span><\/strong> <a href=\"https:\/\/www.brennerbasisdemokratie.eu\/?p=75558\" title=\"Die eine Standardsprache ist ein Mythos.\"><code>01<\/code><\/a> <a href=\"https:\/\/www.brennerbasisdemokratie.eu\/?p=88222\" title=\"Sch\u00e4dliche Standardsprachenideologie.\"><code>02<\/code><\/a> <a href=\"https:\/\/www.brennerbasisdemokratie.eu\/?p=98445\" title=\"Christian Bianchi gegen den Dialekt.\"><code>03<\/code><\/a> <a href=\"https:\/\/www.brennerbasisdemokratie.eu\/?p=98755\" title=\"Landtag, insensato vietare il dialetto.\"><code>04<\/code><\/a> <a href=\"https:\/\/www.brennerbasisdemokratie.eu\/?p=98894\" title=\"Wir waren niemals woke.\"><code>05<\/code><\/a><\/p>","protected":false},"excerpt":{"rendered":"<p>Laut Gesch\u00e4ftsordnung des S\u00fcdtiroler Landtags kann man Deutsch und Italienisch ja gleicherma\u00dfen verwenden. Inwiefern der Dialekt eingeschlossen ist, wird nicht expliziert. Nun ist die deutsche Sprache aber ein wunderbar variationsreiches Gebilde und man muss sich nicht einmal entweder f\u00fcr das Standarddeutsche \u2013 oft auch synonym als Hochdeutsch bezeichnet \u2013 oder den Dialekt entscheiden. Man kann [&hellip;]<\/p>","protected":false},"author":1,"featured_media":0,"comment_status":"open","ping_status":"open","sticky":false,"template":"","format":"standard","meta":{"_crdt_document":"","ngg_post_thumbnail":0,"_jetpack_memberships_contains_paid_content":false,"footnotes":""},"categories":[1],"tags":[],"class_list":["post-98990","post","type-post","status-publish","format-standard","hentry","category-allgemein","entity-eurac","entity-sudtiroler-landtag","issue-quotation","location-sudtirolo","language-deutsch","medium-taz","person-andrea-abel","topic-dialekt","topic-lingaz","topic-politik","topic-wissenschaft"],"jetpack_featured_media_url":"","jetpack_sharing_enabled":true,"_links":{"self":[{"href":"https:\/\/www.brennerbasisdemokratie.eu\/index.php?rest_route=\/wp\/v2\/posts\/98990","targetHints":{"allow":["GET"]}}],"collection":[{"href":"https:\/\/www.brennerbasisdemokratie.eu\/index.php?rest_route=\/wp\/v2\/posts"}],"about":[{"href":"https:\/\/www.brennerbasisdemokratie.eu\/index.php?rest_route=\/wp\/v2\/types\/post"}],"author":[{"embeddable":true,"href":"https:\/\/www.brennerbasisdemokratie.eu\/index.php?rest_route=\/wp\/v2\/users\/1"}],"replies":[{"embeddable":true,"href":"https:\/\/www.brennerbasisdemokratie.eu\/index.php?rest_route=%2Fwp%2Fv2%2Fcomments&post=98990"}],"version-history":[{"count":6,"href":"https:\/\/www.brennerbasisdemokratie.eu\/index.php?rest_route=\/wp\/v2\/posts\/98990\/revisions"}],"predecessor-version":[{"id":98996,"href":"https:\/\/www.brennerbasisdemokratie.eu\/index.php?rest_route=\/wp\/v2\/posts\/98990\/revisions\/98996"}],"wp:attachment":[{"href":"https:\/\/www.brennerbasisdemokratie.eu\/index.php?rest_route=%2Fwp%2Fv2%2Fmedia&parent=98990"}],"wp:term":[{"taxonomy":"category","embeddable":true,"href":"https:\/\/www.brennerbasisdemokratie.eu\/index.php?rest_route=%2Fwp%2Fv2%2Fcategories&post=98990"},{"taxonomy":"post_tag","embeddable":true,"href":"https:\/\/www.brennerbasisdemokratie.eu\/index.php?rest_route=%2Fwp%2Fv2%2Ftags&post=98990"}],"curies":[{"name":"wp","href":"https:\/\/api.w.org\/{rel}","templated":true}]}}