{"id":99005,"date":"2026-04-27T16:43:27","date_gmt":"2026-04-27T14:43:27","guid":{"rendered":"https:\/\/www.brennerbasisdemokratie.eu\/?p=99005"},"modified":"2026-04-27T16:47:46","modified_gmt":"2026-04-27T14:47:46","slug":"coldiretti-missbraucht-wieder-den-brenner","status":"publish","type":"post","link":"https:\/\/www.brennerbasisdemokratie.eu\/?p=99005","title":{"rendered":"Coldiretti missbraucht wieder den Brenner."},"content":{"rendered":"<p>Sch\u00f6n langsam wird es zu einer \u2014 unangenehmen \u2014 Gewohnheit: Die italienische Bauernlobby platziert sich am Brenner, um mit klar gastronationalistischem Ton an der (angeblichen) \u00bbGrenze der Nation\u00ab gegen Waren aus dem Ausland zu protestieren. Auch jetzt wieder.<\/p>\n<p>Gemeinsam mit italienischen Ordnungsh\u00fctern werden dann unter Slogans wie \u00bbStoppen wir das gef\u00e4lschte italienische Essen \u2013 Nofake<em>in<\/em>Italy\u00ab<sup class=\"modern-footnotes-footnote modern-footnotes-footnote--hover-on-desktop \" data-mfn=\"1\" data-mfn-post-scope=\"00000000000007e30000000000000000_99005\"><a href=\"javascript:void(0)\"  role=\"button\" aria-pressed=\"false\" aria-describedby=\"mfn-content-00000000000007e30000000000000000_99005-1\">1<\/a><\/sup><span id=\"mfn-content-00000000000007e30000000000000000_99005-1\" role=\"tooltip\" class=\"modern-footnotes-footnote__note\" tabindex=\"0\" data-mfn=\"1\">\u00dcbersetzung von mir \u2013 Original: \u00bbFermiamo il falso cibo italiano \u2013 Nofake<em>in<\/em>Italy\u00ab<\/span> und \u00bbH\u00e4nde weg vom Made in Italy\u00ab<sup class=\"modern-footnotes-footnote modern-footnotes-footnote--hover-on-desktop \" data-mfn=\"2\" data-mfn-post-scope=\"00000000000007e30000000000000000_99005\"><a href=\"javascript:void(0)\"  role=\"button\" aria-pressed=\"false\" aria-describedby=\"mfn-content-00000000000007e30000000000000000_99005-2\">2<\/a><\/sup><span id=\"mfn-content-00000000000007e30000000000000000_99005-2\" role=\"tooltip\" class=\"modern-footnotes-footnote__note\" tabindex=\"0\" data-mfn=\"2\">\u00dcbersetzung von mir \u2013 Original: \u00bbGi\u00f9 le mani dal Made in Italy\u00ab<\/span> \u00f6ffentlich Lkws inspiziert, die den Brenner Richtung S\u00fcden \u00fcberqueren, also im Grunde Selbst- und Schaujustiz betrieben, die eines Rechtsstaates unw\u00fcrdig ist.<\/p>\n<p>So \u00bbkontrollierte\u00ab Lkws sollen sogar mit einem speziellen Aufkleber der Aktion markiert werden.<\/p>\n<blockquote><p><img loading=\"lazy\" decoding=\"async\" class=\"size-full wp-image-99006 aligncenter\" src=\"https:\/\/www.brennerbasisdemokratie.eu\/wp-content\/uploads\/2026\/04\/coldiretti_brenner2026.jpg\" alt=\"\" width=\"950\" height=\"531\" srcset=\"https:\/\/www.brennerbasisdemokratie.eu\/wp-content\/uploads\/2026\/04\/coldiretti_brenner2026.jpg 950w, https:\/\/www.brennerbasisdemokratie.eu\/wp-content\/uploads\/2026\/04\/coldiretti_brenner2026-768x429.jpg 768w\" sizes=\"auto, (max-width: 950px) 100vw, 950px\" \/><\/p><\/blockquote>\n<p><span style=\"color: #999999;\"><em><small>Quelle: Rai<\/small><\/em><\/span><\/p>\n<p>Dass <em>Coldiretti<\/em> f\u00fcr dieses sich wiederholende, unw\u00fcrdige Spektakel ein Land wie S\u00fcdtirol ausgew\u00e4hlt hat, wo die Staatsgrenze und der Grenzabbau eine ganz besondere Bedeutung haben, macht die Angelegenheit noch einmal kritikw\u00fcrdiger.<\/p>\n<p>Doch anstatt die Vereinnahmung zu verurteilen, beteiligt sich die S\u00fcdtiroler Landesregierung auch noch direkt an dem Theater. So soll Medienberichten zufolge <abbr title=\"Landeshauptmann\/-frau\">LH<\/abbr>-Vize Marco Galateo von den neofaschistischen <em>Fratelli d&#8217;Italia<\/em> gemeinsam mit dem Trentiner LH Maurizio Fugatti <em>(Lega)<\/em> vor Ort gewesen sein, um den Landwirten seine Unterst\u00fctzung zu beweisen.<\/p>\n<p><strong><span style=\"font-family: Helvetica, Arial, sans-serif; text-transform: uppercase;\">C\u00ebla enghe:<\/span><\/strong> <a title=\"Bauerntheater am Brenner.\" href=\"https:\/\/www.brennerbasisdemokratie.eu\/?p=84897\"><span style=\"text-decoration:underline; text-decoration-color:#4372a6; text-decoration-thickness:3px;\"><code>01<\/code><\/span><\/a> <a title=\"Pagliacciata Coldiretti.\" href=\"https:\/\/www.brennerbasisdemokratie.eu\/?p=25204\"><span style=\"text-decoration:underline; text-decoration-color:#4372a6; text-decoration-thickness:3px;\"><code>02<\/code><\/span><\/a> <a title=\"Suprematismo gastronomico.\" href=\"https:\/\/www.brennerbasisdemokratie.eu\/?p=96842\"><code>03<\/code><\/a> <a title=\"Welterbe Canederli.\" href=\"https:\/\/www.brennerbasisdemokratie.eu\/?p=96756\"><code>04<\/code><\/a><\/p>\n<ul class=\"modern-footnotes-list modern-footnotes-list--show-only-for-print\"><li><span>1<\/span><div>\u00dcbersetzung von mir \u2013 Original: \u00bbFermiamo il falso cibo italiano \u2013 Nofake<em>in<\/em>Italy\u00ab<\/div><\/li><li><span>2<\/span><div>\u00dcbersetzung von mir \u2013 Original: \u00bbGi\u00f9 le mani dal Made in Italy\u00ab<\/div><\/li><\/ul>","protected":false},"excerpt":{"rendered":"<p>Sch\u00f6n langsam wird es zu einer \u2014 unangenehmen \u2014 Gewohnheit: Die italienische Bauernlobby platziert sich am Brenner, um mit klar gastronationalistischem Ton an der (angeblichen) \u00bbGrenze der Nation\u00ab gegen Waren aus dem Ausland zu protestieren. Auch jetzt wieder. Gemeinsam mit italienischen Ordnungsh\u00fctern werden dann unter Slogans wie \u00bbStoppen wir das gef\u00e4lschte italienische Essen \u2013 NofakeinItaly\u00ab [&hellip;]<\/p>","protected":false},"author":1,"featured_media":0,"comment_status":"open","ping_status":"open","sticky":false,"template":"","format":"standard","meta":{"_crdt_document":"","ngg_post_thumbnail":0,"_jetpack_memberships_contains_paid_content":false,"footnotes":""},"categories":[1],"tags":[],"class_list":["post-99005","post","type-post","status-publish","format-standard","hentry","category-allgemein","entity-fdi","entity-landesregierung","entity-lega","issue-banalnationalism","issue-italianizzazione","location-italy","location-sudtirolo","location-trentino","language-deutsch","medium-rai","person-marco-galateo","person-maurizio-fugatti","topic-grenzen","topic-landwirtschaft","topic-nationalismus","topic-politik","topic-polizei"],"jetpack_featured_media_url":"","jetpack_sharing_enabled":true,"_links":{"self":[{"href":"https:\/\/www.brennerbasisdemokratie.eu\/index.php?rest_route=\/wp\/v2\/posts\/99005","targetHints":{"allow":["GET"]}}],"collection":[{"href":"https:\/\/www.brennerbasisdemokratie.eu\/index.php?rest_route=\/wp\/v2\/posts"}],"about":[{"href":"https:\/\/www.brennerbasisdemokratie.eu\/index.php?rest_route=\/wp\/v2\/types\/post"}],"author":[{"embeddable":true,"href":"https:\/\/www.brennerbasisdemokratie.eu\/index.php?rest_route=\/wp\/v2\/users\/1"}],"replies":[{"embeddable":true,"href":"https:\/\/www.brennerbasisdemokratie.eu\/index.php?rest_route=%2Fwp%2Fv2%2Fcomments&post=99005"}],"version-history":[{"count":3,"href":"https:\/\/www.brennerbasisdemokratie.eu\/index.php?rest_route=\/wp\/v2\/posts\/99005\/revisions"}],"predecessor-version":[{"id":99009,"href":"https:\/\/www.brennerbasisdemokratie.eu\/index.php?rest_route=\/wp\/v2\/posts\/99005\/revisions\/99009"}],"wp:attachment":[{"href":"https:\/\/www.brennerbasisdemokratie.eu\/index.php?rest_route=%2Fwp%2Fv2%2Fmedia&parent=99005"}],"wp:term":[{"taxonomy":"category","embeddable":true,"href":"https:\/\/www.brennerbasisdemokratie.eu\/index.php?rest_route=%2Fwp%2Fv2%2Fcategories&post=99005"},{"taxonomy":"post_tag","embeddable":true,"href":"https:\/\/www.brennerbasisdemokratie.eu\/index.php?rest_route=%2Fwp%2Fv2%2Ftags&post=99005"}],"curies":[{"name":"wp","href":"https:\/\/api.w.org\/{rel}","templated":true}]}}