{"id":99014,"date":"2026-04-27T21:11:43","date_gmt":"2026-04-27T19:11:43","guid":{"rendered":"https:\/\/www.brennerbasisdemokratie.eu\/?p=99014"},"modified":"2026-04-27T21:11:43","modified_gmt":"2026-04-27T19:11:43","slug":"minderheitenrechte-durfen-nicht-vom-politischen-klima-abhangen","status":"publish","type":"post","link":"https:\/\/www.brennerbasisdemokratie.eu\/?p=99014","title":{"rendered":"\u203aMinderheitenrechte d\u00fcrfen nicht vom politischen Klima abh\u00e4ngen.\u2039"},"content":{"rendered":"<!-- Snippets by WebberZone Snippetz --><div class=\"ata_snippets\"><hr style=\"height: 20px; border: none; margin-top: 0em; background-color: darkred;\"\/><\/div><p><strong><abbr title=\"F\u00f6deralistische Union Europ\u00e4ischer Nationalit\u00e4ten\">FUEN<\/abbr>-Pr\u00e4sidentin Olivia Schubert in S\u00fcdtirol auf der Suche nach Solidarit\u00e4t und Unterst\u00fctzung<\/strong><\/p>\n<p>FUEN-Pr\u00e4sidentin Schubert war Gast der Versammlung des <em><a href=\"https:\/\/www.svi-bz.org\/de\/home\/\">S\u00fcdtiroler Volksgruppen-Instituts<\/a><\/em> (SVI). Ein Gastspiel. Das Institut \u00bbbegleitete\u00ab in der Vergangenheit das politische Lobbying der FUEN f\u00fcr europaweite Minderheitenrechte. Der ehemalige langj\u00e4hrige Leiter des Instituts, Professor Christoph Pan, war auch Vorsitzender der FUEN.<\/p>\n<p>Die Verbindungen sind also eng, Institutsleiter Paul Videsott beschreibt das SVI gar als den <a href=\"https:\/\/gfbv-voices.org\/2026\/03\/suedtirol-eu-wissenschaft-als-polit-instrument\/\">wissenschaftlichen Arm der FUEN.<\/a> So arbeitete das SVI bei den <em>Europarats<\/em>-Dokumenten Rahmenkonvention zum Schutz nationaler Minderheiten und Sprachencharta mit.<\/p>\n<p>Schubert war also zu Gast bei engen Freunden. In ihrem Vortrag griff sie die politische Gro\u00dfwetterlage auf, den russischen Krieg in der Ukraine, den US-amerikanisch-israelischen Krieg gegen den Iran, die damit ausgel\u00f6ste wirtschaftliche Krise. Sie hofft, sagte sie, \u00bbdass das geopolitische Umfeld nicht noch schlechter wird und keine weiteren Krisen zu den vielen bereits schwelenden dazukommen.\u00ab<\/p>\n<p>Diese Krisen und Kriege wirken sich n\u00e4mlich <a href=\"https:\/\/fuen.org\/de\/article\/Minderheitenrechte-duerfen-nicht-vom-politischen-Klima-abhaengen\">negativ auf Minderheiten<\/a> aus, warnte Schubert: \u00bbIn Krisenzeiten neigen Politiker stark dazu, Minderheitenfragen unter Sicherheitsaspekten in den Fokus zu nehmen, weniger als grundlegende Menschenrechtsfrage. In solchen Zeiten werden oft auch Sprachenrechte im Namen der nationalen Einheit infrage gestellt.\u00ab Eine unmissverst\u00e4ndliche Analyse.<\/p>\n<h6>FUEN sucht Hilfe bei der UNO<\/h6>\n<p>Eine einheitliche Antwort darauf sei notwendig, sagte Schubert.<\/p>\n<p>Sie forderte, dass die EU-Kommission eine institutionelle Ansprechstelle f\u00fcr die nationalen Minderheiten einrichtet. Daran dr\u00fcckte sich die EU bisher erfolgreich vorbei. Da die EU z\u00f6gert, sich mit Minderheitenfragen zu befassen, m\u00fcssen die Minderheiten Europas bei der Schaffung und St\u00e4rkung rechtlicher Schutzmechanismen verst\u00e4rkt mit den <em>Vereinten Nationen<\/em> und dem <em>Europarat<\/em> zusammenarbeiten, ist Schubert \u00fcberzeugt. In diesem Sinne traf sie vor einigen Wochen <a href=\"https:\/\/fuen.org\/de\/article\/FUEN-fordert-UN-Sonderberichterstatter-auf-sich-fuer-einen-kohaerenten-EU-Rahmen-zum-Schutz-von-Minderheiten-einzusetzen\">den UN-Sonderbeauftragten Nicolas Levrat.<\/a><\/p>\n<p>Schubert-Vorg\u00e4nger <a href=\"https:\/\/www.eurac.edu\/en\/blogs\/midas\/lorant-vincze-leads-the-ep-minority-intergroup\">L\u00f3r\u00e1nt Vincze<\/a> schaffte es im Zusammenspiel auch mit Ungarn, die von der <em>Europ\u00e4ischen Akademie<\/em> in Bozen in ihren Grundz\u00fcgen entworfene <a href=\"https:\/\/minority-safepack.eu\/\"><em>Minority-SafePack-<\/em>Initiative<\/a> zu einer der erfolgreichsten europ\u00e4ischen B\u00fcrgerinitiativen zu pushen. Vincze, Angeh\u00f6riger der starken und selbstbewussten ungarischen Minderheit im rum\u00e4nischen Siebenb\u00fcrgen, wurde aber auch vorgeworfen, \u00fcberm\u00e4\u00dfig die N\u00e4he zum inzwischen abgew\u00e4hlten illiberalen ungarischen Ministerpr\u00e4sidenten Orb\u00e1n gesucht zu haben.<\/p>\n<p>Obwohl die FUEN-Minderheiteninitiative erfolgreich war, erkl\u00e4rte sich die EU-Kommission als Kartell der Nationalstaaten f\u00fcr nicht zust\u00e4ndig. Die mehr als eine Million Unterschriften scherten die Kommission nicht. Eine doch undiplomatische Ohrfeige.<\/p>\n<p>Als einen \u00bbR\u00fcckschlag\u00ab bezeichnete Schubert, Angeh\u00f6rige der deutschen Minderheit Ungarns, das Ausbremsen der Initiative. Schubert betonte: kein Niederschlag, kein Scheitern, sondern ein R\u00fcckschlag. Darin sind die kulturellen, sprachlichen und nationalen Minderheiten seit langer Zeit ge\u00fcbt.<\/p>\n<p>\u00bbDie Entscheidung der Kommission kann das Netzwerk der Solidarit\u00e4t, das wir aufgebaut haben, nicht ausl\u00f6schen\u00ab, begr\u00fcndete Pr\u00e4sidentin Schubert ihre Einsch\u00e4tzung, die Initiative st\u00e4rkte untereinander die vielf\u00e4ltigen Beziehungen. Die in der Initiative formulierten <a href=\"https:\/\/fuen.org\/assets\/upload\/editor\/docs\/doc_LQDH2TGI_FUEN_report_2025_DE.pdf\">Ziele und Ma\u00dfnahmen<\/a> werden weiterhin verfolgt. Inzwischen auch niedergeschrieben im <em>\u00bbMinderheiten-Manifest f\u00fcr die Zukunft\u00ab,<\/em> ein Dokument, das von mehreren minderheitlichen NGO mitgetragen wird.<\/p>\n<h6>S\u00fcdtirol f\u00fcr Minderheiten in Europa?<\/h6>\n<p>Auch deshalb war Olivia Schubert in S\u00fcdtirol, sie hofft auf die S\u00fcdtiroler Unterst\u00fctzung. Immerhin mobilisierte auch die <a href=\"https:\/\/www.svp.eu\/de\/minority-safepack-hier-online-unterschreiben--1-703.html\"><em>S\u00fcdtiroler Volkspartei<\/em> ihre Mitglieder und W\u00e4hlenden f\u00fcr die B\u00fcrgerinitiative der FUEN.<\/a> SVP-Politiker:innen engagierten und engagieren sich f\u00fcr den europ\u00e4ischen Minderheitendachverband als Pr\u00e4sidenten, Vize und Pr\u00e4sidiumsmitglieder.<\/p>\n<p>Schubert nannte namentlich den langj\u00e4hrigen Institutsleiter <a href=\"https:\/\/www.svi-bz.org\/uploads\/tx_bh\/1029\/festschrift_50_jahre_svi.pdf\">Christoph Pan.<\/a> Er brachte beispielsweise nach der Wende 1989\/90 beim Aufbau der <a href=\"https:\/\/ldu.hu\/\">Landesselbstverwaltung der Ungarndeutschen<\/a>, der Donauschwaben, sein Wissen und seine Erfahrungen ein.<\/p>\n<p>Das <em>S\u00fcdtiroler Volksgruppen-Institut<\/em> versorgt die minderheitlichen Aktivist:innen auch mit theoretischen \u00bbInstrumenten\u00ab, mit der wissenschaftlichen Zeitschrift <a href=\"https:\/\/www.steiner-verlag.de\/brand\/Europaeisches-Journal-fuer-Minderheitenfragen\"><em>Europ\u00e4isches Journal f\u00fcr Minderheitenfragen<\/em><\/a> (EJM). Das SVI organisiert den Erfahrungsaustausch und forscht in Volksgruppen- und Autonomiefragen.<\/p>\n<p>Gespr\u00e4che f\u00fchrte die FUEN-Pr\u00e4sidentin auch mit den Wissenschaftler:innen der <em>Europ\u00e4ischen Akademie,<\/em> die mit drei Instituten auch die Themen <a href=\"https:\/\/www.eurac.edu\/en\/institutes-centers\/institute-for-minority-rights\">Minderheitenrechte<\/a>, <a href=\"https:\/\/www.eurac.edu\/en\/institutes-centers\/center-for-autonomy-experience\">Autonomie<\/a> und <a href=\"https:\/\/www.eurac.edu\/en\/institutes-centers\/institute-for-comparative-federalism\">F\u00f6deralismus<\/a> bearbeitet.<\/p>\n<p>Man k\u00f6nnte meinen, Schubert sei mit ihren Anliegen in S\u00fcdtirol gut aufgehoben. \u00dcber weite Strecken trifft dies auch zu. So finanziert das <a href=\"https:\/\/landesregierung.provinz.bz.it\/de\/news\/land-erneuert-programmabkommen-mit-eurac-research\">Land die Arbeit der <em>Eurac<\/em><\/a> satt (die Grundfinanzierung f\u00fcr den Zeitraum 2025\/27 betr\u00e4gt mehr als 93 Millionen Euro) und auch das <em>Volksgruppen-Institut,<\/em> aber eher d\u00fcrftig, es sollen nur 35.000 Euro sein. Noch \u00fcberschaubarer ist die Unterst\u00fctzung der FUEN durch das Land, 15.000 Euro. Bei einem Haushalt, der fast schon die Marke von zehn Milliarden Euro erreicht. Die Region steuert weitere 35.000 Euro bei. <a href=\"https:\/\/gfbv-voices.org\/2025\/12\/knausrige-solidaritaet\/\">Eine doch d\u00fcnne finanzielle Solidarit\u00e4t.<\/a><\/p>\n<p>F\u00fcr die Einfahrt in das S\u00fcdtiroler Olympiatal Antholz sponserte das Land die Installationen von <em>\u00bbOlympia-Steinen\u00ab,<\/em> Kostenpunkt eine halbe Million Euro. Dem K\u00fcnstler sei es geg\u00f6nnt. Aber: das sagt doch viel \u00fcber Priorit\u00e4ten aus.<\/p>\n<p><strong><span style=\"font-family: Helvetica, Arial, sans-serif; text-transform: uppercase;\">C\u00ebla enghe:<\/span><\/strong><\/p>\n<ul>\n<li><em><a href=\"https:\/\/biblioscout.net\/de\/journal\/ejm\">Europ\u00e4isches Journal f\u00fcr Minderheitenfragen<\/a><\/em><\/li>\n<li><em><a href=\"https:\/\/npld.eu\/\">Network to Promote Linguistic Diversity<\/a><\/em><\/li>\n<li><em><a href=\"https:\/\/elen.ngo\/\">European Language Equality Network<\/a><\/em><\/li>\n<li><em><a href=\"https:\/\/www.tomlantosinstitute.hu\/\">Tom Lantos Institute<\/a><\/em><\/li>\n<li><a href=\"https:\/\/coppietersfoundation.eu\/\"><em>Coppieters Foundation<\/em><\/a><\/li>\n<\/ul>\n<!-- Snippets by WebberZone Snippetz --><div class=\"ata_snippets\"><hr style=\"height: 10px;border: none;margin-top: 0px;background-color: darkred\" \/>\r\n\r\n<div style=\"background-color: none;padding: 0px;font-size: 14px;font-family: Helvetica,Arial;margin: 10px 0px 0px 0px\"><span style=\"color: darkred\"><strong><small>Autor:innen- und Gastbeitr\u00e4ge widerspiegeln nicht notwendigerweise die Meinung oder die Position von BBD, so wie die jeweiligen Verfasser:innen nicht notwendigerweise die Ziele von BBD unterst\u00fctzen.<\/small><\/strong><small>\u00b7 I contributi esterni non necessariamente riflettono le opinioni o la posizione di BBD, come a loro volta le autrici\/gli autori non necessariamente condividono gli obiettivi di BBD. \u2014 <a href=\"http:\/\/www.brennerbasisdemokratie.eu\/?page_id=11356#copyleft\"><strong>\u00a9<\/strong><\/a><\/small><\/span><\/div><\/div>","protected":false},"excerpt":{"rendered":"<p>FUEN-Pr\u00e4sidentin Olivia Schubert in S\u00fcdtirol auf der Suche nach Solidarit\u00e4t und Unterst\u00fctzung FUEN-Pr\u00e4sidentin Schubert war Gast der Versammlung des S\u00fcdtiroler Volksgruppen-Instituts (SVI). Ein Gastspiel. Das Institut \u00bbbegleitete\u00ab in der Vergangenheit das politische Lobbying der FUEN f\u00fcr europaweite Minderheitenrechte. Der ehemalige langj\u00e4hrige Leiter des Instituts, Professor Christoph Pan, war auch Vorsitzender der FUEN. Die Verbindungen sind [&hellip;]<\/p>","protected":false},"author":14,"featured_media":0,"comment_status":"open","ping_status":"open","sticky":false,"template":"","format":"standard","meta":{"_crdt_document":"","ngg_post_thumbnail":0,"_jetpack_memberships_contains_paid_content":false,"footnotes":""},"categories":[751],"tags":[],"class_list":["post-99014","post","type-post","status-publish","format-standard","hentry","category-autorinnen-neu","entity-eu","entity-eurac","entity-europarat","entity-fuen","entity-uno","issue-angriffskrieg-ukraine","issue-charta-der-minderheitensprachen","issue-zitac","location-sudtirolo","location-ungarn","language-deutsch","person-paul-videsott","topic-autonomie","topic-foederalismus","topic-krieg","topic-minderheitenschutz","topic-mitbestimmung","topic-wirtschaft","topic-wissenschaft"],"jetpack_featured_media_url":"","jetpack_sharing_enabled":true,"_links":{"self":[{"href":"https:\/\/www.brennerbasisdemokratie.eu\/index.php?rest_route=\/wp\/v2\/posts\/99014","targetHints":{"allow":["GET"]}}],"collection":[{"href":"https:\/\/www.brennerbasisdemokratie.eu\/index.php?rest_route=\/wp\/v2\/posts"}],"about":[{"href":"https:\/\/www.brennerbasisdemokratie.eu\/index.php?rest_route=\/wp\/v2\/types\/post"}],"author":[{"embeddable":true,"href":"https:\/\/www.brennerbasisdemokratie.eu\/index.php?rest_route=\/wp\/v2\/users\/14"}],"replies":[{"embeddable":true,"href":"https:\/\/www.brennerbasisdemokratie.eu\/index.php?rest_route=%2Fwp%2Fv2%2Fcomments&post=99014"}],"version-history":[{"count":5,"href":"https:\/\/www.brennerbasisdemokratie.eu\/index.php?rest_route=\/wp\/v2\/posts\/99014\/revisions"}],"predecessor-version":[{"id":99019,"href":"https:\/\/www.brennerbasisdemokratie.eu\/index.php?rest_route=\/wp\/v2\/posts\/99014\/revisions\/99019"}],"wp:attachment":[{"href":"https:\/\/www.brennerbasisdemokratie.eu\/index.php?rest_route=%2Fwp%2Fv2%2Fmedia&parent=99014"}],"wp:term":[{"taxonomy":"category","embeddable":true,"href":"https:\/\/www.brennerbasisdemokratie.eu\/index.php?rest_route=%2Fwp%2Fv2%2Fcategories&post=99014"},{"taxonomy":"post_tag","embeddable":true,"href":"https:\/\/www.brennerbasisdemokratie.eu\/index.php?rest_route=%2Fwp%2Fv2%2Ftags&post=99014"}],"curies":[{"name":"wp","href":"https:\/\/api.w.org\/{rel}","templated":true}]}}