{"id":99020,"date":"2026-04-28T09:16:02","date_gmt":"2026-04-28T07:16:02","guid":{"rendered":"https:\/\/www.brennerbasisdemokratie.eu\/?p=99020"},"modified":"2026-04-28T11:00:18","modified_gmt":"2026-04-28T09:00:18","slug":"mussolini-gegen-streichung-der-ehrenburgerschaft","status":"publish","type":"post","link":"https:\/\/www.brennerbasisdemokratie.eu\/?p=99020","title":{"rendered":"Mussolini gegen Streichung der Ehrenb\u00fcrgerschaft."},"content":{"rendered":"<p>Der Regionalrat von Trentino-S\u00fcdtirol <a title=\"Regionalrat verabschiedete antifaschistischen Antrag.\" href=\"https:\/\/www.brennerbasisdemokratie.eu\/?p=98981\">verabschiedet einen antifaschistischen Beschlussantrag<\/a>, der unter anderem die Aberkennung von Ehrenb\u00fcrgerschaften an Benito Mussolini fordert.<\/p>\n<p>Was macht man da als \u00bbseri\u00f6se\u00ab italienische Tageszeitung? Genau: Man fragt \u2014 nat\u00fcrlich ohne jede Distanzierung und kritische Einordnung \u2014 bei der Enkelin des <em>Duce<\/em> nach, ob das sinnvoll ist. Sie muss es ja wissen.<\/p>\n<blockquote><p><img loading=\"lazy\" decoding=\"async\" class=\"size-full wp-image-99021 aligncenter\" src=\"https:\/\/www.brennerbasisdemokratie.eu\/wp-content\/uploads\/2026\/04\/caa-eddamussolini.jpg\" alt=\"\" width=\"900\" height=\"302\" srcset=\"https:\/\/www.brennerbasisdemokratie.eu\/wp-content\/uploads\/2026\/04\/caa-eddamussolini.jpg 900w, https:\/\/www.brennerbasisdemokratie.eu\/wp-content\/uploads\/2026\/04\/caa-eddamussolini-768x258.jpg 768w\" sizes=\"auto, (max-width: 900px) 100vw, 900px\" \/><\/p><\/blockquote>\n<p><small><em>Titelseite Corriere (S\u00fcdtirolbeilage) vom 28. April 2026 \u2013 Ausschnitt<\/em><\/small><\/p>\n<p>Gleich von der Titelseite des heutigen <em>Corriere<\/em> (S\u00fcdtirolausgabe) weg darf sich also Edda Negri Mussolini, die den Nachnamen ihres Gro\u00dfvaters sogar erst 2012 im Erwachsenenalter \u2014 also bewusst \u2014 angenommen hat, <a title=\"Corriere: Edda Negri Mussolini, nipote\u2026\" href=\"https:\/\/corrieredeltrentino.corriere.it\/notizie\/cronaca\/26_aprile_27\/edda-negri-mussolini-nipote-del-duce-mia-mamma-per-questo-cognome-fu-cacciata-dalla-rai-io-me-lo-sono-fatto-aggiungere-anche-se-872c181a-2ec4-4ce6-82ef-1f4032e28xlk.shtml\" target=\"_blank\" rel=\"noopener\">dar\u00fcber auslassen<\/a>, wie \u00fcberfl\u00fcssig und was f\u00fcr eine Zeit- und Geldverschwendung das doch w\u00e4re.<\/p>\n<p>Unwidersprochen schildert sie einer S\u00fcdtiroler Leserinnenschaft auch noch Mitleid heischend die angeblichen Ungerechtigkeiten, die ihrer Familie widerfahren seien sowie die Anfeindungen und Diskriminierungen, die sie mit ihrem Nachnamen \u2014 dem Namen eines der gr\u00f6\u00dften Verbrecher des 20. Jahrhunderts \u2014 zu ertragen habe. \u00dcber das ungleich gr\u00f6\u00dfere Leid, das ihr Gro\u00dfvater \u00fcber Europa und die Welt (und eben auch \u00fcber S\u00fcdtirol) gebracht hat, verliert sie hingegen kein einziges Wort. Im Gegenteil darf sie abschlie\u00dfend noch erkl\u00e4ren, dass der Tag der Befreiung vom Faschismus am 25. April f\u00fcr sie \u00bbnichts anderes\u00ab sei als der Todestag ihrer Mutter im Jahr 1968.<\/p>\n<p>Wie tief kann man als Medium eigentlich noch sinken?<\/p>\n<p>Da der Beschlussantrag auch den Nationalsozialismus und andere Totalitarismen erw\u00e4hnt, d\u00fcrfen wir uns wohl bald auch auf Einsch\u00e4tzungen aus dem famili\u00e4ren Umfeld von Adolf Hitler, Josef Stalin oder Mao Zedong freuen. Ihnen jetzt ebenfalls das Wort zu erteilen, w\u00e4re so wichtig.<\/p>\n<p>\u00dcbrigens: Angst macht Edda Negri Mussolini Italien (s. Titel des Zeitungsartikels) selbstverst\u00e4ndlich nicht wegen des wiederauferstehenden Faschismus, sondern wegen der Gewalt in Filmen, Videospielen und sozialen Medien.<\/p>\n<p><strong><span style=\"font-family: Helvetica, Arial, sans-serif; text-transform: uppercase;\">C\u00ebla enghe:<\/span><\/strong> <a title=\"Aberkennung der Ehrenb\u00fcrgerschaft von Mussolini laut Alpini \u203aideologisch\u2039.\" href=\"https:\/\/www.brennerbasisdemokratie.eu\/?p=98536\"><code>01<\/code><\/a> <a title=\"Mut und Klarheit gegen Faschismus und Rassismus.\" href=\"https:\/\/www.brennerbasisdemokratie.eu\/?p=98601\"><code>02<\/code><\/a> <a title=\"Ausgezeichneter F\u00fchrer.\" href=\"https:\/\/www.brennerbasisdemokratie.eu\/?p=67132\"><code>03<\/code><\/a> <a title=\"Verherrlichung von Mussolini am CONI-Hauptsitz.\" href=\"https:\/\/www.brennerbasisdemokratie.eu\/?p=77594\"><code>04<\/code><\/a> <a title=\"Mussolini ist Ehrenb\u00fcrger der Kulturhauptstadt.\" href=\"https:\/\/www.brennerbasisdemokratie.eu\/?p=89961\"><code>05<\/code><\/a> <a title=\"Le vicissitudini di Etta e Ben a Merano.\" href=\"https:\/\/www.brennerbasisdemokratie.eu\/?p=38448\"><code>06<\/code><\/a> <a title=\"Il Corriere sdogana i fascisti.\" href=\"https:\/\/www.brennerbasisdemokratie.eu\/?p=13751\"><code>07<\/code><\/a><\/p>","protected":false},"excerpt":{"rendered":"<p>Der Regionalrat von Trentino-S\u00fcdtirol verabschiedet einen antifaschistischen Beschlussantrag, der unter anderem die Aberkennung von Ehrenb\u00fcrgerschaften an Benito Mussolini fordert. Was macht man da als \u00bbseri\u00f6se\u00ab italienische Tageszeitung? Genau: Man fragt \u2014 nat\u00fcrlich ohne jede Distanzierung und kritische Einordnung \u2014 bei der Enkelin des Duce nach, ob das sinnvoll ist. Sie muss es ja wissen. Titelseite [&hellip;]<\/p>","protected":false},"author":1,"featured_media":0,"comment_status":"open","ping_status":"open","sticky":false,"template":"","format":"standard","meta":{"_crdt_document":"","ngg_post_thumbnail":0,"_jetpack_memberships_contains_paid_content":false,"footnotes":""},"categories":[1],"tags":[],"class_list":["post-99020","post","type-post","status-publish","format-standard","hentry","category-allgemein","entity-region-sudtirol-trentino","issue-geschichtsaufarbeitung","issue-medienkritik","location-italy","location-sudtirolo","location-trentino","language-deutsch","medium-corriere","person-benito-mussolini","topic-faschismen","topic-geschichte","topic-medien","topic-politik"],"jetpack_featured_media_url":"","jetpack_sharing_enabled":true,"_links":{"self":[{"href":"https:\/\/www.brennerbasisdemokratie.eu\/index.php?rest_route=\/wp\/v2\/posts\/99020","targetHints":{"allow":["GET"]}}],"collection":[{"href":"https:\/\/www.brennerbasisdemokratie.eu\/index.php?rest_route=\/wp\/v2\/posts"}],"about":[{"href":"https:\/\/www.brennerbasisdemokratie.eu\/index.php?rest_route=\/wp\/v2\/types\/post"}],"author":[{"embeddable":true,"href":"https:\/\/www.brennerbasisdemokratie.eu\/index.php?rest_route=\/wp\/v2\/users\/1"}],"replies":[{"embeddable":true,"href":"https:\/\/www.brennerbasisdemokratie.eu\/index.php?rest_route=%2Fwp%2Fv2%2Fcomments&post=99020"}],"version-history":[{"count":5,"href":"https:\/\/www.brennerbasisdemokratie.eu\/index.php?rest_route=\/wp\/v2\/posts\/99020\/revisions"}],"predecessor-version":[{"id":99031,"href":"https:\/\/www.brennerbasisdemokratie.eu\/index.php?rest_route=\/wp\/v2\/posts\/99020\/revisions\/99031"}],"wp:attachment":[{"href":"https:\/\/www.brennerbasisdemokratie.eu\/index.php?rest_route=%2Fwp%2Fv2%2Fmedia&parent=99020"}],"wp:term":[{"taxonomy":"category","embeddable":true,"href":"https:\/\/www.brennerbasisdemokratie.eu\/index.php?rest_route=%2Fwp%2Fv2%2Fcategories&post=99020"},{"taxonomy":"post_tag","embeddable":true,"href":"https:\/\/www.brennerbasisdemokratie.eu\/index.php?rest_route=%2Fwp%2Fv2%2Ftags&post=99020"}],"curies":[{"name":"wp","href":"https:\/\/api.w.org\/{rel}","templated":true}]}}